{"id":38165,"date":"2026-03-13T12:58:16","date_gmt":"2026-03-13T15:58:16","guid":{"rendered":"https:\/\/lametro989.com\/?p=38165"},"modified":"2026-03-13T12:58:16","modified_gmt":"2026-03-13T15:58:16","slug":"citaron-a-declarar-al-presidente-de-la-bolsa-de-comercio-del-chaco","status":"publish","type":"post","link":"https:\/\/lametro989.com\/?p=38165","title":{"rendered":"Citaron a declarar al presidente de la Bolsa de Comercio del Chaco"},"content":{"rendered":"\n<p>La citaci\u00f3n fue dispuesta por la Fiscal\u00eda N\u00b01 en el marco de una investigaci\u00f3n iniciada tras una denuncia presentada por la propia instituci\u00f3n.<\/p>\n\n\n\n<figure class=\"wp-block-image size-full\"><img loading=\"lazy\" decoding=\"async\" width=\"850\" height=\"481\" src=\"https:\/\/lametro989.com\/wp-content\/uploads\/2026\/03\/image-119.png\" alt=\"\" class=\"wp-image-38166\" srcset=\"https:\/\/lametro989.com\/wp-content\/uploads\/2026\/03\/image-119.png 850w, https:\/\/lametro989.com\/wp-content\/uploads\/2026\/03\/image-119-300x170.png 300w, https:\/\/lametro989.com\/wp-content\/uploads\/2026\/03\/image-119-768x435.png 768w\" sizes=\"auto, (max-width: 850px) 100vw, 850px\" \/><\/figure>\n\n\n\n<p>El presidente de la&nbsp;<strong>Bolsa de Comercio del Chaco, Esteban Fossati<\/strong>,&nbsp;fue citado a prestar declaraci\u00f3n testimonial el pr\u00f3ximo mi\u00e9rcoles 18 en el marco de la investigaci\u00f3n judicial&nbsp;iniciada tras una denuncia presentada por la propia instituci\u00f3n.<\/p>\n\n\n\n<p>La informaci\u00f3n fue confirmada a&nbsp;Diario TAG&nbsp;por&nbsp;<strong>Ricardo Urturi,<\/strong>&nbsp;abogado de la comisi\u00f3n directiva de la entidad,&nbsp;<strong>quien explic\u00f3 que la causa se origin\u00f3 a partir de la primera denuncia formal realizada por la Bolsa durante los primeros d\u00edas de febrero.<\/strong><\/p>\n\n\n\n<p>Posteriormente, el expediente qued\u00f3 bajo la \u00f3rbita de la Fiscal\u00eda N\u00b01, a cargo de la fiscal \u00cdngrid Wenner, quien dispuso como una de las primeras medidas convocar a Fossati para brindar su testimonio.<\/p>\n\n\n\n<p>Seg\u00fan detall\u00f3 Urturi,&nbsp;<strong>la audiencia fijada para el mi\u00e9rcoles tiene car\u00e1cter testimonial, por lo que el presidente de la instituci\u00f3n ser\u00e1 escuchado en calidad de testigo dentro de la causa.<\/strong><\/p>\n\n\n\n<p>En paralelo, el letrado tambi\u00e9n se refiri\u00f3 a la situaci\u00f3n judicial vinculada a un embargo dispuesto contra la Bolsa, sobre el cual el abogado Gabardini present\u00f3 un recurso de revocatoria y adem\u00e1s un recurso de casaci\u00f3n ante el&nbsp;<strong>Superior Tribunal de Justicia.<\/strong><\/p>\n\n\n\n<p>De esta manera, la causa contin\u00faa su curso con distintas medidas judiciales mientras se espera la declaraci\u00f3n prevista para la pr\u00f3xima semana.<\/p>\n","protected":false},"excerpt":{"rendered":"<p>La citaci\u00f3n fue dispuesta por la Fiscal\u00eda N\u00b01 en el marco de una investigaci\u00f3n iniciada tras una denuncia presentada por la propia instituci\u00f3n. El presidente&hellip; <\/p>\n","protected":false},"author":2,"featured_media":38166,"comment_status":"open","ping_status":"open","sticky":false,"template":"","format":"standard","meta":{"footnotes":""},"categories":[9,2],"tags":[],"class_list":["post-38165","post","type-post","status-publish","format-standard","has-post-thumbnail","hentry","category-destacadas","category-provinciales"],"_links":{"self":[{"href":"https:\/\/lametro989.com\/index.php?rest_route=\/wp\/v2\/posts\/38165","targetHints":{"allow":["GET"]}}],"collection":[{"href":"https:\/\/lametro989.com\/index.php?rest_route=\/wp\/v2\/posts"}],"about":[{"href":"https:\/\/lametro989.com\/index.php?rest_route=\/wp\/v2\/types\/post"}],"author":[{"embeddable":true,"href":"https:\/\/lametro989.com\/index.php?rest_route=\/wp\/v2\/users\/2"}],"replies":[{"embeddable":true,"href":"https:\/\/lametro989.com\/index.php?rest_route=%2Fwp%2Fv2%2Fcomments&post=38165"}],"version-history":[{"count":1,"href":"https:\/\/lametro989.com\/index.php?rest_route=\/wp\/v2\/posts\/38165\/revisions"}],"predecessor-version":[{"id":38167,"href":"https:\/\/lametro989.com\/index.php?rest_route=\/wp\/v2\/posts\/38165\/revisions\/38167"}],"wp:featuredmedia":[{"embeddable":true,"href":"https:\/\/lametro989.com\/index.php?rest_route=\/wp\/v2\/media\/38166"}],"wp:attachment":[{"href":"https:\/\/lametro989.com\/index.php?rest_route=%2Fwp%2Fv2%2Fmedia&parent=38165"}],"wp:term":[{"taxonomy":"category","embeddable":true,"href":"https:\/\/lametro989.com\/index.php?rest_route=%2Fwp%2Fv2%2Fcategories&post=38165"},{"taxonomy":"post_tag","embeddable":true,"href":"https:\/\/lametro989.com\/index.php?rest_route=%2Fwp%2Fv2%2Ftags&post=38165"}],"curies":[{"name":"wp","href":"https:\/\/api.w.org\/{rel}","templated":true}]}}