{"id":38168,"date":"2026-03-13T13:01:15","date_gmt":"2026-03-13T16:01:15","guid":{"rendered":"https:\/\/lametro989.com\/?p=38168"},"modified":"2026-03-13T13:01:15","modified_gmt":"2026-03-13T16:01:15","slug":"la-seleccion-de-iran-pidio-a-fifa-expulsar-a-estados-unidos-nadie-puede-sacarnos","status":"publish","type":"post","link":"https:\/\/lametro989.com\/?p=38168","title":{"rendered":"La Selecci\u00f3n de Ir\u00e1n pidi\u00f3 a FIFA expulsar a Estados Unidos: &#8220;Nadie puede sacarnos&#8221;"},"content":{"rendered":"\n<p>Mientras crece la tensi\u00f3n pol\u00edtica, el equipo asegur\u00f3 que no piensa renunciar a la Copa del Mundo y traslad\u00f3 la responsabilidad al organismo que conduce Gianni Infantino.<\/p>\n\n\n\n<figure class=\"wp-block-image size-full\"><img loading=\"lazy\" decoding=\"async\" width=\"610\" height=\"407\" src=\"https:\/\/lametro989.com\/wp-content\/uploads\/2026\/03\/image-120.png\" alt=\"\" class=\"wp-image-38169\" srcset=\"https:\/\/lametro989.com\/wp-content\/uploads\/2026\/03\/image-120.png 610w, https:\/\/lametro989.com\/wp-content\/uploads\/2026\/03\/image-120-300x200.png 300w\" sizes=\"auto, (max-width: 610px) 100vw, 610px\" \/><\/figure>\n\n\n\n<p>La participaci\u00f3n de&nbsp;<strong>Ir\u00e1n<\/strong>&nbsp;en el&nbsp;<strong>Mundial 2026<\/strong>&nbsp;se transform\u00f3 en uno de los temas m\u00e1s sensibles del escenario futbol\u00edstico internacional. En medio de una fuerte escalada pol\u00edtica y militar entre su pa\u00eds y&nbsp;<strong>Estados Unidos,<\/strong>&nbsp;desde la propia selecci\u00f3n iran\u00ed dejaron en claro que no tienen intenci\u00f3n de renunciar al torneo y reclamaron a la&nbsp;<strong>FIFA<\/strong>&nbsp;que intervenga ante la situaci\u00f3n.<\/p>\n\n\n\n<p>El conflicto se intensific\u00f3 despu\u00e9s de que el ministro de\u00a0<strong>Deportes de Ir\u00e1n<\/strong>\u00a0insinuara que no estaban dadas las condiciones para que el equipo participara del certamen que tendr\u00e1 como principal anfitri\u00f3n a Estados Unidos, sede que compartir\u00e1 con M\u00e9xico y Canad\u00e1. El contexto pol\u00edtico se agrav\u00f3 tras los recientes ataques militares que afectaron al territorio iran\u00ed y que provocaron\u00a0<strong>la muerte de su l\u00edder supremo, Ali Jamenei<\/strong>, en un bombardeo ocurrido hace dos semanas. En una entrevista con&nbsp;<em>IribNews<\/em>&nbsp;hab\u00eda se\u00f1alado:&nbsp;\u201cDado que este gobierno corrupto ha asesinado a nuestro l\u00edder, no est\u00e1n dadas las condiciones para que podamos participar de la Copa del Mundo en vista de las medidas maliciosas tomadas contra Ir\u00e1n y que se nos han impuesto dos guerras en ocho o nueve meses y varios miles de nuestros ciudadanos han sido asesinados. Definitivamente, no tenemos ninguna posibilidad de participar de esta manera\u201d.<\/p>\n\n\n\n<figure class=\"wp-block-image\" id=\"8161690-Libre-665920734_wrap\"><img decoding=\"async\" src=\"https:\/\/media.minutouno.com\/p\/c87666647ded59e8cef42d47cf85191d\/adjuntos\/150\/imagenes\/043\/007\/0043007042\/trump-infantino-sorteo.jpg\" alt=\"\" title=\"\"\/><\/figure>\n\n\n\n<p>A esa situaci\u00f3n se sumaron las declaraciones del presidente estadounidense&nbsp;<strong>Donald Trump,<\/strong>&nbsp;quien utiliz\u00f3 su red social&nbsp;<em>Truth Social<\/em>&nbsp;para referirse al posible escenario que involucrar\u00eda a la selecci\u00f3n asi\u00e1tica. El mandatario expres\u00f3 que no consideraba conveniente que el equipo viajara a disputar la competencia.&nbsp;\u201cLa selecci\u00f3n de f\u00fatbol nacional de Ir\u00e1n es bienvenida a la Copa del Mundo, pero realmente no creo que sea apropiado que est\u00e9n all\u00ed, por su propia vida y seguridad. Gracias por su atenci\u00f3n en este asunto\u201d.<\/p>\n\n\n\n<p>Las palabras del presidente generaron una fuerte reacci\u00f3n dentro del entorno del seleccionado iran\u00ed, donde interpretaron el mensaje como una advertencia directa. Frente a ese escenario, la federaci\u00f3n y el propio plantel decidieron pronunciarse p\u00fablicamente mediante un comunicado difundido en redes sociales, dirigido directamente a la FIFA.<\/p>\n\n\n\n<figure class=\"wp-block-image\" id=\"8197764-Libre-2096523794_wrap\"><img decoding=\"async\" src=\"https:\/\/media.minutouno.com\/p\/aebb1d39254c468d5fa3c4d368202004\/adjuntos\/150\/imagenes\/043\/225\/0043225260\/610x0\/smart\/iran-se-baja-del-mundial-2026-un-durisimo-comunicado-los-motivos-y-que-seleccion-podria-reemplazarlo.jpg\" alt=\"Ir\u00e1n se baja del Mundial 2026 con un dur\u00edsimo comunicado: los motivos y qu\u00e9 selecci\u00f3n podr\u00eda reemplazarlo\" title=\"Ir\u00e1n se baja del Mundial 2026 con un dur\u00edsimo comunicado: los motivos y qu\u00e9 selecci\u00f3n podr\u00eda reemplazarlo\"\/><figcaption class=\"wp-element-caption\">Ir\u00e1n se baja del Mundial 2026 con un dur\u00edsimo comunicado: los motivos y qu\u00e9 selecci\u00f3n podr\u00eda reemplazarlo<\/figcaption><\/figure>\n\n\n\n<h2 class=\"wp-block-heading\">La respuesta de la Selecci\u00f3n de Ir\u00e1n a Donald Trump y Estados Unidos<\/h2>\n\n\n\n<p>En ese mensaje, el seleccionado iran\u00ed defendi\u00f3 su derecho a disputar el torneo tras haber conseguido la clasificaci\u00f3n en el campo de juego:&nbsp;\u201cLa Copa del Mundo es un evento hist\u00f3rico e internacional y su organizador es FIFA, no un pa\u00eds en particular. La Selecci\u00f3n de Ir\u00e1n se clasific\u00f3 para este evento con autoridad y una seguidilla de victorias consecutivas, convirti\u00e9ndose en uno de los primeros equipos en lograrlo. Sin dudas, nadie puede sacar de la competencia a la Selecci\u00f3n de Ir\u00e1n\u201d.<\/p>\n\n\n\n<p>El comunicado tambi\u00e9n incluy\u00f3 una cr\u00edtica directa hacia el pa\u00eds organizador del torneo:&nbsp;<strong>\u201cM\u00e1s bien, el pa\u00eds que deber\u00eda ser excluido es el que simplemente ostenta el t\u00edtulo de anfitri\u00f3n, pero no tiene la capacidad de garantizar la seguridad (en palabras del propio Trump) de los equipos que participan en este evento\u201d.<\/strong><\/p>\n\n\n\n<figure class=\"wp-block-image\" id=\"8199013-Libre-1054698745_wrap\"><img decoding=\"async\" src=\"https:\/\/media.minutouno.com\/p\/493de953d8670b8e5f85e094dc4c15ed\/adjuntos\/150\/imagenes\/043\/232\/0043232939\/610x0\/smart\/image.png\" alt=\"\" title=\"\"\/><\/figure>\n\n\n\n<p>Mientras tanto, la FIFA todav\u00eda no recibi\u00f3 ninguna notificaci\u00f3n oficial sobre una posible baja del seleccionado iran\u00ed. De hecho, dentro de la estructura institucional del f\u00fatbol de ese pa\u00eds la decisi\u00f3n no depende del ministro de Deportes, sino de la Federaci\u00f3n de F\u00fatbol, que hasta el momento no manifest\u00f3 la intenci\u00f3n de retirarse del certamen.<\/p>\n\n\n\n<p>En lo estrictamente deportivo, Ir\u00e1n ya tiene definido su camino en la fase de grupos del Mundial 2026. El equipo fue ubicado en el Grupo G junto a Nueva Zelanda, Egipto y B\u00e9lgica. Su debut est\u00e1 previsto para el lunes 15 de junio en el SoFi Stadium de Los \u00c1ngeles, donde enfrentar\u00e1 al conjunto oce\u00e1nico.<\/p>\n","protected":false},"excerpt":{"rendered":"<p>Mientras crece la tensi\u00f3n pol\u00edtica, el equipo asegur\u00f3 que no piensa renunciar a la Copa del Mundo y traslad\u00f3 la responsabilidad al organismo que conduce&hellip; <\/p>\n","protected":false},"author":2,"featured_media":38169,"comment_status":"open","ping_status":"open","sticky":false,"template":"","format":"standard","meta":{"footnotes":""},"categories":[10,9],"tags":[],"class_list":["post-38168","post","type-post","status-publish","format-standard","has-post-thumbnail","hentry","category-deportes","category-destacadas"],"_links":{"self":[{"href":"https:\/\/lametro989.com\/index.php?rest_route=\/wp\/v2\/posts\/38168","targetHints":{"allow":["GET"]}}],"collection":[{"href":"https:\/\/lametro989.com\/index.php?rest_route=\/wp\/v2\/posts"}],"about":[{"href":"https:\/\/lametro989.com\/index.php?rest_route=\/wp\/v2\/types\/post"}],"author":[{"embeddable":true,"href":"https:\/\/lametro989.com\/index.php?rest_route=\/wp\/v2\/users\/2"}],"replies":[{"embeddable":true,"href":"https:\/\/lametro989.com\/index.php?rest_route=%2Fwp%2Fv2%2Fcomments&post=38168"}],"version-history":[{"count":1,"href":"https:\/\/lametro989.com\/index.php?rest_route=\/wp\/v2\/posts\/38168\/revisions"}],"predecessor-version":[{"id":38170,"href":"https:\/\/lametro989.com\/index.php?rest_route=\/wp\/v2\/posts\/38168\/revisions\/38170"}],"wp:featuredmedia":[{"embeddable":true,"href":"https:\/\/lametro989.com\/index.php?rest_route=\/wp\/v2\/media\/38169"}],"wp:attachment":[{"href":"https:\/\/lametro989.com\/index.php?rest_route=%2Fwp%2Fv2%2Fmedia&parent=38168"}],"wp:term":[{"taxonomy":"category","embeddable":true,"href":"https:\/\/lametro989.com\/index.php?rest_route=%2Fwp%2Fv2%2Fcategories&post=38168"},{"taxonomy":"post_tag","embeddable":true,"href":"https:\/\/lametro989.com\/index.php?rest_route=%2Fwp%2Fv2%2Ftags&post=38168"}],"curies":[{"name":"wp","href":"https:\/\/api.w.org\/{rel}","templated":true}]}}