{"id":38171,"date":"2026-03-13T13:03:33","date_gmt":"2026-03-13T16:03:33","guid":{"rendered":"https:\/\/lametro989.com\/?p=38171"},"modified":"2026-03-13T13:03:33","modified_gmt":"2026-03-13T16:03:33","slug":"el-gobierno-dio-de-baja-otras-10-prepagas-cuales-son-y-que-pasara-con-sus-afiliados","status":"publish","type":"post","link":"https:\/\/lametro989.com\/?p=38171","title":{"rendered":"El Gobierno dio de baja otras 10 prepagas: cu\u00e1les son y qu\u00e9 pasar\u00e1 con sus afiliados"},"content":{"rendered":"\n<p>Desde el inicio de la gesti\u00f3n de Javier Milei ya se dieron de baja 160 prepagas que no cumpl\u00edan con los requisitos para operar o no registraban actividad.<\/p>\n\n\n\n<figure class=\"wp-block-image size-full\"><img loading=\"lazy\" decoding=\"async\" width=\"610\" height=\"457\" src=\"https:\/\/lametro989.com\/wp-content\/uploads\/2026\/03\/image-121.png\" alt=\"\" class=\"wp-image-38172\" srcset=\"https:\/\/lametro989.com\/wp-content\/uploads\/2026\/03\/image-121.png 610w, https:\/\/lametro989.com\/wp-content\/uploads\/2026\/03\/image-121-300x225.png 300w\" sizes=\"auto, (max-width: 610px) 100vw, 610px\" \/><\/figure>\n\n\n\n<p>El gobierno de\u00a0<strong>Javier Milei resolvi\u00f3 dar de baja este viernes a otras diez prepagas\u00a0<\/strong>que figuraban inscriptas en el registro oficial pero\u00a0no cumpl\u00edan con los requisitos exigidos para operar. De esta manera ya son 160 las empresas de medicina privada que dejaron de existir en los \u00faltimo dos a\u00f1os. As\u00ed qued\u00f3 plasmado en un edicto de la Superintendencia de Servicios de Salid (SSS) publicado hoy en el Bolet\u00edn Oficial. Seg\u00fan informaron desde la SSS,&nbsp;la medida forma parte de un proceso de revisi\u00f3n del padr\u00f3n de prestadores con el objetivo de ordenar el sistema y garantizar que las entidades habilitadas cuenten con respaldo operativo y administrativo. Las auditor\u00edas detectaron que varias de las firmas no ten\u00edan afiliados, no prestaban servicios o no hab\u00edan presentado la documentaci\u00f3n obligatoria.<\/p>\n\n\n\n<figure class=\"wp-block-image\" id=\"8125228-Libre-1264600865_wrap\"><img decoding=\"async\" src=\"https:\/\/media.minutouno.com\/p\/f75913048039309307b3ad04f39a77b7\/adjuntos\/150\/imagenes\/042\/753\/0042753214\/610x0\/smart\/prepagas.jpg\" alt=\"\" title=\"\"\/><\/figure>\n\n\n\n<p>Desde la Superintendencia aclararon que&nbsp;la decisi\u00f3n no afecta a usuarios del sistema, ya que las compa\u00f1\u00edas dadas de baja no se encontraban brindando cobertura al momento de las inspecciones. En ese sentido, explicaron adem\u00e1s que muchas de ellas permanec\u00edan registradas de manera formal pero sin actividad real.<\/p>\n\n\n\n<h2 class=\"wp-block-heading\">Prepagas dadas de baja<\/h2>\n\n\n\n<p>Las empresas alcanzadas por la resoluci\u00f3n de la Superintendencia de Servicios de Salud son:<\/p>\n\n\n\n<ul class=\"wp-block-list\">\n<li>C\u00edrculo M\u00e9dico de San Luis<\/li>\n\n\n\n<li>C\u00edrculo M\u00e9dico de Bragado<\/li>\n\n\n\n<li>Policl\u00ednico Lomas Medicina Prepaga S.A.<\/li>\n\n\n\n<li>Protecci\u00f3n M\u00e9dica SRL<\/li>\n\n\n\n<li>ECSA Salud<\/li>\n\n\n\n<li>Obra Social de la Federaci\u00f3n de C\u00e1maras y Centros Comerciales Zonales de la Rep\u00fablica Argentina<\/li>\n\n\n\n<li>And the Yellow Too S.A.<\/li>\n\n\n\n<li>Asociaci\u00f3n Mutual de Trabajadores Municipales de Rosario<\/li>\n\n\n\n<li>Asociaci\u00f3n Espa\u00f1ola de Socorros Mutuos-Villa Constituci\u00f3n<\/li>\n\n\n\n<li>Mutual Odontol\u00f3gica Argentina<\/li>\n<\/ul>\n\n\n\n<p>Con esta nueva decisi\u00f3n,&nbsp;ya suman m\u00e1s de 160 las entidades de medicina privada eliminadas del Registro Nacional de Entidades de Medicina Prepaga desde el inicio de la actual gesti\u00f3n, en el marco de un proceso de fiscalizaci\u00f3n destinado a depurar el padr\u00f3n y reforzar los controles sobre el sector.<\/p>\n","protected":false},"excerpt":{"rendered":"<p>Desde el inicio de la gesti\u00f3n de Javier Milei ya se dieron de baja 160 prepagas que no cumpl\u00edan con los requisitos para operar o&hellip; <\/p>\n","protected":false},"author":2,"featured_media":38172,"comment_status":"open","ping_status":"open","sticky":false,"template":"","format":"standard","meta":{"footnotes":""},"categories":[9,13],"tags":[],"class_list":["post-38171","post","type-post","status-publish","format-standard","has-post-thumbnail","hentry","category-destacadas","category-nacionales"],"_links":{"self":[{"href":"https:\/\/lametro989.com\/index.php?rest_route=\/wp\/v2\/posts\/38171","targetHints":{"allow":["GET"]}}],"collection":[{"href":"https:\/\/lametro989.com\/index.php?rest_route=\/wp\/v2\/posts"}],"about":[{"href":"https:\/\/lametro989.com\/index.php?rest_route=\/wp\/v2\/types\/post"}],"author":[{"embeddable":true,"href":"https:\/\/lametro989.com\/index.php?rest_route=\/wp\/v2\/users\/2"}],"replies":[{"embeddable":true,"href":"https:\/\/lametro989.com\/index.php?rest_route=%2Fwp%2Fv2%2Fcomments&post=38171"}],"version-history":[{"count":1,"href":"https:\/\/lametro989.com\/index.php?rest_route=\/wp\/v2\/posts\/38171\/revisions"}],"predecessor-version":[{"id":38173,"href":"https:\/\/lametro989.com\/index.php?rest_route=\/wp\/v2\/posts\/38171\/revisions\/38173"}],"wp:featuredmedia":[{"embeddable":true,"href":"https:\/\/lametro989.com\/index.php?rest_route=\/wp\/v2\/media\/38172"}],"wp:attachment":[{"href":"https:\/\/lametro989.com\/index.php?rest_route=%2Fwp%2Fv2%2Fmedia&parent=38171"}],"wp:term":[{"taxonomy":"category","embeddable":true,"href":"https:\/\/lametro989.com\/index.php?rest_route=%2Fwp%2Fv2%2Fcategories&post=38171"},{"taxonomy":"post_tag","embeddable":true,"href":"https:\/\/lametro989.com\/index.php?rest_route=%2Fwp%2Fv2%2Ftags&post=38171"}],"curies":[{"name":"wp","href":"https:\/\/api.w.org\/{rel}","templated":true}]}}