{"id":38174,"date":"2026-03-13T13:21:57","date_gmt":"2026-03-13T16:21:57","guid":{"rendered":"https:\/\/lametro989.com\/?p=38174"},"modified":"2026-03-13T13:21:57","modified_gmt":"2026-03-13T16:21:57","slug":"el-modelo-no-esta-funcionando-aseguro-el-exministro-ocampo-tras-el-nuevo-dato-de-inflacion","status":"publish","type":"post","link":"https:\/\/lametro989.com\/?p=38174","title":{"rendered":"\u201cEl modelo no est\u00e1 funcionando\u201d, asegur\u00f3 el exministro Ocampo tras el nuevo dato de inflaci\u00f3n"},"content":{"rendered":"\n<p>El exministro de Hacienda del Chaco advirti\u00f3 que la Argentina se encuentra \u201cen la puerta de un proceso estanflacionario\u201d y reclam\u00f3 al gobierno nacional un giro urgente hacia pol\u00edticas de crecimiento econ\u00f3mico<\/p>\n\n\n\n<figure class=\"wp-block-image size-full\"><img loading=\"lazy\" decoding=\"async\" width=\"800\" height=\"600\" src=\"https:\/\/lametro989.com\/wp-content\/uploads\/2026\/03\/image-122.png\" alt=\"\" class=\"wp-image-38175\" srcset=\"https:\/\/lametro989.com\/wp-content\/uploads\/2026\/03\/image-122.png 800w, https:\/\/lametro989.com\/wp-content\/uploads\/2026\/03\/image-122-300x225.png 300w, https:\/\/lametro989.com\/wp-content\/uploads\/2026\/03\/image-122-768x576.png 768w\" sizes=\"auto, (max-width: 800px) 100vw, 800px\" \/><\/figure>\n\n\n\n<p>.<\/p>\n\n\n\n<p>El economista y exministro de Hacienda de la provincia del Chaco, Cristian Ocampo, fue entrevistado en Ciudad TV y ofreci\u00f3 un diagn\u00f3stico contundente sobre el estado de la econom\u00eda argentina tras conocerse el dato de inflaci\u00f3n de febrero, que se ubic\u00f3 en el 2,9 por ciento mensual. Lejos de convalidar las proyecciones oficiales, Ocampo advirti\u00f3 que los n\u00fameros confirman el fracaso del modelo econ\u00f3mico del gobierno nacional.<\/p>\n\n\n\n<p><a href=\"https:\/\/clck.mgid.com\/ghits\/19595406\/i\/59961204\/0\/pp\/25\/1?h=iOttKlEBU7SDBoOBuVpicpAHWIBhPTQfYwQRRdU9Ccr-9PfGiw8f8rsGPNxvcFnGnl7iQDgijDW4037T8N6LjuLZa5BdNDQsvVk9eagOIa3LgdrrnnBLxkkN2YnnDf1K&amp;rid=748915eb-1ef8-11f1-bdc4-d404e6f9f440&amp;ts=chacodiapordia.com&amp;tt=Referral&amp;att=4&amp;cpm=1&amp;iv=17&amp;ct=1&amp;gdprApplies=0&amp;muid=q2dMxDma81j9&amp;st=-180&amp;mp4=1&amp;h2=M7PBZOAwKdhjFHX-GCWHV3WYH-RUCLHwy761cwR7jZ0x5eTfITuFxUljrkUjHkJl06GYiBFd_KufZd6NTuLKVw**\" target=\"_blank\" rel=\"noreferrer noopener\"><\/a>\u201cEl gobierno ya nos tiene acostumbrado a promesas irrisorias\u201d, se\u00f1al\u00f3 el economista, recordando que el presupuesto oficial fijaba una inflaci\u00f3n de apenas el 10 por ciento para todo el a\u00f1o, una cifra que, seg\u00fan sus palabras, \u201ctodos sab\u00edamos que era inviable\u201d. La realidad mostr\u00f3 otro panorama: la inflaci\u00f3n interanual de febrero de 2025 a febrero de 2026 alcanz\u00f3 el 33 por ciento. \u201cPara que vos tengas una idea, Estados Unidos inform\u00f3 su inflaci\u00f3n interanual en 2,4 por ciento\u201d, compar\u00f3 Ocampo, subrayando la magnitud del problema local.<\/p>\n\n\n\n<p><strong>Un modelo que ya se agot\u00f3<\/strong><\/p>\n\n\n\n<p>El exministro fue categ\u00f3rico al evaluar el rumbo de la pol\u00edtica econ\u00f3mica: \u201cCon el esfuerzo que est\u00e1 haciendo el pueblo argentino, esta inflaci\u00f3n es muy alta. Esto est\u00e1 demostrando que el modelo no est\u00e1 funcionando, que este modelo econ\u00f3mico antiinflacionario, recesivo, no est\u00e1 funcionando\u201d. En ese sentido, se\u00f1al\u00f3 que la estrategia de subir tarifas \u201ca cualquier precio\u201d llev\u00f3 el poder adquisitivo \u2014tanto p\u00fablico como privado\u2014 a niveles que hoy se sienten en la actividad econ\u00f3mica.<\/p>\n\n\n\n<p>Seg\u00fan Ocampo, el gobierno enfrenta hoy un dilema sin salida f\u00e1cil: para reactivar la econom\u00eda necesita aplicar pol\u00edticas expansivas, pero eso generar\u00eda presi\u00f3n inflacionaria. \u201cSi el gobierno las aplica, va a tener tambi\u00e9n un efecto expansivo inflacionario, porque va a generar una aceleraci\u00f3n de precios. Y si se genera un proceso inflacionario, est\u00e1 detonando el capital pol\u00edtico del gobierno, que era justamente bajar la inflaci\u00f3n\u201d, explic\u00f3.<\/p>\n\n\n\n<p><strong>La guerra como factor agravante<\/strong><\/p>\n\n\n\n<p>El economista tambi\u00e9n puso el foco en el impacto del conflicto b\u00e9lico internacional sobre la econom\u00eda local, al que defini\u00f3 como un golpe directo al coraz\u00f3n del modelo. \u201cLa guerra viene a agravar y, te dir\u00eda, da en el centro del modelo pol\u00edtico y econ\u00f3mico del gobierno\u201d. Ocampo advirti\u00f3 que el dato de febrero no contempla a\u00fan ese efecto: \u201cEsto es febrero y la guerra comenz\u00f3 en marzo. Vamos a tener el efecto de la guerra en todo lo que va de marzo a abril y mayo\u201d. Al no vislumbrarse una resoluci\u00f3n r\u00e1pida del conflicto, consider\u00f3 que la presi\u00f3n sobre los precios y la actividad ir\u00e1 en aumento.<\/p>\n\n\n\n<p><strong>Estanflaci\u00f3n, pymes y trabajadores<\/strong><\/p>\n\n\n\n<p>Con un cuadro de estancamiento econ\u00f3mico combinado con inflaci\u00f3n en ascenso, Ocampo afirm\u00f3 que el pa\u00eds est\u00e1 \u201cen la puerta de un proceso estanflacionario, que es muy complejo, porque eso te deja gente fuera del mercado\u201d. Las consecuencias, sostuvo, ya son visibles: despidos, cierres de empresas y una situaci\u00f3n social que defini\u00f3 como \u201ctensa\u201d.<\/p>\n\n\n\n<p>Las peque\u00f1as y medianas empresas son las que m\u00e1s sufren esta coyuntura, seg\u00fan el economista. \u201cHoy estamos viendo con seria dificultad a las pymes poder mantener las puertas abiertas, porque est\u00e1n trabajando a p\u00e9rdida\u201d. A ese escenario se suman nuevos incrementos de tarifas y el aumento del combustible, que encarecer\u00e1 la log\u00edstica y el transporte. \u201cEsto se est\u00e1 poniendo complicado\u201d, resumi\u00f3.<\/p>\n\n\n\n<p>En materia laboral, Ocampo reclam\u00f3 una recomposici\u00f3n urgente del poder adquisitivo de los trabajadores. \u201cHoy se necesita recomponer poder adquisitivo urgente para que esto derrame en consumo y se puedan sostener las pymes, que son las que m\u00e1s est\u00e1n ligadas al consumo\u201d. Descart\u00f3 que la espiral salario-inflaci\u00f3n sea un riesgo actual: \u201cEsto ya no est\u00e1 ocurriendo, no hay ning\u00fan tipo de posibilidad de que la espiralizaci\u00f3n del salario sea contra inflaci\u00f3n\u201d.<\/p>\n\n\n\n<p><strong>El peso del Estado en la regi\u00f3n NEA-NOA<\/strong><\/p>\n\n\n\n<p>Ocampo tambi\u00e9n alert\u00f3 sobre el impacto particular que la ca\u00edda de la recaudaci\u00f3n tiene en las provincias del norte del pa\u00eds. \u201cEl sector p\u00fablico dentro de lo que es la regi\u00f3n NEA-NOA es preponderante, es determinante en el desenvolvimiento econ\u00f3mico. Ac\u00e1 cuando el Estado est\u00e1 bien, derrama en servicios, en comercio, en profesionales, en salud, y eso se nota\u201d. Con una recaudaci\u00f3n que en t\u00e9rminos reales se ubica por debajo de la inflaci\u00f3n, ese derrame est\u00e1 comprometido.<\/p>\n\n\n\n<p><strong>\u201cHay que dar vuelta la p\u00e1gina\u201d<\/strong><\/p>\n\n\n\n<p>Ante este panorama, el exministro reclam\u00f3 un cambio profundo de orientaci\u00f3n. \u201cEl modelo antiinflacionario ya no va por el lado del ajuste fiscal, no va por el lado del apret\u00f3n monetario, no va por el lado del estrangulamiento de la actividad econ\u00f3mica con altas tasas. Tiene que ir por el lado del crecimiento econ\u00f3mico. Hay que dar vuelta la p\u00e1gina y empezar a mirar a todos aquellos sectores \u2014ya sea pyme, mediano o gran empresa\u2014 que pueden generar valor\u201d, sostuvo.<\/p>\n\n\n\n<p>Ocampo tambi\u00e9n cuestion\u00f3 las contradicciones del discurso oficial: \u201cTe vas a pedir financiamiento al mundo y dec\u00eds que los empresarios en Argentina son chorros. Esto es lo que no se entiende\u201d. Y concluy\u00f3 con una advertencia que sintetiza su visi\u00f3n: \u201cLa inflaci\u00f3n es un term\u00f3metro y te marc\u00f3 un n\u00famero muy alto. Quiere decir que el modelo no est\u00e1 funcionando. Esta pol\u00edtica ya se agot\u00f3\u201d.<\/p>\n","protected":false},"excerpt":{"rendered":"<p>El exministro de Hacienda del Chaco advirti\u00f3 que la Argentina se encuentra \u201cen la puerta de un proceso estanflacionario\u201d y reclam\u00f3 al gobierno nacional un&hellip; <\/p>\n","protected":false},"author":2,"featured_media":38175,"comment_status":"open","ping_status":"open","sticky":false,"template":"","format":"standard","meta":{"footnotes":""},"categories":[9,2],"tags":[],"class_list":["post-38174","post","type-post","status-publish","format-standard","has-post-thumbnail","hentry","category-destacadas","category-provinciales"],"_links":{"self":[{"href":"https:\/\/lametro989.com\/index.php?rest_route=\/wp\/v2\/posts\/38174","targetHints":{"allow":["GET"]}}],"collection":[{"href":"https:\/\/lametro989.com\/index.php?rest_route=\/wp\/v2\/posts"}],"about":[{"href":"https:\/\/lametro989.com\/index.php?rest_route=\/wp\/v2\/types\/post"}],"author":[{"embeddable":true,"href":"https:\/\/lametro989.com\/index.php?rest_route=\/wp\/v2\/users\/2"}],"replies":[{"embeddable":true,"href":"https:\/\/lametro989.com\/index.php?rest_route=%2Fwp%2Fv2%2Fcomments&post=38174"}],"version-history":[{"count":1,"href":"https:\/\/lametro989.com\/index.php?rest_route=\/wp\/v2\/posts\/38174\/revisions"}],"predecessor-version":[{"id":38176,"href":"https:\/\/lametro989.com\/index.php?rest_route=\/wp\/v2\/posts\/38174\/revisions\/38176"}],"wp:featuredmedia":[{"embeddable":true,"href":"https:\/\/lametro989.com\/index.php?rest_route=\/wp\/v2\/media\/38175"}],"wp:attachment":[{"href":"https:\/\/lametro989.com\/index.php?rest_route=%2Fwp%2Fv2%2Fmedia&parent=38174"}],"wp:term":[{"taxonomy":"category","embeddable":true,"href":"https:\/\/lametro989.com\/index.php?rest_route=%2Fwp%2Fv2%2Fcategories&post=38174"},{"taxonomy":"post_tag","embeddable":true,"href":"https:\/\/lametro989.com\/index.php?rest_route=%2Fwp%2Fv2%2Ftags&post=38174"}],"curies":[{"name":"wp","href":"https:\/\/api.w.org\/{rel}","templated":true}]}}