{"id":38178,"date":"2026-03-16T07:23:01","date_gmt":"2026-03-16T10:23:01","guid":{"rendered":"https:\/\/lametro989.com\/?p=38178"},"modified":"2026-03-16T07:23:01","modified_gmt":"2026-03-16T10:23:01","slug":"las-provincias-acumulan-una-perdida-de-153-billones-en-lo-que-va-de-la-gestion-milei","status":"publish","type":"post","link":"https:\/\/lametro989.com\/?p=38178","title":{"rendered":"Las provincias acumulan una p\u00e9rdida de $15,3 billones en lo que va de la gesti\u00f3n Milei"},"content":{"rendered":"\n<p>La baja de los recursos coparticipables y el desplome de las transferencias no autom\u00e1ticas dejaron a casi todo el mapa federal en rojo. Buenos Aires, Santa Fe y C\u00f3rdoba concentran las mayores p\u00e9rdidas. El recorte fiscal se combina con un deterioro de los ingresos y, en distintas regiones del pa\u00eds, los hogares reportan mayores dificultades para llegar a fin de mes. Chaco, Entre R\u00edos, Santiago del Estero y Tucum\u00e1n, tienen recortes superiores al bill\u00f3n de pesos.<\/p>\n\n\n\n<figure class=\"wp-block-image size-full\"><img loading=\"lazy\" decoding=\"async\" width=\"700\" height=\"450\" src=\"https:\/\/lametro989.com\/wp-content\/uploads\/2026\/03\/image-123.png\" alt=\"\" class=\"wp-image-38179\" srcset=\"https:\/\/lametro989.com\/wp-content\/uploads\/2026\/03\/image-123.png 700w, https:\/\/lametro989.com\/wp-content\/uploads\/2026\/03\/image-123-300x193.png 300w\" sizes=\"auto, (max-width: 700px) 100vw, 700px\" \/><\/figure>\n\n\n\n<p>La ca\u00edda de la recaudaci\u00f3n nacional y el desplome de las transferencias discrecionales dejaron un fuerte agujero en las cuentas provinciales. Entre la merma de los recursos coparticipables y el retroceso de las transferencias no autom\u00e1ticas (TNA), las provincias acumularon una p\u00e9rdida de $15,3 billones (a precios de febrero de 2026) respecto a los niveles de ingresos que recib\u00edan en 2023. El recorte impacta de lleno en la capacidad fiscal de los distritos para sostener servicios, inversi\u00f3n p\u00fablica y pol\u00edticas sociales, en un contexto donde el deterioro de los ingresos de los hogares profundiza las dificultades para cubrir gastos b\u00e1sicos.<\/p>\n\n\n\n<p>El retroceso alcanza a las 23 provincias, con varias jurisdicciones que superan el bill\u00f3n de pesos de ca\u00edda acumulada. En t\u00e9rminos absolutos, Buenos Aires aparece como la m\u00e1s afectada: entre 2024, 2025 y los primeros meses de 2026 perdi\u00f3 $10,9 billones en recursos nacionales respecto de lo que habr\u00eda recibido si se hubieran mantenido los niveles de 2023. Detr\u00e1s se ubican Santa Fe, con una merma de $2,2 billones, y C\u00f3rdoba, con $1,9 billones, seguidas por Chaco, Entre R\u00edos, Santiago del Estero y Tucum\u00e1n, todas con recortes superiores al bill\u00f3n de pesos.<\/p>\n\n\n\n<p>La contracci\u00f3n de recursos se produce, adem\u00e1s, en un escenario econ\u00f3mico adverso con ca\u00edda de la actividad, retrocesos en la recaudaci\u00f3n tributaria y un deterioro marcado en las condiciones de vida. En distintas regiones del pa\u00eds, los hogares reportan mayores dificultades para llegar a fin de mes, recortes en el consumo de alimentos y un aumento de las estrategias de supervivencia como el endeudamiento o la b\u00fasqueda de trabajos adicionales, lo que refleja c\u00f3mo el ajuste fiscal tambi\u00e9n se traslada al entramado social.<\/p>\n\n\n\n<p><strong>Recursos en ca\u00edda libre<\/strong><\/p>\n\n\n\n<p>El recorte de recursos que llegan a las provincias evidenci\u00f3 su impacto en n\u00fameros concretos. La combinaci\u00f3n entre la ca\u00edda de la Coparticipaci\u00f3n y el desplome de las Transferencias no Auton\u00f3micas (TNA) dej\u00f3 a casi todo el mapa federal en rojo.<\/p>\n\n\n\n<p>En concreto, a comienzos de este a\u00f1o las provincias ya hab\u00edan acumulado una p\u00e9rdida de $15,3 billones (a precios de febrero2026) respecto al nivel de recursos nacionales de 2023. \u201cProducto de la ca\u00edda de la recaudaci\u00f3n de los \u00faltimos dos a\u00f1os, cayeron los recursos tributarios de origen nacional (los recursos coparticipados) que reciben las provincias, pero tambi\u00e9n cayeron las transferencias no autom\u00e1ticas que hace el Gobierno\u201d, se\u00f1al\u00f3 un documento del Instituto Argentina Grande (IAG).<\/p>\n\n\n\n<p>Si se pone la lupa en la situaci\u00f3n de cada jurisdicci\u00f3n se observa que la Provincia de Buenos Aires (concentra al 38% de la poblaci\u00f3n argentina), es la m\u00e1s afectada en t\u00e9rminos absolutos: entre ambos conceptos en 2024, 2025 y los dos meses de 2026 recibi\u00f3 $10,9 billones menos comparado a lo que habr\u00eda recibido de haberse mantenido el nivel de ingresos de 2023.<\/p>\n\n\n\n<p>En otras palabras, ello se traduce en que PBA recibi\u00f3 $622.235 pesos menos por habitante desde el cambio de gesti\u00f3n nacional (sin contemplar, por ejemplo, fondos adeudados por obras paralizadas).<\/p>\n\n\n\n<p>De esa forma, la ca\u00edda de los recursos coparticipables combinada con el impacto de la merma en los TNA golpe\u00f3 con fuerza las finanzas provinciales. Medido a precios de febrero de 2026, detr\u00e1s de Buenos Aires que encabeza que lidera por amplio margen las p\u00e9rdidas, aparecen Santa Fe con un rojo acumulado de 2,2 billones, y C\u00f3rdoba, con 1,9 billones, seguidas por Chaco (-1,3 billones), Entre R\u00edos (-1,2 billones), Santiago del Estero (-1,1 billones) y Tucum\u00e1n (-1,1 billones).<\/p>\n\n\n\n<p>En un segundo grupo se ubican La Rioja, Formosa, Mendoza, Misiones y Corrientes, todas con p\u00e9rdidas que rondan o superan los 800 mil millones de pesos. En contraste, el relevamiento mostr\u00f3 una excepci\u00f3n: la Ciudad de Buenos Aires, que registra un resultado favorable de 1,01 billones de pesos (explicado por el efecto de los TNA y tras un fallo judicial como compensaci\u00f3n por la disputa por la Coparticipaci\u00f3n).<\/p>\n\n\n\n<p>Esto ocurre en un escenario general donde la recaudaci\u00f3n evidenci\u00f3 un sostenido retroceso. En detalle, contra febrero del 2025 cay\u00f3 un 9,8% en t\u00e9rminos reales. As\u00ed, se situ\u00f3 como el segundo peor febrero de los \u00faltimos 15 a\u00f1os (despu\u00e9s de 2024). En relaci\u00f3n, la mayor\u00eda de los impuestos mostraron variaciones interanuales negativas.<\/p>\n\n\n\n<p>Los impuestos vinculados al comercio exterior (Derechos de exportaci\u00f3n: -39,7; Importaci\u00f3n: -26,7%; IVA DGA: -36,9% y Ganancias DGA: -48,3%) son los que protagonizaron ca\u00eddas interanuales m\u00e1s fuertes. En consonancia con la ca\u00edda del empleo formal, los ingresos de la Seguridad Social -que suman al total de los recursos tributarios- disminuyeron (-5,1%).<\/p>\n\n\n\n<p>Los impuestos vinculados a la actividad -IVA y cr\u00e9ditos y d\u00e9bitos- tambi\u00e9n tuvieron marcadas ca\u00eddas (IVA interno: -3,5% y cr\u00e9ditos y d\u00e9bitos: -7,8%). Solamente creci\u00f3 Ganancias DGI por cuestiones contables (cambio del esquema de adelantos y aumento de la al\u00edcuota para este tramo) y el impuesto a los combustibles, cuyos montos fijos el Gobierno viene subiendo por encima de la inflaci\u00f3n (+18,7% interanual).<\/p>\n","protected":false},"excerpt":{"rendered":"<p>La baja de los recursos coparticipables y el desplome de las transferencias no autom\u00e1ticas dejaron a casi todo el mapa federal en rojo. Buenos Aires,&hellip; <\/p>\n","protected":false},"author":2,"featured_media":38179,"comment_status":"open","ping_status":"open","sticky":false,"template":"","format":"standard","meta":{"footnotes":""},"categories":[9,2],"tags":[],"class_list":["post-38178","post","type-post","status-publish","format-standard","has-post-thumbnail","hentry","category-destacadas","category-provinciales"],"_links":{"self":[{"href":"https:\/\/lametro989.com\/index.php?rest_route=\/wp\/v2\/posts\/38178","targetHints":{"allow":["GET"]}}],"collection":[{"href":"https:\/\/lametro989.com\/index.php?rest_route=\/wp\/v2\/posts"}],"about":[{"href":"https:\/\/lametro989.com\/index.php?rest_route=\/wp\/v2\/types\/post"}],"author":[{"embeddable":true,"href":"https:\/\/lametro989.com\/index.php?rest_route=\/wp\/v2\/users\/2"}],"replies":[{"embeddable":true,"href":"https:\/\/lametro989.com\/index.php?rest_route=%2Fwp%2Fv2%2Fcomments&post=38178"}],"version-history":[{"count":1,"href":"https:\/\/lametro989.com\/index.php?rest_route=\/wp\/v2\/posts\/38178\/revisions"}],"predecessor-version":[{"id":38180,"href":"https:\/\/lametro989.com\/index.php?rest_route=\/wp\/v2\/posts\/38178\/revisions\/38180"}],"wp:featuredmedia":[{"embeddable":true,"href":"https:\/\/lametro989.com\/index.php?rest_route=\/wp\/v2\/media\/38179"}],"wp:attachment":[{"href":"https:\/\/lametro989.com\/index.php?rest_route=%2Fwp%2Fv2%2Fmedia&parent=38178"}],"wp:term":[{"taxonomy":"category","embeddable":true,"href":"https:\/\/lametro989.com\/index.php?rest_route=%2Fwp%2Fv2%2Fcategories&post=38178"},{"taxonomy":"post_tag","embeddable":true,"href":"https:\/\/lametro989.com\/index.php?rest_route=%2Fwp%2Fv2%2Ftags&post=38178"}],"curies":[{"name":"wp","href":"https:\/\/api.w.org\/{rel}","templated":true}]}}