{"id":38185,"date":"2026-03-16T07:27:43","date_gmt":"2026-03-16T10:27:43","guid":{"rendered":"https:\/\/lametro989.com\/?p=38185"},"modified":"2026-03-16T07:27:43","modified_gmt":"2026-03-16T10:27:43","slug":"iran-rechaza-negociar-con-estados-unidos-no-hay-razones-para-hablar","status":"publish","type":"post","link":"https:\/\/lametro989.com\/?p=38185","title":{"rendered":"Ir\u00e1n rechaza negociar con Estados Unidos: &#8220;No hay razones para hablar&#8221;"},"content":{"rendered":"\n<p>En el marco de la escalada b\u00e9lica en Medio Oriente, el ministro de Exteriores de Ir\u00e1n, Abbas Araghch, acus\u00f3 a Donald Trump de agravar el conflicto.<\/p>\n\n\n\n<figure class=\"wp-block-image size-full\"><img loading=\"lazy\" decoding=\"async\" width=\"610\" height=\"407\" src=\"https:\/\/lametro989.com\/wp-content\/uploads\/2026\/03\/image-126.png\" alt=\"\" class=\"wp-image-38186\" srcset=\"https:\/\/lametro989.com\/wp-content\/uploads\/2026\/03\/image-126.png 610w, https:\/\/lametro989.com\/wp-content\/uploads\/2026\/03\/image-126-300x200.png 300w\" sizes=\"auto, (max-width: 610px) 100vw, 610px\" \/><\/figure>\n\n\n\n<p>La tensi\u00f3n diplom\u00e1tica entre&nbsp;<strong>Teher\u00e1n<\/strong>&nbsp;y&nbsp;<strong>Washington<\/strong>&nbsp;ha alcanzado un nuevo punto cr\u00edtico este domingo, luego que el ministro de Exteriores de&nbsp;<strong>Ir\u00e1n<\/strong>,&nbsp;<strong>Abbas Araghchi<\/strong>, cerr\u00f3 de manera categ\u00f3rica la puerta a cualquier negociaci\u00f3n con el gobierno de&nbsp;<strong><a href=\"https:\/\/www.minutouno.com\/sociedad\/donald-trump-no-quiere-acordar-iran-las-condiciones-no-son-suficientemente-buenas-n6256160\" target=\"_blank\" rel=\"noreferrer noopener\">Donald Trump<\/a><\/strong>, desmintiendo el inter\u00e9s de su pa\u00eds en el pacto de paz que el mandatario de&nbsp;<strong>Estados Unidos<\/strong>&nbsp;hab\u00eda sugerido recientemente.<\/p>\n\n\n\n<p>En una entrevista concedida a la cadena\u00a0<em>CBS<\/em>, Araghchi defendi\u00f3 la resiliencia de su gobierno frente a la escalada b\u00e9lica y fue contundente respecto a la ruptura del di\u00e1logo. Seg\u00fan el canciller, la confianza se quebr\u00f3 definitivamente cuando Estados Unidos opt\u00f3 por la v\u00eda militar mientras a\u00fan exist\u00edan canales de comunicaci\u00f3n abiertos. &#8220;No vemos ninguna raz\u00f3n por la que debamos hablar con los estadounidenses, porque ya est\u00e1bamos hablando con ellos cuando decidieron atacarnos&#8221;, sentenci\u00f3 el funcionario durante el programa dominical.<\/p>\n\n\n\n<figure class=\"wp-block-image\" id=\"8195828-Libre-93347364_wrap\"><img decoding=\"async\" src=\"https:\/\/media.minutouno.com\/p\/8cbd9555a4905272e331f1b40d193e86\/adjuntos\/150\/imagenes\/043\/213\/0043213954\/610x0\/smart\/donald-trump.jpg\" alt=\"Donald Trump\" title=\"Donald Trump\"\/><figcaption class=\"wp-element-caption\">Donald Trump<\/figcaption><\/figure>\n\n\n\n<h2 class=\"wp-block-heading\">Duras acusaciones de Ir\u00e1n contra Donald Trump<\/h2>\n\n\n\n<p>El jefe de la diplomacia iran\u00ed no ahorr\u00f3 calificativos al responsabilizar directamente al presidente de los Estados Unidos por el aumento de las v\u00edctimas en la regi\u00f3n.<\/p>\n\n\n\n<p>Araghchi calific\u00f3 las acciones de la Casa Blanca como una &#8220;ofensiva b\u00e9lica deliberada&#8221; y lanz\u00f3 una frase lapidaria:&nbsp;<strong>&#8220;Hay gente que muere simplemente porque el presidente Trump quiere divertirse&#8221;<\/strong>.<\/p>\n\n\n\n<p>Con esta postura, Ir\u00e1n ratifica que mantendr\u00e1 su estrategia de defensa y resistencia, alej\u00e1ndose de cualquier posibilidad de acuerdo en el corto plazo mientras la administraci\u00f3n Trump mantenga su actual nivel de presi\u00f3n militar.<\/p>\n\n\n\n<h2 class=\"wp-block-heading\">Donald Trump tampoco quiere acordar con Ir\u00e1n<\/h2>\n\n\n\n<p>El presidente de Estados Unidos,&nbsp;<strong>Donald Trump<\/strong>, volvi\u00f3 a referirse a la posibilidad de alcanzar un entendimiento con Ir\u00e1n y sostuvo este s\u00e1bado que, por ahora, no ve condiciones para avanzar en un acuerdo porque las propuestas sobre la mesa &#8220;todav\u00eda no son lo suficientemente buenas&#8221;.<\/p>\n\n\n\n<p>Durante una entrevista con la cadena NBC, Trump explic\u00f3:&nbsp;<strong>&#8220;Ir\u00e1n quiere llegar a un acuerdo, y yo no quiero hacerlo porque las condiciones a\u00fan no son lo suficientemente buenas&#8221;.<\/strong>&nbsp;En ese sentido, subray\u00f3 que cualquier entendimiento futuro deber\u00eda asentarse sobre bases &#8220;muy s\u00f3lidos&#8221;.<\/p>\n","protected":false},"excerpt":{"rendered":"<p>En el marco de la escalada b\u00e9lica en Medio Oriente, el ministro de Exteriores de Ir\u00e1n, Abbas Araghch, acus\u00f3 a Donald Trump de agravar el&hellip; <\/p>\n","protected":false},"author":2,"featured_media":38186,"comment_status":"open","ping_status":"open","sticky":false,"template":"","format":"standard","meta":{"footnotes":""},"categories":[9,5],"tags":[],"class_list":["post-38185","post","type-post","status-publish","format-standard","has-post-thumbnail","hentry","category-destacadas","category-politica"],"_links":{"self":[{"href":"https:\/\/lametro989.com\/index.php?rest_route=\/wp\/v2\/posts\/38185","targetHints":{"allow":["GET"]}}],"collection":[{"href":"https:\/\/lametro989.com\/index.php?rest_route=\/wp\/v2\/posts"}],"about":[{"href":"https:\/\/lametro989.com\/index.php?rest_route=\/wp\/v2\/types\/post"}],"author":[{"embeddable":true,"href":"https:\/\/lametro989.com\/index.php?rest_route=\/wp\/v2\/users\/2"}],"replies":[{"embeddable":true,"href":"https:\/\/lametro989.com\/index.php?rest_route=%2Fwp%2Fv2%2Fcomments&post=38185"}],"version-history":[{"count":1,"href":"https:\/\/lametro989.com\/index.php?rest_route=\/wp\/v2\/posts\/38185\/revisions"}],"predecessor-version":[{"id":38187,"href":"https:\/\/lametro989.com\/index.php?rest_route=\/wp\/v2\/posts\/38185\/revisions\/38187"}],"wp:featuredmedia":[{"embeddable":true,"href":"https:\/\/lametro989.com\/index.php?rest_route=\/wp\/v2\/media\/38186"}],"wp:attachment":[{"href":"https:\/\/lametro989.com\/index.php?rest_route=%2Fwp%2Fv2%2Fmedia&parent=38185"}],"wp:term":[{"taxonomy":"category","embeddable":true,"href":"https:\/\/lametro989.com\/index.php?rest_route=%2Fwp%2Fv2%2Fcategories&post=38185"},{"taxonomy":"post_tag","embeddable":true,"href":"https:\/\/lametro989.com\/index.php?rest_route=%2Fwp%2Fv2%2Ftags&post=38185"}],"curies":[{"name":"wp","href":"https:\/\/api.w.org\/{rel}","templated":true}]}}