{"id":38188,"date":"2026-03-16T07:31:13","date_gmt":"2026-03-16T10:31:13","guid":{"rendered":"https:\/\/lametro989.com\/?p=38188"},"modified":"2026-03-16T07:31:13","modified_gmt":"2026-03-16T10:31:13","slug":"la-inflacion-continua-acelerando-en-marzo-que-rubros-mantienen-presion-sobre-los-precios","status":"publish","type":"post","link":"https:\/\/lametro989.com\/?p=38188","title":{"rendered":"La inflaci\u00f3n contin\u00faa acelerando en marzo: qu\u00e9 rubros mantienen presi\u00f3n sobre los precios"},"content":{"rendered":"\n<p>Relevamientos privados muestran que la din\u00e1mica alcista se intensific\u00f3 en el arranque del mes, con aumentos en pescados y carnes. La explicaci\u00f3n del ministro Caputo y lo que se espera para despu\u00e9s del primer trimestre<\/p>\n\n\n\n<figure class=\"wp-block-image size-full\"><img loading=\"lazy\" decoding=\"async\" width=\"992\" height=\"651\" src=\"https:\/\/lametro989.com\/wp-content\/uploads\/2026\/03\/image-127.png\" alt=\"\" class=\"wp-image-38189\" srcset=\"https:\/\/lametro989.com\/wp-content\/uploads\/2026\/03\/image-127.png 992w, https:\/\/lametro989.com\/wp-content\/uploads\/2026\/03\/image-127-300x197.png 300w, https:\/\/lametro989.com\/wp-content\/uploads\/2026\/03\/image-127-768x504.png 768w\" sizes=\"auto, (max-width: 992px) 100vw, 992px\" \/><\/figure>\n\n\n\n<p>Luego del\u00a0<strong>2,9%<\/strong>\u00a0que marc\u00f3 la inflaci\u00f3n en febrero seg\u00fan el Instituto Nacional de Estad\u00edstica y Censos (Indec), los precios contin\u00faan\u00a0<a href=\"https:\/\/www.infobae.com\/economia\/2026\/03\/15\/el-impacto-de-la-guerra-mas-inflacion-record-historico-de-exportaciones-y-se-demora-la-recuperacion-del-consumo\/\" target=\"_blank\" rel=\"noreferrer noopener\">aceler\u00e1ndose en marzo\u00a0<\/a>seg\u00fan las consultoras que reportan incrementos sostenidos en los principales rubros de consumo. Lo que en parte ya fue reconocido por el presidente\u00a0<strong>Javier Milei<\/strong>, quien destac\u00f3 que la desaceleraci\u00f3n va a comenzar luego del primer trimestre y que en julio-agosto el indicador comenzar\u00e1 con un cero, aunque los privados no tienen esa estimaci\u00f3n. La semana pasada, luego de que el Indec confirmara que hace cinco meses el \u00cdndice de Precios al Consumidor (IPC) acelera, el ministro de Econom\u00eda,\u00a0<strong>Luis Caputo<\/strong>, sali\u00f3 a dar explicaciones y asegur\u00f3 que el pa\u00eds transita un proceso de \u201c<a href=\"https:\/\/www.infobae.com\/economia\/2026\/03\/12\/la-explicacion-de-caputo-tras-el-dato-de-inflacion-la-economia-esta-en-un-proceso-de-correccion-de-precios-relativos\/\" target=\"_blank\" rel=\"noreferrer noopener\">correcci\u00f3n de precios relativos<\/a>\u201d. Seg\u00fan el funcionario, la econom\u00eda atraviesa una etapa de recomposici\u00f3n de tarifas y ajustes regulatorios en sectores clave, lo que incide de manera directa en el \u00edndice general de precios y en las expectativas de corto plazo. El Gobierno atribuye la din\u00e1mica inflacionaria a la necesidad de modificar precios que quedaron retrasados frente al promedio general. Lo que en parte se expone en el dato de febrero, en donde los Servicios tuvieron un aumento del 4%, mientras que los Bienes, del 2,3 por ciento. Es que, mientras que vivienda, agua, electricidad, gas y otros combustibles tuvo una suba de 6,8%, prendas de vestir y calzado no presentaron variaciones. Lo que podr\u00eda\u00a0<a href=\"https:\/\/www.infobae.com\/economia\/2026\/03\/11\/que-impacto-tendra-el-aumento-de-la-nafta-en-el-indice-de-inflacion-de-marzo\/\" target=\"_blank\" rel=\"noreferrer noopener\">haber sido peor<\/a>\u00a0si el Gobierno no tomaba la decisi\u00f3n de postergar la nueva f\u00f3rmula de inflaci\u00f3n, en donde la ponderaci\u00f3n del rubro iba a ser mayor. Y si bien ya adelantaron que hasta despu\u00e9s de marzo no habr\u00e1 se\u00f1ales de desaceleraci\u00f3n, los aumentos siguen golpeando los bolsillos de los argentinos, lo que se refleja en los datos recabados por consultoras privadas. En la segunda semana de marzo,\u00a0<strong>Analytica<\/strong>\u00a0report\u00f3 que los precios de alimentos y bebidas en el Gran Buenos Aires subieron\u00a0<strong>0,2%<\/strong>\u00a0respecto a la anterior. El promedio de las \u00faltimas cuatro semanas marc\u00f3\u00a0<strong>2,2%<\/strong>, y para el nivel general de precios la proyecci\u00f3n mensual se ubic\u00f3 en\u00a0<strong>2,9%<\/strong>.\u00a0<strong>Analytica identific\u00f3 los mayores aumentos en pescados y mariscos, con un 8,5% en el promedio de las \u00faltimas cuatro semanas, y en carnes y derivados, con 3,7%<\/strong>. Pan y cereales subieron\u00a0<strong>0,8%<\/strong>\u00a0y las verduras se mantuvieron sin cambios. Un relevamiento menos optimista para el Gobierno tuvieron en la consultora Econviews, en donde en el segmento de supermercados relevaron un incremento de\u00a0<strong>0,8%<\/strong>\u00a0en la canasta de alimentos y bebidas para la segunda semana de marzo. La consultora destac\u00f3 subas importantes en fiambres, con un promedio de\u00a0<strong>5,8%<\/strong>, y una baja en verduler\u00eda de\u00a0<strong>0,7%<\/strong>. El acumulado de las \u00faltimas cuatro semanas en este segmento lleg\u00f3 a\u00a0<strong>3,3%<\/strong>, reflejando la continuidad de la aceleraci\u00f3n de precios en el rubro. Pero los datos m\u00e1s negativos los tuvo la consultora LCG. De acuerdo con el informe de avance correspondiente al 12 de marzo,&nbsp;<strong>los alimentos y bebidas subieron 1,1% en la segunda semana del mes<\/strong>,&nbsp;<strong>lo que constituy\u00f3 la segunda semana consecutiva con aumentos superiores al 1% semanal<\/strong>. El acumulado mensual de inflaci\u00f3n en alimentos y bebidas lleg\u00f3 a&nbsp;<strong>2,7%&nbsp;<\/strong>al corte de la segunda semana. El promedio m\u00f3vil de las \u00faltimas cuatro semanas, que permite medir la tendencia, se ubic\u00f3 en&nbsp;<strong>3,7%<\/strong>, desacelerando 0,3 puntos porcentuales respecto al registro previo, pero manteni\u00e9ndose en niveles elevados.<\/p>\n\n\n\n<p>LCG precis\u00f3 que&nbsp;<strong>el 75% de la inflaci\u00f3n semanal se explic\u00f3 por los aumentos en carnes y l\u00e1cteos, que sumaron 1,1 puntos porcentuales sobre el promedio general<\/strong>, siendo un rubro que desde finales del 2025 presiona sobre el IPC. Adem\u00e1s, el informe destaca que el&nbsp;<strong>13%<\/strong>&nbsp;de los productos relevados en la canasta sufri\u00f3 aumentos de precios en la semana, un porcentaje similar al de las \u00faltimas cuatro semanas y superior al promedio de meses anteriores.<\/p>\n\n\n\n<p>El an\u00e1lisis desagregado muestra que los incrementos mensuales m\u00e1s elevados en la segunda semana de marzo se dieron en carnes, bebidas, panificados y l\u00e1cteos, todos con subas por encima del&nbsp;<strong>3%<\/strong>. La dispersi\u00f3n de precios entre productos se mantuvo baja en comparaci\u00f3n con la semana anterior, aunque la proporci\u00f3n de productos con aumentos sigui\u00f3 en niveles altos.<\/p>\n\n\n\n<p>El contexto de aceleraci\u00f3n inflacionaria se observa en todos los informes relevados en las primeras dos semanas de marzo. La presi\u00f3n sobre los alimentos, las bebidas y los productos frescos lidera el proceso, mientras que las categor\u00edas de panificados y verduras muestran incrementos m\u00e1s moderados o nulos. El seguimiento de la inflaci\u00f3n semanal resulta fundamental para anticipar la evoluci\u00f3n de los precios al consumidor y las expectativas de los hogares.<\/p>\n\n\n\n<p>Como tambi\u00e9n en el del&nbsp;<strong>JP Morgan,<\/strong>&nbsp;a pesar del viaje del presidente Javier Milei a Estados Unidos para participar en del \u201cArgentina Week\u201d que se desarroll\u00f3 en las oficinas del banco, desde donde se busc\u00f3 transmitir la idea de que invertir en Argentina ahora es una oportunidad \u00fanica, los pron\u00f3sticos del banco m\u00e1s importante respecto a la inflaci\u00f3n no son optimistas.<\/p>\n\n\n\n<p>\u201cMientras esperamos datos adicionales de alta frecuencia, los precios de la educaci\u00f3n superior asociados al inicio del curso escolar, junto con los nuevos ajustes de precios regulados para la electricidad, el agua y los combustibles,<strong>&nbsp;sugieren que el IPC general tambi\u00e9n se situar\u00e1 cerca del 3% mensual en marzo, a pesar de la baja de los precios de los alimentos<\/strong>\u201d, dice un reporte fechado el jueves 12 de marzo.<\/p>\n\n\n\n<p>El banco advierte que, en general, se prev\u00e9 que la anticipaci\u00f3n de las subas de precios regulados y los precios persistentemente altos de la carne \u201cmantengan la inflaci\u00f3n general mensual por encima del umbral del 2% hasta principios del segundo trimestre de 2026\u2033. Y que reci\u00e9n va a desacelerar a 1,5% en el segundo, lo que arrojar\u00eda una inflaci\u00f3n anual en 2026 en torno a 26,5 por ciento.<\/p>\n\n\n\n<h2 class=\"wp-block-heading\">C\u00f3mo sigue<\/h2>\n\n\n\n<p>La perspectiva oficial, expresada por&nbsp;<strong>Luis Caputo<\/strong>, se sostiene en la necesidad de ajustar precios relativos, en particular en sectores regulados y en servicios, lo que va en l\u00ednea con las exigencias del Fondo Monetario Internacional (FMI). Seg\u00fan el ministro, la econom\u00eda necesita recomponer tarifas y valores de referencia, lo que genera un impacto directo en el IPC y en la percepci\u00f3n de los consumidores.<\/p>\n\n\n\n<p>Sin embargo, el presidente Milei ya marc\u00f3 que luego de marzo el indicador deber\u00eda entrar en un terreno de desaceleraci\u00f3n para que a mediados de a\u00f1o arranque con un cero, lo que en parte genera expectativas con el peligro de que no se cumpla. Sobre todo cuando no coincide con las proyecciones que tienen los privados, que en el \u00faltimo Relevamiento de Expectativas de Mercado (REM) del Banco Central, cambiaron sus estimaciones al alza.<\/p>\n\n\n\n<p>Los expertos estiman que\u00a0<strong>la inflaci\u00f3n de febrero ser\u00eda del 2,7%<\/strong>, un valor que supera por 0,6 puntos porcentuales al pron\u00f3stico que hab\u00edan arriesgado para ese mismo mes en el REM anterior. Pero no fue solo eso, sino que tambi\u00e9n ajustaron hacia arriba su proyecci\u00f3n para marzo: hasta la consultora previa consideraban que ser\u00eda del\u00a0<strong>2,2%\u00a0<\/strong>y lo subieron a<strong>\u00a02,5%<\/strong>, lo que ahora arrastra un margen de error por lo que sucedi\u00f3 en el segundo mes. Pero este mes jugar\u00e1 una variable m\u00e1s: se debe considerar cu\u00e1l ser\u00e1 el traslado final a surtidores del aumento del precio del barril de petr\u00f3leo. En la consultora Eco Go, plantearon tres escenarios a partir de una estructura de costos de la nafta en febrero que determin\u00f3 un precio de mercado de $<strong>&nbsp;1.592,6 por litro<\/strong>. En el escenario 1, que supone&nbsp;<strong>un traslado del 50% del aumento del barril internacional (20%) con ajuste parcial de los impuestos internos<\/strong>, el precio subir\u00eda a&nbsp;<strong>$1.731,3<\/strong>, lo que representa una variaci\u00f3n del&nbsp;<strong>8,7%&nbsp;<\/strong>respecto a febrero y una incidencia estimada en la inflaci\u00f3n de&nbsp;<strong>0,3 por ciento<\/strong>.<\/p>\n\n\n\n<p>En el escenario 2, con&nbsp;<strong>traslado total del incremento del barril (40%) y ajuste parcial de impuestos<\/strong>, el precio se ubicar\u00eda en&nbsp;<strong>$ 1.853,6<\/strong>, con un alza de&nbsp;<strong>16,4%&nbsp;<\/strong>y una incidencia inflacionaria de&nbsp;<strong>0,6%<\/strong>. La proyecci\u00f3n m\u00e1s extrema, escenario 3, contempla&nbsp;<strong>traslado completo del aumento del barril (40%) y actualizaci\u00f3n total de los impuestos internos<\/strong>, lo que elevar\u00eda el precio a $2.066,1, un salto de&nbsp;<strong>29,7%&nbsp;<\/strong>y un impacto potencial de&nbsp;<strong>1,1 por ciento<\/strong>.<\/p>\n\n\n\n<p>La din\u00e1mica inflacionaria de marzo se consolid\u00f3 como el principal tema econ\u00f3mico en la agenda p\u00fablica. El seguimiento semanal de precios, la identificaci\u00f3n de los rubros m\u00e1s afectados y las proyecciones para el cierre mensual ocupan el centro del an\u00e1lisis de analistas, consultoras y funcionarios. La aceleraci\u00f3n de la inflaci\u00f3n en alimentos y bebidas, en particular, impacta de manera directa en el poder de compra de los hogares y en la percepci\u00f3n social sobre la econom\u00eda.<\/p>\n","protected":false},"excerpt":{"rendered":"<p>Relevamientos privados muestran que la din\u00e1mica alcista se intensific\u00f3 en el arranque del mes, con aumentos en pescados y carnes. La explicaci\u00f3n del ministro Caputo&hellip; <\/p>\n","protected":false},"author":2,"featured_media":38189,"comment_status":"open","ping_status":"open","sticky":false,"template":"","format":"standard","meta":{"footnotes":""},"categories":[9,13],"tags":[],"class_list":["post-38188","post","type-post","status-publish","format-standard","has-post-thumbnail","hentry","category-destacadas","category-nacionales"],"_links":{"self":[{"href":"https:\/\/lametro989.com\/index.php?rest_route=\/wp\/v2\/posts\/38188","targetHints":{"allow":["GET"]}}],"collection":[{"href":"https:\/\/lametro989.com\/index.php?rest_route=\/wp\/v2\/posts"}],"about":[{"href":"https:\/\/lametro989.com\/index.php?rest_route=\/wp\/v2\/types\/post"}],"author":[{"embeddable":true,"href":"https:\/\/lametro989.com\/index.php?rest_route=\/wp\/v2\/users\/2"}],"replies":[{"embeddable":true,"href":"https:\/\/lametro989.com\/index.php?rest_route=%2Fwp%2Fv2%2Fcomments&post=38188"}],"version-history":[{"count":1,"href":"https:\/\/lametro989.com\/index.php?rest_route=\/wp\/v2\/posts\/38188\/revisions"}],"predecessor-version":[{"id":38190,"href":"https:\/\/lametro989.com\/index.php?rest_route=\/wp\/v2\/posts\/38188\/revisions\/38190"}],"wp:featuredmedia":[{"embeddable":true,"href":"https:\/\/lametro989.com\/index.php?rest_route=\/wp\/v2\/media\/38189"}],"wp:attachment":[{"href":"https:\/\/lametro989.com\/index.php?rest_route=%2Fwp%2Fv2%2Fmedia&parent=38188"}],"wp:term":[{"taxonomy":"category","embeddable":true,"href":"https:\/\/lametro989.com\/index.php?rest_route=%2Fwp%2Fv2%2Fcategories&post=38188"},{"taxonomy":"post_tag","embeddable":true,"href":"https:\/\/lametro989.com\/index.php?rest_route=%2Fwp%2Fv2%2Ftags&post=38188"}],"curies":[{"name":"wp","href":"https:\/\/api.w.org\/{rel}","templated":true}]}}