{"id":38194,"date":"2026-03-16T07:37:14","date_gmt":"2026-03-16T10:37:14","guid":{"rendered":"https:\/\/lametro989.com\/?p=38194"},"modified":"2026-03-16T07:37:14","modified_gmt":"2026-03-16T10:37:14","slug":"grabois-cruzo-a-milei-luego-de-que-el-presidente-defendiera-a-pattovello-por-libra-no-te-va-a-salvar-ni-papi-trump","status":"publish","type":"post","link":"https:\/\/lametro989.com\/?p=38194","title":{"rendered":"Grabois cruz\u00f3 a Milei luego de que el presidente defendiera a Pattovello por $Libra: &#8220;No te va a salvar ni papi Trump&#8221;"},"content":{"rendered":"\n<p>El diputado nacional cruz\u00f3 fuertemente a Milei luego de que defendiera a la ministra Sandra Pettovello por las acusaciones de\u00a0Maximiliano Ferraro en la causa $Libra. &#8220;Est\u00e1n todos hasta las manos&#8221;, afirm\u00f3 Grabois.<\/p>\n\n\n\n<figure class=\"wp-block-image size-full\"><img loading=\"lazy\" decoding=\"async\" width=\"987\" height=\"555\" src=\"https:\/\/lametro989.com\/wp-content\/uploads\/2026\/03\/image-129.png\" alt=\"\" class=\"wp-image-38195\" srcset=\"https:\/\/lametro989.com\/wp-content\/uploads\/2026\/03\/image-129.png 987w, https:\/\/lametro989.com\/wp-content\/uploads\/2026\/03\/image-129-300x169.png 300w, https:\/\/lametro989.com\/wp-content\/uploads\/2026\/03\/image-129-768x432.png 768w\" sizes=\"auto, (max-width: 987px) 100vw, 987px\" \/><\/figure>\n\n\n\n<p>l diputado nacional\u00a0<strong><a href=\"https:\/\/www.perfil.com\/noticias\/politica\/juan-grabois-pidio-que-la-causa-libra-deje-de-estar-solo-a-cargo-de-luciani-taiano.phtml\" target=\"_blank\" rel=\"noreferrer noopener\">Juan Grabois<\/a>\u00a0cruz\u00f3 fuertemente a Javier Milei<\/strong>\u00a0este domingo por la noche, luego de que el presidente defendiera a la ministra Sandra Pettovello por las\u00a0<a href=\"https:\/\/www.perfil.com\/noticias\/politica\/sandra-pettovello-cruzo-a-maximiliano-ferraro-y-nego-una-reunion-con-novelli-en-el-caso-libra.phtml\" target=\"_blank\" rel=\"noreferrer noopener\">acusaciones de Maximiliano Ferraro en la\u00a0<strong>causa<\/strong>\u00a0<strong>$Libra<\/strong><\/a>. En su publicaci\u00f3n en X, Grabois instig\u00f3: &#8220;Est\u00e1n todos hasta las manos,\u00a0<strong>de esta no te salva ni papi Trump<\/strong>&#8220;. El cruce comenz\u00f3 cuando Ferraro plante\u00f3 interrogantes sobre un supuesto encuentro entre Pettovello y el lobista&nbsp;<strong>Mauricio Novelli.&nbsp;<\/strong>La ministra de Capital Humano se encarg\u00f3 de llamarlo por tel\u00e9fono para negar categ\u00f3ricamente el dato y, luego de que el legislador de la Coalici\u00f3n C\u00edvica se negara a darle la raz\u00f3n en X, Pettovello reforz\u00f3 su relato de forma tajante.<\/p>\n\n\n\n<p>Para expresar apoyo, Javier Milei comparti\u00f3 el tuit de la ministra y escribi\u00f3: &#8220;<strong>Sacales la ficha, son as\u00ed<\/strong>. Fin&#8221;. Grabois, que fue confirmado en diciembre de 2025 por la Corte Suprema de Justicia como uno de los\u00a0<strong>querellantes<\/strong>\u00a0en la causa $Libra, le respondi\u00f3 con un enf\u00e1tico cuestionamiento. \u201c\u00bfPod\u00e9s desmentir que la secretaria general de la presidencia Karina Milei recibi\u00f3 dinero de Novelli? \u00bfPod\u00e9s desmentir que el d\u00eda que se consumo la estafa Libra<strong>&nbsp;hubo al menos 20 llamadas entre vos y Novelli&nbsp;<\/strong>o entre \u00e9ste y Karina Milei? \u00bfPod\u00e9s desmentir que Karina Milei<strong>&nbsp;le facilit\u00f3 el tel\u00e9fono de Sandra Pettovello a Novelli&nbsp;<\/strong>para que proponga sus negocios? \u00bfPod\u00e9s desmentir que existe<strong>&nbsp;documentaci\u00f3n que prueba un acuerdo econ\u00f3mico millonario&nbsp;<\/strong>con Novelli? Est\u00e1n todos hasta las manos,&nbsp;<strong>de esta no te salva ni papi Trump<\/strong>.\u201d<\/p>\n\n\n\n<figure class=\"wp-block-image\"><img decoding=\"async\" src=\"https:\/\/fotos.perfil.com\/\/2026\/03\/16\/900\/0\/juan-grabois-20260315-2203381.png\" alt=\"Juan Grabois 20260315\"\/><\/figure>\n\n\n\n<p>Mientras que Milei este domingo se dedic\u00f3 a tuitear sobre diversos temas de agenda, se limit\u00f3 a definir el criptoesc\u00e1ndalo como una&nbsp;<strong>&#8220;mafia medi\u00e1tica&#8221;<\/strong>. Por su parte, Grabois se refiri\u00f3 al presidente estadounidense por su asociaci\u00f3n t\u00e1ctica por el alineamiento de la gesti\u00f3n libertaria con Washington.<\/p>\n\n\n\n<p>El diputado de Uni\u00f3n por la Patria fue uno de los protagonistas de la noche de apertura de las sesiones ordinarias del Congreso Nacional, este mes. Lleg\u00f3 a su banca con un cartel que confeccion\u00f3 a mano con la leyenda&nbsp;<strong>&#8220;$L\u00edbranos del mal&#8221;<\/strong>, que se encarg\u00f3 de exhibir ante los fot\u00f3grafos presentes en el recinto y tambi\u00e9n para que lo vieran los legisladores del oficialismo y los militantes que alentaban al l\u00edder libertario desde los palcos. M\u00e1s tarde tuvo un fuerte cruce con el presidente Javier Milei, quien lo calific\u00f3 de &#8220;oligarca disfrazado de pordiosero&#8221;.<\/p>\n\n\n\n<h2 class=\"wp-block-heading\">Diputados convocan a una conferencia de prensa por la causa $Libra<\/h2>\n\n\n\n<p>Diputadas y diputados integrantes de la\u00a0<strong>Comisi\u00f3n Investigadora sobre el caso $Libra\u00a0<\/strong>convocaron a una\u00a0<strong>conferencia de prensa<\/strong>\u00a0para este lunes 16 a las 16 en la Honorable C\u00e1mara de Diputados de la Naci\u00f3n. El encuentro se realizar\u00e1 a ra\u00edz de los hechos recientes que tomaron estado p\u00fablico en torno a la causa y que guardan relaci\u00f3n con el informe final que la comisi\u00f3n present\u00f3 en noviembre de 2025. Durante la conferencia, los legisladores brindar\u00e1n precisiones sobre las nuevas informaciones conocidas p\u00fablicamente, su v\u00ednculo con las conclusiones ya elaboradas por la comisi\u00f3n investigadora y los<strong>&nbsp;pasos institucionales que consideran necesarios&nbsp;<\/strong>tanto en el \u00e1mbito legislativo como en el judicial.<\/p>\n\n\n\n<p>La convocatoria se dispuso horas despu\u00e9s de trascender que&nbsp;<strong>el tel\u00e9fono celular del lobista Mauricio Novelli conten\u00eda una anotaci\u00f3n sobre un presunto acuerdo por 5 millones de d\u00f3lares<\/strong>&nbsp;vinculados al apoyo del presidente Javier Milei al criptoactivo $Libra, seg\u00fan copias del documento difundidas en la causa judicial.\u200b<\/p>\n\n\n\n<p>Ese \u201cmemo\u201d, que peritos del Ministerio P\u00fablico Fiscal recuperaron tras un intento de borrado, detalla<strong>&nbsp;tres pagos en tokens o efectivo<\/strong>: un adelanto, otro ligado a un tuit presidencial y un \u00faltimo tramo por la firma de un contrato de asesor\u00eda en blockchain e inteligencia artificial con Milei.\u200b<\/p>\n","protected":false},"excerpt":{"rendered":"<p>El diputado nacional cruz\u00f3 fuertemente a Milei luego de que defendiera a la ministra Sandra Pettovello por las acusaciones de\u00a0Maximiliano Ferraro en la causa $Libra.&hellip; <\/p>\n","protected":false},"author":2,"featured_media":38195,"comment_status":"open","ping_status":"open","sticky":false,"template":"","format":"standard","meta":{"footnotes":""},"categories":[9,5],"tags":[],"class_list":["post-38194","post","type-post","status-publish","format-standard","has-post-thumbnail","hentry","category-destacadas","category-politica"],"_links":{"self":[{"href":"https:\/\/lametro989.com\/index.php?rest_route=\/wp\/v2\/posts\/38194","targetHints":{"allow":["GET"]}}],"collection":[{"href":"https:\/\/lametro989.com\/index.php?rest_route=\/wp\/v2\/posts"}],"about":[{"href":"https:\/\/lametro989.com\/index.php?rest_route=\/wp\/v2\/types\/post"}],"author":[{"embeddable":true,"href":"https:\/\/lametro989.com\/index.php?rest_route=\/wp\/v2\/users\/2"}],"replies":[{"embeddable":true,"href":"https:\/\/lametro989.com\/index.php?rest_route=%2Fwp%2Fv2%2Fcomments&post=38194"}],"version-history":[{"count":1,"href":"https:\/\/lametro989.com\/index.php?rest_route=\/wp\/v2\/posts\/38194\/revisions"}],"predecessor-version":[{"id":38196,"href":"https:\/\/lametro989.com\/index.php?rest_route=\/wp\/v2\/posts\/38194\/revisions\/38196"}],"wp:featuredmedia":[{"embeddable":true,"href":"https:\/\/lametro989.com\/index.php?rest_route=\/wp\/v2\/media\/38195"}],"wp:attachment":[{"href":"https:\/\/lametro989.com\/index.php?rest_route=%2Fwp%2Fv2%2Fmedia&parent=38194"}],"wp:term":[{"taxonomy":"category","embeddable":true,"href":"https:\/\/lametro989.com\/index.php?rest_route=%2Fwp%2Fv2%2Fcategories&post=38194"},{"taxonomy":"post_tag","embeddable":true,"href":"https:\/\/lametro989.com\/index.php?rest_route=%2Fwp%2Fv2%2Ftags&post=38194"}],"curies":[{"name":"wp","href":"https:\/\/api.w.org\/{rel}","templated":true}]}}