{"id":38197,"date":"2026-03-16T07:40:52","date_gmt":"2026-03-16T10:40:52","guid":{"rendered":"https:\/\/lametro989.com\/?p=38197"},"modified":"2026-03-16T07:40:52","modified_gmt":"2026-03-16T10:40:52","slug":"involucran-a-yanina-latorre-en-escandalo-libra-por-presuntos-chats-con-mauricio-novelli-su-escueto-descargo","status":"publish","type":"post","link":"https:\/\/lametro989.com\/?p=38197","title":{"rendered":"Involucran a Yanina Latorre en esc\u00e1ndalo $LIBRA por presuntos chats con Mauricio Novelli: su escueto descargo"},"content":{"rendered":"\n<p>La criptoestafa que salpica al presidente Javier Milei contin\u00faa sumando episodios y esta vez fue la periodista Fernanda Iglesias la que apunt\u00f3 a su colega.<\/p>\n\n\n\n<figure class=\"wp-block-image size-full\"><img loading=\"lazy\" decoding=\"async\" width=\"610\" height=\"436\" src=\"https:\/\/lametro989.com\/wp-content\/uploads\/2026\/03\/image-130.png\" alt=\"\" class=\"wp-image-38198\" srcset=\"https:\/\/lametro989.com\/wp-content\/uploads\/2026\/03\/image-130.png 610w, https:\/\/lametro989.com\/wp-content\/uploads\/2026\/03\/image-130-300x214.png 300w\" sizes=\"auto, (max-width: 610px) 100vw, 610px\" \/><\/figure>\n\n\n\n<p>El esc\u00e1ndalo de la criptomoneda&nbsp;<strong><a href=\"https:\/\/www.minutouno.com\/politica\/sandra-pettovello-nego-versiones-una-reunion-mauricio-novelli-me-llaman-muchas-personas-n6256266\" target=\"_blank\" rel=\"noreferrer noopener\">$LIBRA<\/a><\/strong>&nbsp;suma un nuevo y explosivo cap\u00edtulo que vincula al mundo del espect\u00e1culo con el poder pol\u00edtico, ya que la periodista&nbsp;<strong>Fernanda Iglesias<\/strong>&nbsp;filtr\u00f3 una serie de capturas de&nbsp;<strong>WhatsApp<\/strong>&nbsp;atribuidas a la panelista&nbsp;<strong>Yanina Latorre<\/strong>&nbsp;y el empresario investigado&nbsp;<strong>Mauricio Novelli<\/strong>, donde se exponen acuerdos por promociones pagas y menciones directas al presidente&nbsp;<strong>Javier Milei<\/strong>.<\/p>\n\n\n\n<p>Los chats revelan una din\u00e1mica comercial fluida entre Novelli y Latorre para promocionar activos digitales en Instagram, y en los mensajes, el empresario presiona para cerrar un paquete de publicaciones.\u00a0&#8220;\u00bfTe parece si avanzamos con las historias? As\u00ed las liquidamos las tres este mes&#8221;,\u00a0propone, a lo que la panelista accede solicitando los guiones correspondientes.<\/p>\n\n\n\n<figure class=\"wp-block-image size-full\"><img loading=\"lazy\" decoding=\"async\" width=\"610\" height=\"917\" src=\"https:\/\/lametro989.com\/wp-content\/uploads\/2026\/03\/image-131.png\" alt=\"\" class=\"wp-image-38199\" srcset=\"https:\/\/lametro989.com\/wp-content\/uploads\/2026\/03\/image-131.png 610w, https:\/\/lametro989.com\/wp-content\/uploads\/2026\/03\/image-131-200x300.png 200w\" sizes=\"auto, (max-width: 610px) 100vw, 610px\" \/><\/figure>\n\n\n\n<p>Sin embargo, el punto m\u00e1s pol\u00e9mico surge cuando Novelli le ofrece una ganancia inmediata de&nbsp;<strong>5.000 d\u00f3lares<\/strong>&nbsp;a cambio de registrarse en una plataforma de criptomonedas y verificar su identidad a trav\u00e9s de un link referido.<\/p>\n\n\n\n<p>Lo que comenz\u00f3 como una aparente negociaci\u00f3n publicitaria tom\u00f3 un giro pol\u00edtico cuando Novelli mencion\u00f3 su cercan\u00eda con el Ejecutivo.&nbsp;&#8220;Reci\u00e9n vuelvo de Casa Rosada. Te quer\u00eda llamar por algo&#8221;, escribi\u00f3 el empresario, en uno de los supuestos chats. La presunta respuesta de Latorre no hizo m\u00e1s que encender las alarmas sobre el alcance de estas relaciones.<\/p>\n\n\n\n<p><strong>&#8220;Me habl\u00f3 Milei el otro d\u00eda. \u00bfEs por \u00e9l?&#8221;<\/strong>, consult\u00f3 la panelista, siembre de acuerdo con los mensajes difundidos por Iglesias; a lo que Novelli confirm\u00f3 haber hablado con el mandatario recientemente antes de concretar una llamada privada de m\u00e1s de cinco minutos.<\/p>\n\n\n\n<p>Los supuestos chats de Yanina Latorre con Mauricio Novelli<\/p>\n\n\n\n<figure class=\"wp-block-image\" id=\"8199649-Libre-2074632666_wrap\"><img decoding=\"async\" src=\"https:\/\/media.minutouno.com\/p\/075e0ad62e7385c5095fe28c3514399d\/adjuntos\/150\/imagenes\/043\/235\/0043235870\/610x0\/smart\/image.png\" alt=\"\" title=\"\"\/><\/figure>\n\n\n\n<figure class=\"wp-block-image\" id=\"8199650-Libre-1691733012_wrap\"><img decoding=\"async\" src=\"https:\/\/media.minutouno.com\/p\/5e86e730f5d45ade58391d989a8f01e0\/adjuntos\/150\/imagenes\/043\/235\/0043235871\/610x0\/smart\/image.png\" alt=\"\" title=\"\"\/><\/figure>\n\n\n\n<figure class=\"wp-block-image\" id=\"8199651-Libre-416931012_wrap\"><img decoding=\"async\" src=\"https:\/\/media.minutouno.com\/p\/01a85c2d30b8dff3ec78b889b46aa17c\/adjuntos\/150\/imagenes\/043\/235\/0043235872\/610x0\/smart\/image.png\" alt=\"\" title=\"\"\/><\/figure>\n\n\n\n<figure class=\"wp-block-image\" id=\"8199652-Libre-823192764_wrap\"><img decoding=\"async\" src=\"https:\/\/media.minutouno.com\/p\/226005feac6a62f04fcb39a2f9167aba\/adjuntos\/150\/imagenes\/043\/235\/0043235873\/610x0\/smart\/image.png\" alt=\"\" title=\"\"\/><\/figure>\n\n\n\n<h2 class=\"wp-block-heading\">Qu\u00e9 dijo Yanina Latorre<\/h2>\n\n\n\n<p>A trav\u00e9s de su cuenta de Instagram, la panelista lanz\u00f3 un breve descargo, en el que dijo &#8220;leer algunas pavadas&#8221; y en el que asegur\u00f3 no &#8220;valer 3.000 d\u00f3lares&#8221; en un intento confuso de negar la informaci\u00f3n.<\/p>\n\n\n\n<figure class=\"wp-block-image\" id=\"8199653-Libre-188011436_wrap\"><img decoding=\"async\" src=\"https:\/\/media.minutouno.com\/p\/9a1df22dcec2601ef8576b09dab0adc7\/adjuntos\/150\/imagenes\/043\/235\/0043235874\/610x0\/smart\/image.png\" alt=\"\" title=\"\"\/><\/figure>\n\n\n\n<figure class=\"wp-block-image\" id=\"8199655-Libre-1128918533_wrap\"><img decoding=\"async\" src=\"https:\/\/media.minutouno.com\/p\/619e74f21d7aaa9276a56f8eb6287a05\/adjuntos\/150\/imagenes\/043\/235\/0043235876\/610x0\/smart\/image.png\" alt=\"\" title=\"\"\/><\/figure>\n","protected":false},"excerpt":{"rendered":"<p>La criptoestafa que salpica al presidente Javier Milei contin\u00faa sumando episodios y esta vez fue la periodista Fernanda Iglesias la que apunt\u00f3 a su colega.&hellip; <\/p>\n","protected":false},"author":2,"featured_media":38198,"comment_status":"open","ping_status":"open","sticky":false,"template":"","format":"standard","meta":{"footnotes":""},"categories":[9,13],"tags":[],"class_list":["post-38197","post","type-post","status-publish","format-standard","has-post-thumbnail","hentry","category-destacadas","category-nacionales"],"_links":{"self":[{"href":"https:\/\/lametro989.com\/index.php?rest_route=\/wp\/v2\/posts\/38197","targetHints":{"allow":["GET"]}}],"collection":[{"href":"https:\/\/lametro989.com\/index.php?rest_route=\/wp\/v2\/posts"}],"about":[{"href":"https:\/\/lametro989.com\/index.php?rest_route=\/wp\/v2\/types\/post"}],"author":[{"embeddable":true,"href":"https:\/\/lametro989.com\/index.php?rest_route=\/wp\/v2\/users\/2"}],"replies":[{"embeddable":true,"href":"https:\/\/lametro989.com\/index.php?rest_route=%2Fwp%2Fv2%2Fcomments&post=38197"}],"version-history":[{"count":1,"href":"https:\/\/lametro989.com\/index.php?rest_route=\/wp\/v2\/posts\/38197\/revisions"}],"predecessor-version":[{"id":38200,"href":"https:\/\/lametro989.com\/index.php?rest_route=\/wp\/v2\/posts\/38197\/revisions\/38200"}],"wp:featuredmedia":[{"embeddable":true,"href":"https:\/\/lametro989.com\/index.php?rest_route=\/wp\/v2\/media\/38198"}],"wp:attachment":[{"href":"https:\/\/lametro989.com\/index.php?rest_route=%2Fwp%2Fv2%2Fmedia&parent=38197"}],"wp:term":[{"taxonomy":"category","embeddable":true,"href":"https:\/\/lametro989.com\/index.php?rest_route=%2Fwp%2Fv2%2Fcategories&post=38197"},{"taxonomy":"post_tag","embeddable":true,"href":"https:\/\/lametro989.com\/index.php?rest_route=%2Fwp%2Fv2%2Ftags&post=38197"}],"curies":[{"name":"wp","href":"https:\/\/api.w.org\/{rel}","templated":true}]}}