{"id":38207,"date":"2026-03-16T07:46:42","date_gmt":"2026-03-16T10:46:42","guid":{"rendered":"https:\/\/lametro989.com\/?p=38207"},"modified":"2026-03-16T07:46:42","modified_gmt":"2026-03-16T10:46:42","slug":"poca-fe-boca-no-paso-del-empate-ante-union","status":"publish","type":"post","link":"https:\/\/lametro989.com\/?p=38207","title":{"rendered":"Poca Fe: Boca no pas\u00f3 del empate ante Uni\u00f3n"},"content":{"rendered":"\n<p>El Xeneize igual\u00f3 1-1 y sigue inmerso en su irregularidad en el Torneo Apertura<\/p>\n\n\n\n<figure class=\"wp-block-image size-large\"><img loading=\"lazy\" decoding=\"async\" width=\"1024\" height=\"708\" src=\"https:\/\/lametro989.com\/wp-content\/uploads\/2026\/03\/image-134-1024x708.png\" alt=\"\" class=\"wp-image-38208\" srcset=\"https:\/\/lametro989.com\/wp-content\/uploads\/2026\/03\/image-134-1024x708.png 1024w, https:\/\/lametro989.com\/wp-content\/uploads\/2026\/03\/image-134-300x208.png 300w, https:\/\/lametro989.com\/wp-content\/uploads\/2026\/03\/image-134-768x531.png 768w, https:\/\/lametro989.com\/wp-content\/uploads\/2026\/03\/image-134.png 1301w\" sizes=\"auto, (max-width: 1024px) 100vw, 1024px\" \/><\/figure>\n\n\n\n<p><strong><a href=\"https:\/\/www.elgrafico.com.ar\/etiqueta\/boca\" target=\"_blank\" rel=\"noreferrer noopener\">BOCA<\/a>&nbsp;igual\u00f3 1-1 ante&nbsp;<a href=\"https:\/\/www.elgrafico.com.ar\/etiqueta\/union\" target=\"_blank\" rel=\"noreferrer noopener\">UNI\u00d3N<\/a><\/strong>&nbsp;en el 15 de abril de Santa Fe, por la continuidad de la fecha 11 del&nbsp;<strong><a href=\"https:\/\/www.elgrafico.com.ar\/etiqueta\/torneo%20apertura%202026\" target=\"_blank\" rel=\"noreferrer noopener\">Torneo Apertura<\/a>.<\/strong><\/p>\n\n\n\n<p>El Xeneize comenz\u00f3 abajo en el marcador por un golazo de Juli\u00e1n Palacios justo antes del descanso. El equipo de Claudio \u00dabeda alcanz\u00f3 el empate por intermedio de Miguel Merentiel, que aprovech\u00f3 un rebote luego de una pirueta formidable de Adam Bareiro. En la previa del compromiso\u00a0<strong>fue distinguido el campe\u00f3n del mundo Leandro Paredes<\/strong>\u00a0por la dirigencia del Tatengue. Mansilla tuvo varias atajadas que sostuvieron a Uni\u00f3n en partido. El equipo de Madel\u00f3n marcha segundo en la zona A y en la pr\u00f3xima fecha visitar\u00e1 a Defensa y Justicia.<\/p>\n\n\n\n<p>Boca, por su parte, ser\u00e1 local frente a Instituto el domingo 22 de marzo. El Xeneize empat\u00f3 cinco de sus \u00faltimos seis compromisos en el Torneo Apertura.<\/p>\n","protected":false},"excerpt":{"rendered":"<p>El Xeneize igual\u00f3 1-1 y sigue inmerso en su irregularidad en el Torneo Apertura BOCA&nbsp;igual\u00f3 1-1 ante&nbsp;UNI\u00d3N&nbsp;en el 15 de abril de Santa Fe, por&hellip; <\/p>\n","protected":false},"author":2,"featured_media":38208,"comment_status":"open","ping_status":"open","sticky":false,"template":"","format":"standard","meta":{"footnotes":""},"categories":[10],"tags":[],"class_list":["post-38207","post","type-post","status-publish","format-standard","has-post-thumbnail","hentry","category-deportes"],"_links":{"self":[{"href":"https:\/\/lametro989.com\/index.php?rest_route=\/wp\/v2\/posts\/38207","targetHints":{"allow":["GET"]}}],"collection":[{"href":"https:\/\/lametro989.com\/index.php?rest_route=\/wp\/v2\/posts"}],"about":[{"href":"https:\/\/lametro989.com\/index.php?rest_route=\/wp\/v2\/types\/post"}],"author":[{"embeddable":true,"href":"https:\/\/lametro989.com\/index.php?rest_route=\/wp\/v2\/users\/2"}],"replies":[{"embeddable":true,"href":"https:\/\/lametro989.com\/index.php?rest_route=%2Fwp%2Fv2%2Fcomments&post=38207"}],"version-history":[{"count":1,"href":"https:\/\/lametro989.com\/index.php?rest_route=\/wp\/v2\/posts\/38207\/revisions"}],"predecessor-version":[{"id":38209,"href":"https:\/\/lametro989.com\/index.php?rest_route=\/wp\/v2\/posts\/38207\/revisions\/38209"}],"wp:featuredmedia":[{"embeddable":true,"href":"https:\/\/lametro989.com\/index.php?rest_route=\/wp\/v2\/media\/38208"}],"wp:attachment":[{"href":"https:\/\/lametro989.com\/index.php?rest_route=%2Fwp%2Fv2%2Fmedia&parent=38207"}],"wp:term":[{"taxonomy":"category","embeddable":true,"href":"https:\/\/lametro989.com\/index.php?rest_route=%2Fwp%2Fv2%2Fcategories&post=38207"},{"taxonomy":"post_tag","embeddable":true,"href":"https:\/\/lametro989.com\/index.php?rest_route=%2Fwp%2Fv2%2Ftags&post=38207"}],"curies":[{"name":"wp","href":"https:\/\/api.w.org\/{rel}","templated":true}]}}