{"id":38210,"date":"2026-03-16T07:51:23","date_gmt":"2026-03-16T10:51:23","guid":{"rendered":"https:\/\/lametro989.com\/?p=38210"},"modified":"2026-03-16T07:51:23","modified_gmt":"2026-03-16T10:51:23","slug":"general-san-martin-detuvieron-a-un-hombre-con-pedido-de-captura-por-violencia-de-genero","status":"publish","type":"post","link":"https:\/\/lametro989.com\/?p=38210","title":{"rendered":"General San Mart\u00edn: Detuvieron a un hombre con pedido de captura por violencia de g\u00e9nero"},"content":{"rendered":"\n<p><em>Un hombre de\u00a0<strong>39 a\u00f1os fue detenido durante la madrugada de este lunes en General San Mart\u00edn<\/strong>, luego de que personal policial detectara que ten\u00eda\u00a0<strong>un pedido de aprehensi\u00f3n vigente en una causa por violencia de g\u00e9nero<\/strong>.<\/em><\/p>\n\n\n\n<figure class=\"wp-block-image size-full\"><img loading=\"lazy\" decoding=\"async\" width=\"850\" height=\"543\" src=\"https:\/\/lametro989.com\/wp-content\/uploads\/2026\/03\/image-135.png\" alt=\"\" class=\"wp-image-38211\" srcset=\"https:\/\/lametro989.com\/wp-content\/uploads\/2026\/03\/image-135.png 850w, https:\/\/lametro989.com\/wp-content\/uploads\/2026\/03\/image-135-300x192.png 300w, https:\/\/lametro989.com\/wp-content\/uploads\/2026\/03\/image-135-768x491.png 768w\" sizes=\"auto, (max-width: 850px) 100vw, 850px\" \/><\/figure>\n\n\n\n<p>El procedimiento&nbsp;<strong>se llev\u00f3 a cabo alrededor de las 00:40 en el barrio Industrial,<\/strong>&nbsp;donde efectivos de la Divisi\u00f3n 911 realizaban tareas de i<strong>dentificaci\u00f3n de personas en el marco de operativos preventivos.<\/strong><\/p>\n\n\n\n<p>Durante el control, los agentes&nbsp;<strong>demoraron a un hombre para verificar su identidad y, al consultar el sistema de antecedentes personales, constataron que el ciudadano ten\u00eda un requerimiento judicial pendiente vinculado a una investigaci\u00f3n por violencia de g\u00e9nero.<\/strong><\/p>\n\n\n\n<p>Ante esta situaci\u00f3n, el individuo fue trasladado a la dependencia policial, donde qued\u00f3 a disposici\u00f3n de la Divisi\u00f3n Violencia Familiar y de G\u00e9nero, que interviene en este tipo de casos.<\/p>\n\n\n\n<p>Las actuaciones fueron puestas en conocimiento de la Justicia, que continuar\u00e1 con el proceso correspondiente en el marco de la causa.<\/p>\n","protected":false},"excerpt":{"rendered":"<p>Un hombre de\u00a039 a\u00f1os fue detenido durante la madrugada de este lunes en General San Mart\u00edn, luego de que personal policial detectara que ten\u00eda\u00a0un pedido&hellip; <\/p>\n","protected":false},"author":2,"featured_media":38211,"comment_status":"open","ping_status":"open","sticky":false,"template":"","format":"standard","meta":{"footnotes":""},"categories":[9,2],"tags":[],"class_list":["post-38210","post","type-post","status-publish","format-standard","has-post-thumbnail","hentry","category-destacadas","category-provinciales"],"_links":{"self":[{"href":"https:\/\/lametro989.com\/index.php?rest_route=\/wp\/v2\/posts\/38210","targetHints":{"allow":["GET"]}}],"collection":[{"href":"https:\/\/lametro989.com\/index.php?rest_route=\/wp\/v2\/posts"}],"about":[{"href":"https:\/\/lametro989.com\/index.php?rest_route=\/wp\/v2\/types\/post"}],"author":[{"embeddable":true,"href":"https:\/\/lametro989.com\/index.php?rest_route=\/wp\/v2\/users\/2"}],"replies":[{"embeddable":true,"href":"https:\/\/lametro989.com\/index.php?rest_route=%2Fwp%2Fv2%2Fcomments&post=38210"}],"version-history":[{"count":1,"href":"https:\/\/lametro989.com\/index.php?rest_route=\/wp\/v2\/posts\/38210\/revisions"}],"predecessor-version":[{"id":38212,"href":"https:\/\/lametro989.com\/index.php?rest_route=\/wp\/v2\/posts\/38210\/revisions\/38212"}],"wp:featuredmedia":[{"embeddable":true,"href":"https:\/\/lametro989.com\/index.php?rest_route=\/wp\/v2\/media\/38211"}],"wp:attachment":[{"href":"https:\/\/lametro989.com\/index.php?rest_route=%2Fwp%2Fv2%2Fmedia&parent=38210"}],"wp:term":[{"taxonomy":"category","embeddable":true,"href":"https:\/\/lametro989.com\/index.php?rest_route=%2Fwp%2Fv2%2Fcategories&post=38210"},{"taxonomy":"post_tag","embeddable":true,"href":"https:\/\/lametro989.com\/index.php?rest_route=%2Fwp%2Fv2%2Ftags&post=38210"}],"curies":[{"name":"wp","href":"https:\/\/api.w.org\/{rel}","templated":true}]}}