{"id":38216,"date":"2026-03-16T08:23:19","date_gmt":"2026-03-16T11:23:19","guid":{"rendered":"https:\/\/lametro989.com\/?p=38216"},"modified":"2026-03-16T08:23:19","modified_gmt":"2026-03-16T11:23:19","slug":"dalma-maradona-recordo-las-locuras-que-hizo-diego-para-cumplirle-el-sueno-de-conocer-a-los-backstreet-boys","status":"publish","type":"post","link":"https:\/\/lametro989.com\/?p=38216","title":{"rendered":"Dalma Maradona record\u00f3 las locuras que hizo Diego para cumplirle el sue\u00f1o de conocer a los Backstreet Boys"},"content":{"rendered":"\n<p>Sin dudas,\u00a0<strong>Diego Maradona\u00a0<\/strong>no solo es el \u00eddolo de muchos argentinos y el mejor futbolista en la historia, sino que, adem\u00e1s, es uno de los famosos con m\u00e1s an\u00e9cdotas e historias desopilantes que se pueda conocer. <\/p>\n\n\n\n<figure class=\"wp-block-image size-full\"><img loading=\"lazy\" decoding=\"async\" width=\"320\" height=\"158\" src=\"https:\/\/lametro989.com\/wp-content\/uploads\/2026\/03\/image-136.png\" alt=\"\" class=\"wp-image-38217\" srcset=\"https:\/\/lametro989.com\/wp-content\/uploads\/2026\/03\/image-136.png 320w, https:\/\/lametro989.com\/wp-content\/uploads\/2026\/03\/image-136-300x148.png 300w\" sizes=\"auto, (max-width: 320px) 100vw, 320px\" \/><\/figure>\n\n\n\n<p>Por eso, no resulta extra\u00f1o que a\u00fan en su ausencia siempre haya algo nuevo por saber. Incluso, para su propia familia suelen aparecer recuerdos, fotos y videos que ni siquiera atesoraban o ten\u00edan en mente. Y fue en las \u00faltimas horas su propia hija\u00a0<strong>Dalma Maradona<\/strong>\u00a0quien comparti\u00f3 un momento muy especial con su padre y que bien lo describe como persona y personaje \u00fanico que fue.<\/p>\n\n\n\n<p>Invitada a Todo pasa en Urbana Play, la actriz accedi\u00f3 a contar alguna an\u00e9cdota con el Diez y, destacando que est\u00e1 en el puesto n\u00famero uno del top ten, lanz\u00f3: &#8220;Yo quiero contar la de los\u00a0<em>Backstreet Boys,\u00a0<\/em>desesperada&#8221;. Ah\u00ed nom\u00e1s, la heredera del ex futbolista comenz\u00f3 a recordar ese d\u00eda especial para ella.\u201cYo le dije que quer\u00eda ver el show de los Backstreet Boys, obviamente fuimos y despu\u00e9s le dije que los quer\u00eda conocer y \u00e9l me contesta: &#8216;Pero\u00a0, yo no s\u00e9, no conozco a nadie&#8217;\u201d, comenz\u00f3. A lo que la hija del astro del futbol fallecido hace 6 a\u00f1os continu\u00f3: \u201cAgarr\u00f3 la camioneta y sigui\u00f3 al micro de los Backstreet Boys\u201d. ASI ERA MARADONA: LA MANO QUE LE DIO DIOS PARA CONOCER A SUS IDOLOS<\/p>\n\n\n\n<p>\u201cLes tocaba bocina, obvio que nadie lo registraba, todos les tocaban bocina. Entraron al hotel, (Diego) baj\u00f3, y les dijo: &#8216;Hola, que tal, soy Diego Maradona, mi hija quiere saludar a los Backstreet Boys&#8217;. Y\u00a0<strong>Howie (Dorough<\/strong>) que era el m\u00e1s latino, lo reconoci\u00f3, dijo: &#8216;\u00a1No puede ser!\u201d, sum\u00f3 Dalma.  Finalmente, sobre ese momento de 1998, cuando la banda vino al pa\u00eds para presentarse con su show en La Bombonera,\u00a0remat\u00f3: \u201cY de repente est\u00e1bamos todos sac\u00e1ndonos fotos con los Backstreet Boys. \u00c9l fue, lo pidi\u00f3 y terminamos todos con la foto&#8221;.<\/p>\n","protected":false},"excerpt":{"rendered":"<p>Sin dudas,\u00a0Diego Maradona\u00a0no solo es el \u00eddolo de muchos argentinos y el mejor futbolista en la historia, sino que, adem\u00e1s, es uno de los famosos&hellip; <\/p>\n","protected":false},"author":2,"featured_media":38217,"comment_status":"open","ping_status":"open","sticky":false,"template":"","format":"standard","meta":{"footnotes":""},"categories":[13],"tags":[],"class_list":["post-38216","post","type-post","status-publish","format-standard","has-post-thumbnail","hentry","category-nacionales"],"_links":{"self":[{"href":"https:\/\/lametro989.com\/index.php?rest_route=\/wp\/v2\/posts\/38216","targetHints":{"allow":["GET"]}}],"collection":[{"href":"https:\/\/lametro989.com\/index.php?rest_route=\/wp\/v2\/posts"}],"about":[{"href":"https:\/\/lametro989.com\/index.php?rest_route=\/wp\/v2\/types\/post"}],"author":[{"embeddable":true,"href":"https:\/\/lametro989.com\/index.php?rest_route=\/wp\/v2\/users\/2"}],"replies":[{"embeddable":true,"href":"https:\/\/lametro989.com\/index.php?rest_route=%2Fwp%2Fv2%2Fcomments&post=38216"}],"version-history":[{"count":1,"href":"https:\/\/lametro989.com\/index.php?rest_route=\/wp\/v2\/posts\/38216\/revisions"}],"predecessor-version":[{"id":38218,"href":"https:\/\/lametro989.com\/index.php?rest_route=\/wp\/v2\/posts\/38216\/revisions\/38218"}],"wp:featuredmedia":[{"embeddable":true,"href":"https:\/\/lametro989.com\/index.php?rest_route=\/wp\/v2\/media\/38217"}],"wp:attachment":[{"href":"https:\/\/lametro989.com\/index.php?rest_route=%2Fwp%2Fv2%2Fmedia&parent=38216"}],"wp:term":[{"taxonomy":"category","embeddable":true,"href":"https:\/\/lametro989.com\/index.php?rest_route=%2Fwp%2Fv2%2Fcategories&post=38216"},{"taxonomy":"post_tag","embeddable":true,"href":"https:\/\/lametro989.com\/index.php?rest_route=%2Fwp%2Fv2%2Ftags&post=38216"}],"curies":[{"name":"wp","href":"https:\/\/api.w.org\/{rel}","templated":true}]}}