{"id":38219,"date":"2026-03-16T08:44:15","date_gmt":"2026-03-16T11:44:15","guid":{"rendered":"https:\/\/lametro989.com\/?p=38219"},"modified":"2026-03-16T08:44:15","modified_gmt":"2026-03-16T11:44:15","slug":"preocupada-por-el-armado-del-peronismo-del-interior-cristina-le-pidio-a-wado-y-recalde-que-visiten-las-provincias","status":"publish","type":"post","link":"https:\/\/lametro989.com\/?p=38219","title":{"rendered":"Preocupada por el armado del peronismo del interior, Cristina le pidi\u00f3 a Wado y Recalde que visiten las provincias"},"content":{"rendered":"\n<p>El peronismo del interior se impuso al kirchnerismo en votaciones claves del Congreso como el acuerdo con la Uni\u00f3n Europea.<\/p>\n\n\n\n<figure class=\"wp-block-image size-full\"><img loading=\"lazy\" decoding=\"async\" width=\"940\" height=\"529\" src=\"https:\/\/lametro989.com\/wp-content\/uploads\/2026\/03\/image-137.png\" alt=\"\" class=\"wp-image-38220\" srcset=\"https:\/\/lametro989.com\/wp-content\/uploads\/2026\/03\/image-137.png 940w, https:\/\/lametro989.com\/wp-content\/uploads\/2026\/03\/image-137-300x169.png 300w, https:\/\/lametro989.com\/wp-content\/uploads\/2026\/03\/image-137-768x432.png 768w\" sizes=\"auto, (max-width: 940px) 100vw, 940px\" \/><\/figure>\n\n\n\n<p>Cristina Kirchner les sac\u00f3 el polvo a sus senadores Wado de Perdo y Mariano Recalde y les pidi\u00f3 que empiecen a recorrer el pa\u00eds. Luego de dos a\u00f1os de silencio casi perfecto durante la larga mitad del mandato de Milei, el ex ministro del Interior empezar\u00e1 a retomar los contactos que teji\u00f3 en el interior durante el gobierno de Alberto Fern\u00e1ndez.<\/p>\n\n\n\n<p>La ex presidenta reaccion\u00f3 ante la avanzada del&nbsp;<a href=\"https:\/\/www.lapoliticaonline.com\/tools\/redirect.php?t=3&amp;i=339059&amp;s=96bbd71877e2cb14188686cbdb9ef326\">peronismo del interior<\/a>, un grupo de diputados que lideran Guillermo Michel y Victoria Tolosa Paz, que viene marcando cada vez con mayor intensidad un giro al centro con eje en el interior productivo.<\/p>\n\n\n\n<p>Se trata de un armado muy incipiente y por ahora limitado al Congreso, pero que encierra el riesgo potencial de una confluencia con los gobernadores peronistas que tomaron distancia del kirchnerismo. Hace tiempo que el kirchnerismo no logra conectar con las provincias del n\u00facleo productivo como C\u00f3rdoba, Santa Fe y Entre R\u00edos, que suelen ser muy refractarios a su figura y todo lo que orbita alrededor de La Campora. Un basti\u00f3n de votos sin el que es imposible recuperar el poder.<\/p>\n\n\n\n<p>La ex presidenta reaccion\u00f3 ante la avanzada del peronismo del interior, un grupo de diputados que lideran Guillermo Michel y Victoria Tolosa Paz, que viene marcando cada vez con mayor intensidad un giro al centro con eje en el interior productivo.<\/p>\n\n\n\n<p>Pero el problema no queda ah\u00ed. Las provincias del norte tambi\u00e9n est\u00e1n en pie de guerra con el kirchnerismo luego del acompa\u00f1amiento de Tucum\u00e1n, Salta, Misiones y Jujuy a la reforma laboral que provoc\u00f3 la ruptura del bloque peronista en el Senado y permiti\u00f3 a la juje\u00f1a Carolina Moises&nbsp;<a href=\"https:\/\/www.lapoliticaonline.com\/tools\/redirect.php?t=3&amp;i=340163&amp;s=f88cc7f992a7646bf339dae4775611ee\">llegar a la vicepresidencia del Senado<\/a>.&nbsp;<\/p>\n\n\n\n<p>Tensiones que tambi\u00e9n llegaron a Mendoza, donde en las \u00faltimas elecciones de concejales el peronismo tradicional&nbsp;<a href=\"https:\/\/www.lapoliticaonline.com\/tools\/redirect.php?t=3&amp;i=339689&amp;s=1eaa0dd83443e06ca24e3bd61586384d\">aplast\u00f3 a la C\u00e1mpora<\/a>.<\/p>\n\n\n\n<figure class=\"wp-block-image\"><img decoding=\"async\" src=\"https:\/\/www.lapoliticaonline.com\/files\/image\/201\/201485\/6500f15c918ee_798_526!.jpg?s=ce6869efff225db86bbc5786070453c1&amp;d=1730072937\" alt=\"Preocupada por el armado del peronismo del interior, Cristina le pidi\u00f3 a Wado y Recalde que visiten las provincias\"\/><\/figure>\n\n\n\n<p>Con las dificultades de su encierro, Cristina busca as\u00ed recuperar el terreno perdido en el partido, ante el avance en la provincia de Buenos Aires de la emancipaci\u00f3n de Axel Kicillof y la toma de distancia de los gobernadores del interior, que si bien por ahora no coinciden con su par bonaerense, menos a\u00fan con La C\u00e1mpora. No parece ajena a esta lectura la decisi\u00f3n de la ex presidenta de recibir a Miguel Pichetto, como revel\u00f3 en&nbsp;<a href=\"https:\/\/www.lapoliticaonline.com\/politica\/pichetto-visito-a-cristina-y-hablaron-de-la-unidad-del-peronismo\/\">exclusivo<\/a>&nbsp;por LPO, con quien no hablaba hace m\u00e1s de una d\u00e9cada.&nbsp;<\/p>\n\n\n\n<p>El ex jefe de los Senadores peronistas durante los 12 a\u00f1os de gobierno kirchnerista,&nbsp;<a href=\"https:\/\/www.lapoliticaonline.com\/politica\/cristina-habilito-a-pichetto-a-armar-una-alternativa-de-centro-contra-kicillof-en-la-provincia-2834\/\">empez\u00f3 a trabajar<\/a>&nbsp;empez\u00f3 a trabajar un armado de peronismo de centro en la provincia de Buenos Aires que incluye di\u00e1logo con intendentes del PJ, incluso algunos desencantados de Axel Kicillof.<\/p>\n","protected":false},"excerpt":{"rendered":"<p>El peronismo del interior se impuso al kirchnerismo en votaciones claves del Congreso como el acuerdo con la Uni\u00f3n Europea. Cristina Kirchner les sac\u00f3 el&hellip; <\/p>\n","protected":false},"author":2,"featured_media":38220,"comment_status":"open","ping_status":"open","sticky":false,"template":"","format":"standard","meta":{"footnotes":""},"categories":[9,5],"tags":[],"class_list":["post-38219","post","type-post","status-publish","format-standard","has-post-thumbnail","hentry","category-destacadas","category-politica"],"_links":{"self":[{"href":"https:\/\/lametro989.com\/index.php?rest_route=\/wp\/v2\/posts\/38219","targetHints":{"allow":["GET"]}}],"collection":[{"href":"https:\/\/lametro989.com\/index.php?rest_route=\/wp\/v2\/posts"}],"about":[{"href":"https:\/\/lametro989.com\/index.php?rest_route=\/wp\/v2\/types\/post"}],"author":[{"embeddable":true,"href":"https:\/\/lametro989.com\/index.php?rest_route=\/wp\/v2\/users\/2"}],"replies":[{"embeddable":true,"href":"https:\/\/lametro989.com\/index.php?rest_route=%2Fwp%2Fv2%2Fcomments&post=38219"}],"version-history":[{"count":1,"href":"https:\/\/lametro989.com\/index.php?rest_route=\/wp\/v2\/posts\/38219\/revisions"}],"predecessor-version":[{"id":38221,"href":"https:\/\/lametro989.com\/index.php?rest_route=\/wp\/v2\/posts\/38219\/revisions\/38221"}],"wp:featuredmedia":[{"embeddable":true,"href":"https:\/\/lametro989.com\/index.php?rest_route=\/wp\/v2\/media\/38220"}],"wp:attachment":[{"href":"https:\/\/lametro989.com\/index.php?rest_route=%2Fwp%2Fv2%2Fmedia&parent=38219"}],"wp:term":[{"taxonomy":"category","embeddable":true,"href":"https:\/\/lametro989.com\/index.php?rest_route=%2Fwp%2Fv2%2Fcategories&post=38219"},{"taxonomy":"post_tag","embeddable":true,"href":"https:\/\/lametro989.com\/index.php?rest_route=%2Fwp%2Fv2%2Ftags&post=38219"}],"curies":[{"name":"wp","href":"https:\/\/api.w.org\/{rel}","templated":true}]}}