{"id":38230,"date":"2026-03-16T12:44:41","date_gmt":"2026-03-16T15:44:41","guid":{"rendered":"https:\/\/lametro989.com\/?p=38230"},"modified":"2026-03-16T12:44:41","modified_gmt":"2026-03-16T15:44:41","slug":"el-gobierno-del-chaco-subastara-36-vehiculos-oficiales-en-resistencia-precios-base-desde-546-mil","status":"publish","type":"post","link":"https:\/\/lametro989.com\/?p=38230","title":{"rendered":"El Gobierno del Chaco subastar\u00e1 36 veh\u00edculos oficiales en Resistencia: precios base desde $546 mil"},"content":{"rendered":"\n<p><em>La sexta subasta p\u00fablica de bienes del Estado provincial se realizar\u00e1 el 30 de marzo e incluir\u00e1 camionetas, utilitarios y minibuses que quedaron fuera de servicio. Los fondos obtenidos se destinan a obras y equipamiento p\u00fablico.<\/em><\/p>\n\n\n\n<figure class=\"wp-block-image size-full\"><img loading=\"lazy\" decoding=\"async\" width=\"850\" height=\"638\" src=\"https:\/\/lametro989.com\/wp-content\/uploads\/2026\/03\/image-141.png\" alt=\"\" class=\"wp-image-38231\" srcset=\"https:\/\/lametro989.com\/wp-content\/uploads\/2026\/03\/image-141.png 850w, https:\/\/lametro989.com\/wp-content\/uploads\/2026\/03\/image-141-300x225.png 300w, https:\/\/lametro989.com\/wp-content\/uploads\/2026\/03\/image-141-768x576.png 768w\" sizes=\"auto, (max-width: 850px) 100vw, 850px\" \/><\/figure>\n\n\n\n<p>El Gobierno del Chaco realizar\u00e1 una&nbsp;<strong>nueva subasta p\u00fablica<\/strong>&nbsp;de veh\u00edculos oficiales en desuso.&nbsp;<strong>El remate se llevar\u00e1 a cabo el lunes 30 de marzo en Resistencia,<\/strong>&nbsp;donde se pondr\u00e1n a la venta m\u00e1s de 30 unidades pertenecientes al Estado provincial.<\/p>\n\n\n\n<p>La actividad corresponde a la sexta subasta p\u00fablica de bienes del Estado, que se realizar\u00e1 en el C.E.F. N.\u00ba 1 &#8220;Miguel \u00c1ngel Campos&#8221;, ubicado sobre avenida Lavalle al 700, donde desde las 8 de la ma\u00f1ana comenzar\u00e1 la acreditaci\u00f3n de los participantes.<\/p>\n\n\n\n<h2 class=\"wp-block-heading\">Qu\u00e9 veh\u00edculos se subastar\u00e1n<\/h2>\n\n\n\n<p>El listado incluye camionetas, autos y utilitarios de distintas \u00e1reas del Estado, muchos de ellos de modelos recientes, con precios base que parten desde $546.420.<\/p>\n\n\n\n<p>Entre las unidades que saldr\u00e1n a remate figuran:<\/p>\n\n\n\n<p><strong>&#8211; Toyota Hilux de distintos a\u00f1os (2016 a 2021)<\/strong><br><strong>&#8211; Ford Ranger en varias versiones<\/strong><br><strong>&#8211; Nissan Frontier modelos 2023<\/strong><br><strong>&#8211; Toyota Etios<\/strong><br><strong>&#8211; Renault Kangoo<\/strong><br><strong>&#8211; Fiat Ducato utilitarias<\/strong><br><strong>&#8211; Mercedes Benz Sprinter, incluyendo un minibus 19+1 modelo 2023<\/strong><\/p>\n\n\n\n<p>El veh\u00edculo con precio base m\u00e1s bajo del listado es una Citro\u00ebn Berlingo Multispace 2013, con un valor inicial de $546.420, mientras que el m\u00e1s alto corresponde a un Mercedes Benz Sprinter minib\u00fas 2023, que parte de $4.250.000.<\/p>\n\n\n\n<p>Adem\u00e1s, cada unidad cuenta con deudas administrativas que quedar\u00e1n a cargo del comprador, seg\u00fan se detalla en el pliego de la subasta.<\/p>\n\n\n\n<p><a href=\"https:\/\/www.libertaddigital.com.ar\/60463-el-gobierno-del-chaco-subastara-36-vehiculos-oficiales-en-resistencia-precios-base-desde-546-mil#\"><\/a><\/p>\n\n\n\n<figure class=\"wp-block-image\"><a class=\"spotlight\" href=\"https:\/\/www.libertaddigital.com.ar\/60463-el-gobierno-del-chaco-subastara-36-vehiculos-oficiales-en-resistencia-precios-base-desde-546-mil#\"><img decoding=\"async\" src=\"https:\/\/www.libertaddigital.com.ar\/content\/bucket\/0\/67210w790h593c.jpg.webp\" alt=\"\"\/><\/a><\/figure>\n\n\n\n<h2 class=\"wp-block-heading\">C\u00f3mo participar de la subasta<\/h2>\n\n\n\n<p>Quienes deseen participar deber\u00e1n presentarse con Documento Nacional de Identidad (DNI) el d\u00eda del remate.<\/p>\n\n\n\n<p>El mecanismo de pago establece:<\/p>\n\n\n\n<p><strong>&#8211; 20% del valor en el acto de la subasta, m\u00e1s 10% de comisi\u00f3n, en efectivo o transferencia<\/strong><br><strong>&#8211; 80% restante dentro de los 7 d\u00edas corridos posteriores<\/strong><\/p>\n\n\n\n<p>En caso de participar en representaci\u00f3n de una empresa, se deber\u00e1 presentar poder especial firmado ante escribano.<\/p>\n\n\n\n<h2 class=\"wp-block-heading\">D\u00f3nde se pueden ver los veh\u00edculos antes del remate<\/h2>\n\n\n\n<p>Antes de la subasta, los interesados podr\u00e1n inspeccionar las unidades en el galp\u00f3n &#8220;La M\u00edstica&#8221;, ubicado en avenida Martina y calle sin n\u00famero.<\/p>\n\n\n\n<p>Las exhibiciones se realizar\u00e1n:<\/p>\n\n\n\n<p><strong>&#8211; 26 y 27 de marzo, de 9 a 12<\/strong><br><strong>&#8211; 28 de marzo, de 9 a 17<\/strong><\/p>\n\n\n\n<h2 class=\"wp-block-heading\">M\u00e1s de $1.200 millones recaudados en subastas anteriores<\/h2>\n\n\n\n<p>Desde el Gobierno provincial informaron que las cinco subastas anteriores permitieron vender 153 bienes en desuso, generando una recaudaci\u00f3n total superior a los $1.225 millones.<\/p>\n\n\n\n<p>Seg\u00fan los datos oficiales, esos recursos se destinaron a distintos proyectos, entre ellos:<\/p>\n\n\n\n<p><strong>&#8211; Compra de 2000 ventiladores industriales para escuelas<\/strong><br><strong>&#8211; Refacciones en centros de salud, como el de Villa R\u00edo Negro y el Centro Odontol\u00f3gico Santa Apolonia<\/strong><br><strong>&#8211; Ambulancias 4&#215;4 para el Impenetrable chaque\u00f1o<\/strong><br><strong>&#8211; Camionetas para programas sociales provinciales<\/strong><\/p>\n\n\n\n<p>La nueva subasta se presenta as\u00ed como una oportunidad para adquirir veh\u00edculos a precios de base inferiores al mercado, al mismo tiempo que permite al Estado recuperar recursos de bienes que ya no forman parte del parque automotor oficial.<\/p>\n","protected":false},"excerpt":{"rendered":"<p>La sexta subasta p\u00fablica de bienes del Estado provincial se realizar\u00e1 el 30 de marzo e incluir\u00e1 camionetas, utilitarios y minibuses que quedaron fuera de&hellip; <\/p>\n","protected":false},"author":2,"featured_media":38231,"comment_status":"open","ping_status":"open","sticky":false,"template":"","format":"standard","meta":{"footnotes":""},"categories":[9,2],"tags":[],"class_list":["post-38230","post","type-post","status-publish","format-standard","has-post-thumbnail","hentry","category-destacadas","category-provinciales"],"_links":{"self":[{"href":"https:\/\/lametro989.com\/index.php?rest_route=\/wp\/v2\/posts\/38230","targetHints":{"allow":["GET"]}}],"collection":[{"href":"https:\/\/lametro989.com\/index.php?rest_route=\/wp\/v2\/posts"}],"about":[{"href":"https:\/\/lametro989.com\/index.php?rest_route=\/wp\/v2\/types\/post"}],"author":[{"embeddable":true,"href":"https:\/\/lametro989.com\/index.php?rest_route=\/wp\/v2\/users\/2"}],"replies":[{"embeddable":true,"href":"https:\/\/lametro989.com\/index.php?rest_route=%2Fwp%2Fv2%2Fcomments&post=38230"}],"version-history":[{"count":1,"href":"https:\/\/lametro989.com\/index.php?rest_route=\/wp\/v2\/posts\/38230\/revisions"}],"predecessor-version":[{"id":38232,"href":"https:\/\/lametro989.com\/index.php?rest_route=\/wp\/v2\/posts\/38230\/revisions\/38232"}],"wp:featuredmedia":[{"embeddable":true,"href":"https:\/\/lametro989.com\/index.php?rest_route=\/wp\/v2\/media\/38231"}],"wp:attachment":[{"href":"https:\/\/lametro989.com\/index.php?rest_route=%2Fwp%2Fv2%2Fmedia&parent=38230"}],"wp:term":[{"taxonomy":"category","embeddable":true,"href":"https:\/\/lametro989.com\/index.php?rest_route=%2Fwp%2Fv2%2Fcategories&post=38230"},{"taxonomy":"post_tag","embeddable":true,"href":"https:\/\/lametro989.com\/index.php?rest_route=%2Fwp%2Fv2%2Ftags&post=38230"}],"curies":[{"name":"wp","href":"https:\/\/api.w.org\/{rel}","templated":true}]}}