{"id":38233,"date":"2026-03-16T12:48:16","date_gmt":"2026-03-16T15:48:16","guid":{"rendered":"https:\/\/lametro989.com\/?p=38233"},"modified":"2026-03-16T12:48:16","modified_gmt":"2026-03-16T15:48:16","slug":"la-deuda-millonaria-del-policia-detenido-el-posible-movil-del-crimen-del-docente-en-virrey-del-pino","status":"publish","type":"post","link":"https:\/\/lametro989.com\/?p=38233","title":{"rendered":"La deuda millonaria del polic\u00eda detenido: el posible m\u00f3vil del crimen del docente en Virrey del Pino"},"content":{"rendered":"\n<p>El polic\u00eda Mat\u00edas Vizgarra, principal sospechoso del asesinato y ya detenido, acumular\u00eda una desorbitante deuda que supera ampliamente su salario.<\/p>\n\n\n\n<figure class=\"wp-block-image size-full\"><img loading=\"lazy\" decoding=\"async\" width=\"610\" height=\"343\" src=\"https:\/\/lametro989.com\/wp-content\/uploads\/2026\/03\/image-142.png\" alt=\"\" class=\"wp-image-38234\" srcset=\"https:\/\/lametro989.com\/wp-content\/uploads\/2026\/03\/image-142.png 610w, https:\/\/lametro989.com\/wp-content\/uploads\/2026\/03\/image-142-300x169.png 300w\" sizes=\"auto, (max-width: 610px) 100vw, 610px\" \/><\/figure>\n\n\n\n<p>La investigaci\u00f3n por&nbsp;<strong><a href=\"https:\/\/www.minutouno.com\/sociedad\/mataron-un-docente-mientras-trabajaba-una-app-un-policia-detenido-n6256373\" target=\"_blank\" rel=\"noreferrer noopener\">el crimen del docente Cristian Pereyra<\/a><\/strong>&nbsp;sum\u00f3 en las \u00faltimas horas un dato clave: el&nbsp;<strong>polic\u00eda bonaerense detenido&nbsp;<\/strong>como&nbsp;<strong>principal sospechos<\/strong>o acumular\u00eda una<strong>&nbsp;importante deuda<\/strong>&nbsp;que supera ampliamente su salario mensual. Para los investigadores, esto podr\u00eda haber sido el m\u00f3vil del robo que termin\u00f3 en homicidio.<\/p>\n\n\n\n<p>El detenido es<strong>\u00a0Mat\u00edas Alejandro Vizgarra Riveros<\/strong>, de\u00a0<strong>23 a\u00f1os<\/strong>, un efectivo de la\u00a0<strong>Polic\u00eda Bonaerense<\/strong>\u00a0que integraba la<strong>\u00a0Unidad T\u00e1ctica de Operaciones Inmediatas (UTOI),<\/strong>\u00a0con base en Puente 12, Ciudad Evita. Tras trastabillar en su declaraci\u00f3n inicial, ser\u00e1 indagado nuevamente este lunes por el fiscal Adri\u00e1n Arribas, titular de la Unidad Funcional de Instrucci\u00f3n de Homicidios de La Matanza. El polic\u00eda detenido ten\u00eda deudas que superaban su salario<\/p>\n\n\n\n<p>Seg\u00fan registros crediticios que ya forman parte de la investigaci\u00f3n,&nbsp;<strong>Vizgarra acumul\u00f3 en el \u00faltimo mes deudas por m\u00e1s de 1,7 millones de pesos<\/strong>&nbsp;que incluyen pr\u00e9stamos del Banco Provincia, cr\u00e9ditos obtenidos a trav\u00e9s de billeteras virtuales y firmas de microcr\u00e9ditos.<\/p>\n\n\n\n<p>Adem\u00e1s, el polic\u00eda tambi\u00e9n tendr\u00eda&nbsp;<strong>otra deuda cercana a 190 mil pesos<\/strong>&nbsp;con una firma de pr\u00e9stamos. En total, la cifra adeudada duplicar\u00eda ampliamente lo que cobra como integrante de la fuerza de seguridad.<strong>&nbsp;\u201cEl n\u00famero supera su salario mensual por lejos<\/strong>\u201d, asegur\u00f3 una fuente del caso a&nbsp;<em>Infobae<\/em>.<\/p>\n\n\n\n<p>Por este motivo, una de las hip\u00f3tesis que analizan los investigadores es que<a href=\"https:\/\/www.minutouno.com\/sociedad\/docente-asesinado-un-policia-trabajaba-chofer-pagar-el-alquiler-y-darle-lo-mejor-su-hija-n6256393\" target=\"_blank\" rel=\"noreferrer noopener\">&nbsp;el brutal robo seguido de homicidio<\/a>&nbsp;haya estado motivado por problemas econ\u00f3micos.<\/p>\n\n\n\n<h2 class=\"wp-block-heading\">El polic\u00eda, el \u00faltimo pasajero del docente asesinado<\/h2>\n\n\n\n<figure class=\"wp-block-image\" id=\"8199676-Libre-1089430731_wrap\"><img decoding=\"async\" src=\"https:\/\/media.minutouno.com\/p\/ef041d95fd8fb65759c37bbf1fae8ae5\/adjuntos\/150\/imagenes\/043\/235\/0043235961\/610x0\/smart\/mataron-un-docente-mientras-trabajaba-una-app-un-policia-detenido.jpg\" alt=\"Mataron a un docente mientras trabajaba para una app: un polic\u00eda detenido\" title=\"Mataron a un docente mientras trabajaba para una app: un polic\u00eda detenido\"\/><figcaption class=\"wp-element-caption\">Mataron a un docente mientras trabajaba para una app: un polic\u00eda detenido<\/figcaption><\/figure>\n\n\n\n<p><strong>Vizgarra qued\u00f3 se\u00f1alado como principal sospechoso&nbsp;<\/strong>desde el inicio de la investigaci\u00f3n. Seg\u00fan los registros de la aplicaci\u00f3n de viajes,<strong>&nbsp;su nombre figuraba como el \u00faltimo pasajero de la v\u00edctima<\/strong>&nbsp;durante la madrugada del domingo. Su&nbsp;<strong>foto de perfil&nbsp;<\/strong>permiti\u00f3 establecer que se trataba de un efectivo policial que prestaba servicio en la base UTOI \u201cPuente 12\u201d.<\/p>\n\n\n\n<p>Tras el crimen, el polic\u00eda se dirigi\u00f3 hacia su puesto de trabajo y comenz\u00f3 sus actividades como si nada hubiera pasado. Cuando el fiscal Arribas lo convoc\u00f3 a declarar,&nbsp;<strong>su versi\u00f3n de los hechos fue inconsistente y su relato endeble.&nbsp;<\/strong>Vizgarra fue detenido en el lugar y esposado por los propios efectivos de la Polic\u00eda Bonaerense.<\/p>\n\n\n\n<h2 class=\"wp-block-heading\">El auto del docente apareci\u00f3 abandonado<\/h2>\n\n\n\n<figure class=\"wp-block-image\" id=\"8199748-Libre-410911281_wrap\"><img decoding=\"async\" src=\"https:\/\/media.minutouno.com\/p\/d555c02e74b063efe437bb01a42a7744\/adjuntos\/150\/imagenes\/043\/236\/0043236591\/610x0\/761x450:781x470\/auto-cristian-pereyra-docente-asesinado.jpg\" alt=\"\" title=\"\"\/><\/figure>\n\n\n\n<p>Mientras se realizaba el procedimiento, agentes de la Polic\u00eda Federal encontraron el&nbsp;<strong>auto Chevrolet Corsa de Pereyra<\/strong>&nbsp;abandonado en la esquina de Coronel Espejo y El Airampu, a&nbsp;<strong>unas quince cuadras del lugar de trabajo de Vizgarra.<\/strong><\/p>\n\n\n\n<p>El auto fue identificado r\u00e1pidamente porque conservaba la patente y un sticker con la frase&nbsp;<strong>\u201cbeb\u00e9 a bordo\u201d&nbsp;<\/strong>en la luneta. Durante la inspecci\u00f3n tambi\u00e9n se detect\u00f3 un orificio compatible con&nbsp;<strong>un impacto de bala en el ba\u00fal<\/strong>, que ser\u00e1 sometido a pericias bal\u00edsticas.<\/p>\n\n\n\n<h2 class=\"wp-block-heading\">Las pericias claves<\/h2>\n\n\n\n<p>Tras la detenci\u00f3n del polic\u00eda, los investigadores<strong>&nbsp;secuestraron su celular y su pistola reglamentaria Bersa calibre 9 mil\u00edmetros<\/strong>. En&nbsp;<strong>el cargador del arma<\/strong>&nbsp;se encontraron&nbsp;<strong>solo ocho balas,<\/strong>&nbsp;seg\u00fan fuentes policiales, por lo que<strong>&nbsp;Vizgarra deber\u00e1 explicar el faltante de municiones.<\/strong><\/p>\n\n\n\n<p>Adem\u00e1s, efectivos del \u00e1rea de B\u00fasqueda de Evidencias de la Polic\u00eda Federal le realizaron un&nbsp;<strong>dermotest&nbsp;<\/strong>en ambas manos, prueba que permitir\u00e1 detectar restos de p\u00f3lvora y determinar si efectu\u00f3 un disparo recientemente.<\/p>\n\n\n\n<p>Los resultados de esas pericias, junto con el informe bal\u00edstico final, ser\u00e1n determinantes para establecer qu\u00e9 ocurri\u00f3 durante el robo y si las deudas del polic\u00eda fueron el principal m\u00f3vil del crimen del docente Cristian Pereyra.<\/p>\n","protected":false},"excerpt":{"rendered":"<p>El polic\u00eda Mat\u00edas Vizgarra, principal sospechoso del asesinato y ya detenido, acumular\u00eda una desorbitante deuda que supera ampliamente su salario. La investigaci\u00f3n por&nbsp;el crimen del&hellip; <\/p>\n","protected":false},"author":2,"featured_media":38234,"comment_status":"open","ping_status":"open","sticky":false,"template":"","format":"standard","meta":{"footnotes":""},"categories":[9,13],"tags":[],"class_list":["post-38233","post","type-post","status-publish","format-standard","has-post-thumbnail","hentry","category-destacadas","category-nacionales"],"_links":{"self":[{"href":"https:\/\/lametro989.com\/index.php?rest_route=\/wp\/v2\/posts\/38233","targetHints":{"allow":["GET"]}}],"collection":[{"href":"https:\/\/lametro989.com\/index.php?rest_route=\/wp\/v2\/posts"}],"about":[{"href":"https:\/\/lametro989.com\/index.php?rest_route=\/wp\/v2\/types\/post"}],"author":[{"embeddable":true,"href":"https:\/\/lametro989.com\/index.php?rest_route=\/wp\/v2\/users\/2"}],"replies":[{"embeddable":true,"href":"https:\/\/lametro989.com\/index.php?rest_route=%2Fwp%2Fv2%2Fcomments&post=38233"}],"version-history":[{"count":1,"href":"https:\/\/lametro989.com\/index.php?rest_route=\/wp\/v2\/posts\/38233\/revisions"}],"predecessor-version":[{"id":38235,"href":"https:\/\/lametro989.com\/index.php?rest_route=\/wp\/v2\/posts\/38233\/revisions\/38235"}],"wp:featuredmedia":[{"embeddable":true,"href":"https:\/\/lametro989.com\/index.php?rest_route=\/wp\/v2\/media\/38234"}],"wp:attachment":[{"href":"https:\/\/lametro989.com\/index.php?rest_route=%2Fwp%2Fv2%2Fmedia&parent=38233"}],"wp:term":[{"taxonomy":"category","embeddable":true,"href":"https:\/\/lametro989.com\/index.php?rest_route=%2Fwp%2Fv2%2Fcategories&post=38233"},{"taxonomy":"post_tag","embeddable":true,"href":"https:\/\/lametro989.com\/index.php?rest_route=%2Fwp%2Fv2%2Ftags&post=38233"}],"curies":[{"name":"wp","href":"https:\/\/api.w.org\/{rel}","templated":true}]}}