{"id":38236,"date":"2026-03-16T13:05:14","date_gmt":"2026-03-16T16:05:14","guid":{"rendered":"https:\/\/lametro989.com\/?p=38236"},"modified":"2026-03-16T13:05:14","modified_gmt":"2026-03-16T16:05:14","slug":"la-querella-pidio-15-anos-de-carcel-para-felipe-pettinato-por-la-muerte-de-su-neurologo","status":"publish","type":"post","link":"https:\/\/lametro989.com\/?p=38236","title":{"rendered":"La querella pidi\u00f3 15 a\u00f1os de c\u00e1rcel para Felipe Pettinato por la muerte de su neur\u00f3logo"},"content":{"rendered":"\n<p>El proceso a cargo del Tribunal N\u00b014 entra en su recta final. El imitador de Michael Jackson, que se neg\u00f3 a declarar hasta el momento, podr\u00eda ser condenado a 20 a\u00f1os de c\u00e1rcel<\/p>\n\n\n\n<figure class=\"wp-block-image size-full\"><img loading=\"lazy\" decoding=\"async\" width=\"992\" height=\"414\" src=\"https:\/\/lametro989.com\/wp-content\/uploads\/2026\/03\/image-143.png\" alt=\"\" class=\"wp-image-38237\" srcset=\"https:\/\/lametro989.com\/wp-content\/uploads\/2026\/03\/image-143.png 992w, https:\/\/lametro989.com\/wp-content\/uploads\/2026\/03\/image-143-300x125.png 300w, https:\/\/lametro989.com\/wp-content\/uploads\/2026\/03\/image-143-768x321.png 768w\" sizes=\"auto, (max-width: 992px) 100vw, 992px\" \/><\/figure>\n\n\n\n<p>El&nbsp;<a href=\"https:\/\/www.infobae.com\/sociedad\/policiales\/2026\/03\/02\/comenzo-la-nueva-audiencia-del-juicio-a-felipe-pettinato-por-la-muerte-de-su-neurologo\/\" target=\"_blank\" rel=\"noreferrer noopener\"><strong>juicio a Felipe Pettinato por la muerte de su neur\u00f3logo<\/strong><\/a>&nbsp;comienza su recta final. El Tribunal N\u00b014 lleva adelante desde el mes pasado el proceso v\u00eda Zoom para esclarecer&nbsp;<strong>el incendio que le cost\u00f3 la vida a Melchor Rodrigo<\/strong>, ocurrido el 16 de mayo de 2022 en el departamento que Pettinato ocupaba en la calle Aguilar en Belgrano.<\/p>\n\n\n\n<p>El&nbsp;<em>streamer&nbsp;<\/em>e imitador de Michael Jackson est\u00e1 acusado de haber provocado el fuego. La calificaci\u00f3n de la causa en su contra es la de&nbsp;<strong>estrago doloso seguido de muerte<\/strong>. Si Pettinato es declarado culpable, podr\u00e1 ser condenado a&nbsp;<strong>una pena de 8 a 20 a\u00f1os<\/strong>.<\/p>\n\n\n\n<p>As\u00ed,&nbsp;<strong>culmina la valoraci\u00f3n de la prueba y comienza la ronda de alegatos&nbsp;<\/strong>tras<strong>&nbsp;la declaraci\u00f3n de m\u00e1s de 15 testigos<\/strong>,que incluy\u00f3 a forenses, bomberos y vecinos del edificio presentes aquella noche, adem\u00e1s de Delia Muzio, madre de Rodrigo y querellante en la causa. En su declaraci\u00f3n, la mujer de 81 a\u00f1os asegur\u00f3 que Pettinato \u201c<strong>ten\u00eda una obsesi\u00f3n&#8221; con su hijo<\/strong>.<\/p>\n\n\n\n<p>Este lunes,<strong>&nbsp;la querella del caso, integrado por tres abogados, har\u00e1 su alocuci\u00f3n y su pedido de pena ante el Tribunal<\/strong>, integrado por los jueces Enrique Gamboa, Gabriel Vega y Gustavo Valle.<\/p>\n\n\n\n<p><strong>Pettinato, por su parte, se neg\u00f3 a ver las fotos del cad\u00e1ver incendiado de Rodrigo\u00a0<\/strong>en la audiencia del lunes pasado. Tampoco declar\u00f3 hasta el momento. Su defensa no hizo planteos especiales durante las cuatro audiencias realizadas hasta ahora. En pocas l\u00edneas:<\/p>\n\n\n\n<ul class=\"wp-block-list\">\n<li><a href=\"https:\/\/www.infobae.com\/sociedad\/policiales\/2026\/03\/16\/comienzan-los-alegatos-en-el-juicio-a-felipe-pettinato-por-la-muerte-de-su-neurologo-el-turno-de-la-querella\/#la-querella-pidio-15-anos-de-prision:-%22pettinato-salio-corriendo%22\">La querella pidi\u00f3 15 a\u00f1os de prisi\u00f3n: \u201cPettinato sali\u00f3 corriendo\u201d<\/a><\/li>\n\n\n\n<li><a href=\"https:\/\/www.infobae.com\/sociedad\/policiales\/2026\/03\/16\/comienzan-los-alegatos-en-el-juicio-a-felipe-pettinato-por-la-muerte-de-su-neurologo-el-turno-de-la-querella\/#el-origen-del-fuego-y-la-misteriosa-caja-de-fosforos\">El origen del fuego y la misteriosa caja de f\u00f3sforos<\/a><\/li>\n\n\n\n<li><a href=\"https:\/\/www.infobae.com\/sociedad\/policiales\/2026\/03\/16\/comienzan-los-alegatos-en-el-juicio-a-felipe-pettinato-por-la-muerte-de-su-neurologo-el-turno-de-la-querella\/#%22pettinato-no-tuvo-el-menor-gesto-de-empatia-con-la-familia%22\">\u201cPettinato no tuvo el menor gesto de empat\u00eda con la familia<\/a>&#8220;<\/li>\n<\/ul>\n\n\n\n<h2 class=\"wp-block-heading\" id=\"la-querella-pidio-15-anos-de-prision:-&quot;pettinato-salio-corriendo&quot;\">La querella pidi\u00f3 15 a\u00f1os de prisi\u00f3n: \u201cPettinato sali\u00f3 corriendo\u201d<\/h2>\n\n\n\n<p>Drago sintetiz\u00f3 que Felipe \u201c<strong>no prest\u00f3 ning\u00fan tipo de auxilio, v\u00e1lido o id\u00f3neo\u201d.<\/strong>&nbsp;\u201cLa madre de Melchor no entend\u00eda por qu\u00e9 lo hab\u00eda auxiliado.&nbsp;<strong>Melchor Rodrigo declar\u00f3 en el juicio a Pettinato por abuso para tratar de ayudarlo\u201d<\/strong>, sigui\u00f3. Uno de los testigos \u201cbusc\u00f3 los extintores, se quem\u00f3 las zapatillas\u201d.<\/p>\n\n\n\n<p>El acusado, en cambio,&nbsp;<strong>\u201csali\u00f3 corriendo\u201d.<\/strong>&nbsp;\u201c\u00bfQu\u00e9 podr\u00eda haber hecho? Un mont\u00f3n de cosas. Sacarlo a Melchor, no era una persona de dos metros, era de estatura baja. Podr\u00eda tratar de apagar el fuego.&nbsp;<strong>Sali\u00f3 corriendo y le pidi\u00f3 a los dem\u00e1s, que no ten\u00edan nada que ver, que auxilien a Melchor.&nbsp;<\/strong>Un testigo dijo que andaba con un matafuego tipo \u2018carnaval carioca\u2019. La conducta ya hab\u00eda sido cometida&#8230;&nbsp;<strong>La madre todav\u00eda se pregunta: \u2018\u00bfPor qu\u00e9 no intent\u00f3 socorrerlo, con todo lo que hizo Melchor por \u00e9l&#8221;<\/strong>.<\/p>\n\n\n\n<p>As\u00ed,&nbsp;<strong>la querella de la madre de la v\u00edctima 15 a\u00f1os de prisi\u00f3n efectiva con costas.&nbsp;<\/strong>\u201cNo vamos a pedir la detenci\u00f3n inmediata. Sabemos que Pettinato se comport\u00f3\u201d, finaliz\u00f3. El abogado Drago pidi\u00f3 que el imitador de Michael Jackson<strong>&nbsp;se someta a una serie de reglas hasta la confirmaci\u00f3n de la pena<\/strong>, como presentarse cada 15 d\u00edas en Tribunales.<\/p>\n\n\n\n<p>La audiencia concluy\u00f3 poco antes de las 12.&nbsp;<strong>El juicio continuar\u00e1 el lunes 30 de marzo con el alegato del fiscal acusador Fernando Klappenbach.<\/strong>El streamer enfrenta al Tribunal Oral N\u00b014, acusado del delito de estrago doloso seguido de muerte. Podr\u00e1 ser condenado a 20 a\u00f1os si es hallado culpable. La madre de la v\u00edctima, de 81 a\u00f1os, encabeza la querella en su contra.<\/p>\n\n\n\n<p>10:59&nbsp;hsHoy<\/p>\n\n\n\n<h2 class=\"wp-block-heading\" id=\"el-origen-del-fuego-y-la-misteriosa-caja-de-fosforos\">El origen del fuego y la misteriosa caja de f\u00f3sforos<\/h2>\n\n\n\n<p>Drago regres\u00f3 a la prueba clave del caso:&nbsp;<strong>la pericia de bomberos de Polic\u00eda de la Ciudad.<\/strong><\/p>\n\n\n\n<p>\u201cDescartaron que haya sido&nbsp;<strong>una colilla de cigarrillo<\/strong>, algo que intent\u00f3 instalar Pettinato, los testigos del d\u00eda del incendio aseguraron que dec\u00eda<strong>&nbsp;\u2018el cigarrillo, el cigarrillo\u2019.&nbsp;<\/strong>El estudio dice, textual, que se us\u00f3 un elemento igneo capaz de iniciar llama libre\u201d, como&nbsp;<strong>un encendedor o un f\u00f3sforo<\/strong>, potenciados con un aerosol.<\/p>\n\n\n\n<p>El punto en que<strong>&nbsp;se inici\u00f3 fue \u201cel living, en el sill\u00f3n\u201d<\/strong>, donde dorm\u00eda Rodrigo, dadas las marcas en el techo. \u201cNo fue el\u00e9ctrico el inicio, ni una colilla\u201d. El fuego, continu\u00f3 Drago, le carboniz\u00f3 las piernas.<\/p>\n\n\n\n<p><strong>\u201cHab\u00eda dos personas en ese departamento. Uno, durmiendo bajo los efectos de un Somit, la madre de Rodrigo declar\u00f3 que lo tomaba\u201d<\/strong>, continu\u00f3. \u201c\u00bfQui\u00e9n lo provoc\u00f3? Pettinato, no hab\u00eda otro, estaban ellos dos, en este debate fue claro que no hubo un tercero&#8221;.<\/p>\n\n\n\n<figure class=\"wp-block-image\"><img decoding=\"async\" src=\"https:\/\/www.infobae.com\/resizer\/v2\/NWLNIXVOB5FBVN3UCMZMVEMCJQ.png?auth=36266f730206f1bf6533a918988abf853cc3a31554b74aa84b373aa57e93f55f&amp;smart=true&amp;width=350&amp;height=214&amp;quality=85\" alt=\"\"\/><\/figure>\n\n\n\n<p>\u201cSe encontr\u00f3, tambi\u00e9n,<strong>&nbsp;un balde con restos de botellas rotas que ten\u00eda un encendedor que daba chispa<\/strong>, pero no llama. Tambi\u00e9n,<strong>&nbsp;f\u00f3sforos con una particularidad muy llamativa, descartados en un tacho de basura en la cocina<\/strong>, con signos de carbonizaci\u00f3n parcial&#8221;. Esa caja fue peritada: all\u00ed, se encontraron restos de un gas.<\/p>\n\n\n\n<p>La perito de bomberos que declar\u00f3 en el juicio indic\u00f3 que era&nbsp;<strong>posible que esos f\u00f3sforos estuvieran en contacto con el fuego que inici\u00f3 el incendio.<\/strong><\/p>\n\n\n\n<p>Pettinato, por otra parte, seg\u00fan uno de los principales testigos,&nbsp;<strong>\u201cno tuvo quemaduras, no estaba lastimado ni ten\u00eda sucia la ropa\u201d.<\/strong><\/p>\n\n\n\n<p>Luego,&nbsp;<a href=\"https:\/\/www.infobae.com\/sociedad\/policiales\/2026\/03\/02\/la-pista-del-aerosol-y-el-cigarrillo-que-revelo-la-pericia-clave-del-caso-felipe-pettinato\/\" target=\"_blank\" rel=\"noreferrer noopener\"><strong>apunt\u00f3 a la presencia del aerosol en el punto cero del incendio<\/strong><\/a>, que, seg\u00fan los an\u00e1lisis, estaba vac\u00edo. Por ende, su contenido no pudo ser determinado. \u201cSi el aerosol estaba vac\u00edo, es porque lo utilizaron\u201d, continu\u00f3 Drago.<\/p>\n\n\n\n<p>Todos estos hallazgos dan cuenta&nbsp;<strong>\u201cque Pettinato inici\u00f3 el juicio intencionalmente\u201d.<\/strong><\/p>\n\n\n\n<p>\u201cRodrigo estaba completamente indefenso, no ten\u00eda posibilidad alguna de huir\u201d, agreg\u00f3 m\u00e1s tarde: \u201cAs\u00ed, Pettinato prendi\u00f3 fuego la zona de sus pies&#8230; Melchor respiraba y se iba muriendo. Pettinato ve\u00eda esto, iba y descartaba los f\u00f3sforos en la cocina.<strong>&nbsp;Ac\u00e1 la posibilidad de defensa no exist\u00eda. Esto, a Pettinato, no le import\u00f3. Ser\u00eda alevos\u00eda. Para un homicidio, es perpetua&#8230; La pena se llevar\u00eda al m\u00e1ximo<\/strong>\u201d.<\/p>\n\n\n\n<p>10:30&nbsp;hsHoy<\/p>\n\n\n\n<h2 class=\"wp-block-heading\" id=\"&quot;pettinato-no-tuvo-el-menor-gesto-de-empatia-con-la-familia&quot;\">\u201cPettinato no tuvo el menor gesto de empat\u00eda con la familia\u201d<\/h2>\n\n\n\n<p>La jornada en el Tribunal N\u00b014 se dio por iniciada poco despu\u00e9s de las 10:40. El&nbsp;<strong>abogado Alejandro Drago<\/strong>, cabeza del equipo jur\u00eddico de la madre de la v\u00edctima, es el encargado del alegato.<\/p>\n\n\n\n<p>\u201cEsta querella&nbsp;<strong>va a formular su acusaci\u00f3n contra Felipe Juan Pettinato<\/strong>&nbsp;por los hechos que describiremos y por los argumentos que desarrollaremos\u201d, comenz\u00f3 Drago. Anunci\u00f3 que dividir\u00e1 su relato en los hechos, la valoraci\u00f3n probatoria y la fundamentaci\u00f3n del pedido de pena. As\u00ed,&nbsp;<strong>coincidi\u00f3 con la calificaci\u00f3n de estrago doloso seguido de muerte.<\/strong><\/p>\n\n\n\n<p>\u201cNo modficamos en nada los hechos del decreto de elevaci\u00f3n a juicio: se acredit\u00f3 en el debate. P<strong>asar\u00e9 a describir brevemente el hecho: imputamos a Felipe Pettinato haber causado el incendio<\/strong>\u201d, continu\u00f3.<img loading=\"lazy\" decoding=\"async\" alt=\"Alejandro Drago, abogado de la\" height=\"392\" src=\"https:\/\/www.infobae.com\/resizer\/v2\/MDYBUQVBDJFVNJGIC4BB5UL72Y.png?auth=ce4223ca62ccf164a3927e678f8e48a0d8f515517beead6ee8880a6326cd5708&amp;smart=true&amp;width=350&amp;height=172&amp;quality=85\" width=\"797\">Alejandro Drago, abogado de la querella en el juicio a Felipe Pettinato<\/p>\n\n\n\n<p>A ambos, v\u00edctima y victimario, los un\u00eda una relaci\u00f3n profesional y de amistad, ratific\u00f3. \u201cPor la tarde, Rodrigo se hab\u00eda comunicado con su madre y le dijo que la conferencia hab\u00eda salido bien\u201d.<strong>&nbsp;\u201cEn horas de la tarde, su padre lo llam\u00f3 y le dijo que lo esperaba\u201d. \u201c<\/strong>Sin embargo, a la noche, comenz\u00f3 el incendio\u201d.<\/p>\n\n\n\n<p>Pettinato conoc\u00eda el estado de la v\u00edctima,&nbsp;<strong>al saber los psicof\u00e1rmacos que hab\u00eda tomado Rodrigo aquella tarde.&nbsp;<\/strong>El streamer inici\u00f3 el fuego sabiendo el riesgo para Melchor Rodrigo y para los vecinos. \u201cEl estado de Rodrigo era indudablemente conocido por Pettinato\u201d, asever\u00f3.<\/p>\n\n\n\n<p>Afirm\u00f3, tambi\u00e9n, que&nbsp;<strong>Pettinato \u201cno tuvo el menor gesto de empat\u00eda con la familia\u201d<\/strong>&nbsp;de quien era su m\u00e9dico tratante. \u201cNo hubo un llamado o explicaci\u00f3n. Hubiera sido bueno que pase por la familia, que pida perd\u00f3n. Nada de eso pas\u00f3. El incendi\u00f3 y lo empez\u00f3 Pettinato&#8230;&nbsp;<strong>Si hubiese ocurrido unos pisos m\u00e1s abajo, hubiese puesto en riesgo a todo el edificio<\/strong>\u201d.<\/p>\n\n\n\n<p>;\u201cMelchor\u201d, seg\u00fan la autopsia, \u201cten\u00eda&nbsp;<strong>mon\u00f3xido en los pulmones, eso ocurri\u00f3 porque estaba vivo<\/strong>, trag\u00f3 humo\u201d.<\/p>\n\n\n\n<p>Luego, se dirigi\u00f3 a la defensa, que<strong>&nbsp;podr\u00eda alegar que Rodrigo falleci\u00f3 por una cardiopat\u00eda<\/strong>&nbsp;que padec\u00eda. Con esa cardiopat\u00eda, afirm\u00f3 Drago, \u201cvivi\u00f3 toda su vida y desarroll\u00f3 su carrera, muri\u00f3 por consecuencia directa del incendio&#8230;&nbsp;<strong>Si no hubiese sido por el incendio, Melchor estar\u00eda curando gente<\/strong>\u201d.<\/p>\n\n\n\n<p>El plan de&nbsp;<strong>mudanza de Rodrigo a Estados Unidos,<\/strong>&nbsp;para convivir en New Jersey con su novia, algo que se ventil\u00f3 en el proceso,<strong>&nbsp;\u201clo ten\u00eda mal a Pettinato, sin dudas\u201d.<\/strong><\/p>\n","protected":false},"excerpt":{"rendered":"<p>El proceso a cargo del Tribunal N\u00b014 entra en su recta final. El imitador de Michael Jackson, que se neg\u00f3 a declarar hasta el momento,&hellip; <\/p>\n","protected":false},"author":2,"featured_media":38237,"comment_status":"open","ping_status":"open","sticky":false,"template":"","format":"standard","meta":{"footnotes":""},"categories":[9,5],"tags":[],"class_list":["post-38236","post","type-post","status-publish","format-standard","has-post-thumbnail","hentry","category-destacadas","category-politica"],"_links":{"self":[{"href":"https:\/\/lametro989.com\/index.php?rest_route=\/wp\/v2\/posts\/38236","targetHints":{"allow":["GET"]}}],"collection":[{"href":"https:\/\/lametro989.com\/index.php?rest_route=\/wp\/v2\/posts"}],"about":[{"href":"https:\/\/lametro989.com\/index.php?rest_route=\/wp\/v2\/types\/post"}],"author":[{"embeddable":true,"href":"https:\/\/lametro989.com\/index.php?rest_route=\/wp\/v2\/users\/2"}],"replies":[{"embeddable":true,"href":"https:\/\/lametro989.com\/index.php?rest_route=%2Fwp%2Fv2%2Fcomments&post=38236"}],"version-history":[{"count":1,"href":"https:\/\/lametro989.com\/index.php?rest_route=\/wp\/v2\/posts\/38236\/revisions"}],"predecessor-version":[{"id":38238,"href":"https:\/\/lametro989.com\/index.php?rest_route=\/wp\/v2\/posts\/38236\/revisions\/38238"}],"wp:featuredmedia":[{"embeddable":true,"href":"https:\/\/lametro989.com\/index.php?rest_route=\/wp\/v2\/media\/38237"}],"wp:attachment":[{"href":"https:\/\/lametro989.com\/index.php?rest_route=%2Fwp%2Fv2%2Fmedia&parent=38236"}],"wp:term":[{"taxonomy":"category","embeddable":true,"href":"https:\/\/lametro989.com\/index.php?rest_route=%2Fwp%2Fv2%2Fcategories&post=38236"},{"taxonomy":"post_tag","embeddable":true,"href":"https:\/\/lametro989.com\/index.php?rest_route=%2Fwp%2Fv2%2Ftags&post=38236"}],"curies":[{"name":"wp","href":"https:\/\/api.w.org\/{rel}","templated":true}]}}