{"id":38240,"date":"2026-03-17T07:10:27","date_gmt":"2026-03-17T10:10:27","guid":{"rendered":"https:\/\/lametro989.com\/?p=38240"},"modified":"2026-03-17T07:10:27","modified_gmt":"2026-03-17T10:10:27","slug":"kicillof-proyecta-su-candidatura-presidencial-para-2027-y-mira-al-chaco-que-rol-tendria-capitanich","status":"publish","type":"post","link":"https:\/\/lametro989.com\/?p=38240","title":{"rendered":"Kicillof proyecta su candidatura presidencial para 2027 y mira al Chaco: qu\u00e9 rol tendr\u00eda Capitanich"},"content":{"rendered":"\n<p><em>El gobernador bonaerense comenz\u00f3 a extender su armado pol\u00edtico hacia el interior del pa\u00eds con la mirada puesta en las elecciones presidenciales de 2027. En el peronismo chaque\u00f1o analizan un acto que podr\u00eda marcar el inicio del despliegue nacional.<\/em><\/p>\n\n\n\n<figure class=\"wp-block-image size-full\"><img loading=\"lazy\" decoding=\"async\" width=\"850\" height=\"547\" src=\"https:\/\/lametro989.com\/wp-content\/uploads\/2026\/03\/image-144.png\" alt=\"\" class=\"wp-image-38241\" srcset=\"https:\/\/lametro989.com\/wp-content\/uploads\/2026\/03\/image-144.png 850w, https:\/\/lametro989.com\/wp-content\/uploads\/2026\/03\/image-144-300x193.png 300w, https:\/\/lametro989.com\/wp-content\/uploads\/2026\/03\/image-144-768x494.png 768w\" sizes=\"auto, (max-width: 850px) 100vw, 850px\" \/><\/figure>\n\n\n\n<p>El gobernador de la provincia de Buenos Aires,<strong>&nbsp;Axel Kicillof, comenz\u00f3 a proyectar su armado pol\u00edtico m\u00e1s all\u00e1 del territorio bonaerense con la mirada puesta en las elecciones presidenciales de 2027<\/strong>, y en ese esquema&nbsp;<strong>Chaco<\/strong>&nbsp;aparece como uno de los primeros escenarios del interior donde podr\u00eda desplegar su estrategia.<\/p>\n\n\n\n<p>En el peronismo chaque\u00f1o circula la posibilidad de organizar un acto pol\u00edtico que funcione como lanzamiento del espacio en las provincias, una iniciativa que<strong>&nbsp;ser\u00eda impulsada por el senador nacional Jorge &#8220;Coqui&#8221; Capitanich,<\/strong>&nbsp;quien mantiene v\u00ednculos con el equipo del mandatario bonaerense. La convocatoria buscar\u00eda reunir a distintos sectores del justicialismo para comenzar a ordenar el armado pol\u00edtico en el interior del pa\u00eds.<\/p>\n\n\n\n<p>Seg\u00fan trascendi\u00f3, la organizaci\u00f3n del encuentro estar\u00eda siendo seguida de cerca por dirigentes cercanos a Capitanich, entre ellos el&nbsp;<strong>diputado provincial Sebasti\u00e1n Ben\u00edtez Molas y el intendente de Machagai, Juan Manuel Garc\u00eda<\/strong>, quienes colaborar\u00edan en la log\u00edstica del evento. La intenci\u00f3n ser\u00eda que el acto marque el inicio del despliegue territorial del proyecto pol\u00edtico de Kicillof fuera de Buenos Aires.<\/p>\n\n\n\n<h2 class=\"wp-block-heading\">El armado nacional del espacio<\/h2>\n\n\n\n<p>En paralelo, dirigentes del entorno del gobernador bonaerense comenzaron a tomar contacto con referentes del peronismo en distintas provincias, especialmente en el Litoral, con el objetivo de reconstruir v\u00ednculos dentro de un espacio pol\u00edtico que en los \u00faltimos a\u00f1os sufri\u00f3 fragmentaciones.<\/p>\n\n\n\n<p>Entre los funcionarios que participan de estas gestiones aparecen Andr\u00e9s &#8220;Cuervo&#8221; Larroque, ministro de Desarrollo bonaerense, y Cristina \u00c1lvarez Rodr\u00edguez, jefa de asesores de la gobernaci\u00f3n, quienes mantuvieron conversaciones con dirigentes del interior para evaluar posibles apoyos al proyecto.<\/p>\n\n\n\n<p>La estrategia apunta a reorganizar al peronismo fuera del \u00c1rea Metropolitana de Buenos Aires, en un escenario pol\u00edtico marcado por la disputa interna dentro del propio espacio y por la necesidad de recuperar presencia territorial en varias provincias.<\/p>\n\n\n\n<h2 class=\"wp-block-heading\">Chaco en el tablero pol\u00edtico<\/h2>\n\n\n\n<p>En el caso chaque\u00f1o, el movimiento pol\u00edtico tambi\u00e9n se vincula con las elecciones provinciales previstas para el pr\u00f3ximo a\u00f1o, donde Capitanich buscar\u00eda volver a competir por la gobernaci\u00f3n frente al actual mandatario radical Leandro Zdero, quien aspira a la reelecci\u00f3n. En ese contexto, la posibilidad de alinear la estrategia provincial con una figura nacional competitiva aparece como un factor clave dentro del armado del peronismo local.<\/p>\n\n\n\n<p>Parte de esta informaci\u00f3n fue difundida por el periodista<strong>&nbsp;Juan A. Bracco<\/strong>&nbsp;en&nbsp;<em>Infobae<\/em>, quien detall\u00f3 los primeros movimientos del entorno de Kicillof en distintas provincias del pa\u00eds.<\/p>\n","protected":false},"excerpt":{"rendered":"<p>El gobernador bonaerense comenz\u00f3 a extender su armado pol\u00edtico hacia el interior del pa\u00eds con la mirada puesta en las elecciones presidenciales de 2027. En&hellip; <\/p>\n","protected":false},"author":2,"featured_media":38241,"comment_status":"open","ping_status":"open","sticky":false,"template":"","format":"standard","meta":{"footnotes":""},"categories":[9,2],"tags":[],"class_list":["post-38240","post","type-post","status-publish","format-standard","has-post-thumbnail","hentry","category-destacadas","category-provinciales"],"_links":{"self":[{"href":"https:\/\/lametro989.com\/index.php?rest_route=\/wp\/v2\/posts\/38240","targetHints":{"allow":["GET"]}}],"collection":[{"href":"https:\/\/lametro989.com\/index.php?rest_route=\/wp\/v2\/posts"}],"about":[{"href":"https:\/\/lametro989.com\/index.php?rest_route=\/wp\/v2\/types\/post"}],"author":[{"embeddable":true,"href":"https:\/\/lametro989.com\/index.php?rest_route=\/wp\/v2\/users\/2"}],"replies":[{"embeddable":true,"href":"https:\/\/lametro989.com\/index.php?rest_route=%2Fwp%2Fv2%2Fcomments&post=38240"}],"version-history":[{"count":1,"href":"https:\/\/lametro989.com\/index.php?rest_route=\/wp\/v2\/posts\/38240\/revisions"}],"predecessor-version":[{"id":38242,"href":"https:\/\/lametro989.com\/index.php?rest_route=\/wp\/v2\/posts\/38240\/revisions\/38242"}],"wp:featuredmedia":[{"embeddable":true,"href":"https:\/\/lametro989.com\/index.php?rest_route=\/wp\/v2\/media\/38241"}],"wp:attachment":[{"href":"https:\/\/lametro989.com\/index.php?rest_route=%2Fwp%2Fv2%2Fmedia&parent=38240"}],"wp:term":[{"taxonomy":"category","embeddable":true,"href":"https:\/\/lametro989.com\/index.php?rest_route=%2Fwp%2Fv2%2Fcategories&post=38240"},{"taxonomy":"post_tag","embeddable":true,"href":"https:\/\/lametro989.com\/index.php?rest_route=%2Fwp%2Fv2%2Ftags&post=38240"}],"curies":[{"name":"wp","href":"https:\/\/api.w.org\/{rel}","templated":true}]}}