{"id":38246,"date":"2026-03-17T07:18:08","date_gmt":"2026-03-17T10:18:08","guid":{"rendered":"https:\/\/lametro989.com\/?p=38246"},"modified":"2026-03-17T07:18:08","modified_gmt":"2026-03-17T10:18:08","slug":"sorpresa-en-boca-sebastian-battaglia-confirmo-que-ira-en-contra-de-riquelme-en-las-elecciones","status":"publish","type":"post","link":"https:\/\/lametro989.com\/?p=38246","title":{"rendered":"Sorpresa en Boca: Sebasti\u00e1n Battaglia confirm\u00f3 que ir\u00e1 en contra de Riquelme en las elecciones"},"content":{"rendered":"\n<p>El exentrenador del Xeneize se unir\u00e1 a la lista de Jorge Reale para la votaci\u00f3n que realizar\u00e1n los socios del club en 2027.<\/p>\n\n\n\n<figure class=\"wp-block-image size-large\"><img loading=\"lazy\" decoding=\"async\" width=\"1024\" height=\"573\" src=\"https:\/\/lametro989.com\/wp-content\/uploads\/2026\/03\/image-146-1024x573.png\" alt=\"\" class=\"wp-image-38247\" srcset=\"https:\/\/lametro989.com\/wp-content\/uploads\/2026\/03\/image-146-1024x573.png 1024w, https:\/\/lametro989.com\/wp-content\/uploads\/2026\/03\/image-146-300x168.png 300w, https:\/\/lametro989.com\/wp-content\/uploads\/2026\/03\/image-146-768x430.png 768w, https:\/\/lametro989.com\/wp-content\/uploads\/2026\/03\/image-146.png 1440w\" sizes=\"auto, (max-width: 1024px) 100vw, 1024px\" \/><\/figure>\n\n\n\n<p><a href=\"https:\/\/tn.com.ar\/deportes\/futbol\/2026\/02\/11\/tras-su-paso-como-dt-de-boca-battaglia-volvio-a-criticar-a-riquelme-no-volveria-a-trabajar-con-el\/\" target=\"_blank\" rel=\"noreferrer noopener\"><strong>Sebasti\u00e1n Battaglia<\/strong><\/a>&nbsp;sorprendi\u00f3 a los hinchas de&nbsp;<strong>Boca&nbsp;<\/strong>al anunciar que se meter\u00e1 en la pol\u00edtica del club, pero dentro de una lista opositora y que competir\u00e1 con&nbsp;<a href=\"https:\/\/tn.com.ar\/deportes\/futbol\/2026\/03\/16\/juan-roman-riquelme-tuvo-una-charla-privada-con-el-plantel-de-boca-tras-el-empate-con-union-en-santa-fe\/\" target=\"_blank\" rel=\"noreferrer noopener\"><strong>Juan Rom\u00e1n Riquelme<\/strong><\/a>. El exentrenador del Xeneize confirm\u00f3 acompa\u00f1ar\u00e1 a&nbsp;<strong>Jorge Reale<\/strong>, aunque no revel\u00f3 qu\u00e9 funci\u00f3n cumplir\u00e1 en la candidatura.<\/p>\n\n\n\n<p>\u201cDe ac\u00e1 en adelante vamos a meternos a trabajar en la pol\u00edtica de Boca para 2027, acompa\u00f1ando a Jorge Reale. Nos hemos juntado ya hace varios meses, estuvimos hablando y la verdad es que me motiva las ideas que hay por delante\u201d, cont\u00f3 en una entrevista en&nbsp;<em>TyC Sports<\/em>.<\/p>\n\n\n\n<p>Adem\u00e1s, Battaglia confirm\u00f3 que dejar\u00e1 de dirigir por un tiempo.\u00a0<strong>\u201cLo tengo decidido, s\u00ed<\/strong>. En esta etapa, lo que decidimos es trabajar y mirar para adelante en lo que viene.\u00a0<strong>Queremos meternos de lleno en intentar que Jorge sea el pr\u00f3ximo presidente de Boca\u201d<\/strong>, explic\u00f3. De esta manera, el futbolista m\u00e1s ganador de la historia de Boca comenzar\u00e1 su camino en la pol\u00edtica xeneize de la mano de<strong>&nbsp;un candidato opositor a Juan Rom\u00e1n Riquelme.<\/strong><\/p>\n\n\n\n<p>En recientes declaraciones, Battaglia hab\u00eda vuelto a cargar contra Rom\u00e1n en una entrevista en&nbsp;<em>Picado TV<\/em>. \u201cFue dif\u00edcil el proceso por un mont\u00f3n de cuestiones.<strong>&nbsp;Pasaron cuatro a\u00f1os y Boca sigue teniendo los mismos problemas, no logra estabilizarse&#8221;<\/strong>, se\u00f1al\u00f3.<\/p>\n\n\n\n<p>En ese sentido, explic\u00f3: \u201cYo ten\u00eda mis convicciones, mis puntos de vista y los planteaba. Hubo charlas futboleras, no tanto con Rom\u00e1n, sino con los muchachos del Consejo. Las charlas siempre estaban. Eso es as\u00ed y son parte de la instituci\u00f3n\u201d. Consultado sobre si retom\u00f3 el di\u00e1logo con el hoy presidente, respondi\u00f3: \u201c<strong>No volv\u00ed a hablar con \u00e9l. Solo fui a su despedida porque me pareci\u00f3 correcto ir.&nbsp;<\/strong>Por respeto, porque estuvo en la m\u00eda cuando yo lo invit\u00e9. Uno tiene que separar las cosas\u201d.<\/p>\n\n\n\n<p>Aquella eliminaci\u00f3n ante Corinthians en los octavos de final de la Copa Libertadores 2022, sumada a la conferencia de prensa en la que marc\u00f3&nbsp;<strong>diferencias con la dirigencia<\/strong>, termin\u00f3 con su ciclo como DT de Boca de manera abrupta y&nbsp;<strong>la relaci\u00f3n con Riquelme nunca se recompuso<\/strong>.<\/p>\n","protected":false},"excerpt":{"rendered":"<p>El exentrenador del Xeneize se unir\u00e1 a la lista de Jorge Reale para la votaci\u00f3n que realizar\u00e1n los socios del club en 2027. Sebasti\u00e1n Battaglia&nbsp;sorprendi\u00f3&hellip; <\/p>\n","protected":false},"author":2,"featured_media":38247,"comment_status":"open","ping_status":"open","sticky":false,"template":"","format":"standard","meta":{"footnotes":""},"categories":[10],"tags":[],"class_list":["post-38246","post","type-post","status-publish","format-standard","has-post-thumbnail","hentry","category-deportes"],"_links":{"self":[{"href":"https:\/\/lametro989.com\/index.php?rest_route=\/wp\/v2\/posts\/38246","targetHints":{"allow":["GET"]}}],"collection":[{"href":"https:\/\/lametro989.com\/index.php?rest_route=\/wp\/v2\/posts"}],"about":[{"href":"https:\/\/lametro989.com\/index.php?rest_route=\/wp\/v2\/types\/post"}],"author":[{"embeddable":true,"href":"https:\/\/lametro989.com\/index.php?rest_route=\/wp\/v2\/users\/2"}],"replies":[{"embeddable":true,"href":"https:\/\/lametro989.com\/index.php?rest_route=%2Fwp%2Fv2%2Fcomments&post=38246"}],"version-history":[{"count":1,"href":"https:\/\/lametro989.com\/index.php?rest_route=\/wp\/v2\/posts\/38246\/revisions"}],"predecessor-version":[{"id":38248,"href":"https:\/\/lametro989.com\/index.php?rest_route=\/wp\/v2\/posts\/38246\/revisions\/38248"}],"wp:featuredmedia":[{"embeddable":true,"href":"https:\/\/lametro989.com\/index.php?rest_route=\/wp\/v2\/media\/38247"}],"wp:attachment":[{"href":"https:\/\/lametro989.com\/index.php?rest_route=%2Fwp%2Fv2%2Fmedia&parent=38246"}],"wp:term":[{"taxonomy":"category","embeddable":true,"href":"https:\/\/lametro989.com\/index.php?rest_route=%2Fwp%2Fv2%2Fcategories&post=38246"},{"taxonomy":"post_tag","embeddable":true,"href":"https:\/\/lametro989.com\/index.php?rest_route=%2Fwp%2Fv2%2Ftags&post=38246"}],"curies":[{"name":"wp","href":"https:\/\/api.w.org\/{rel}","templated":true}]}}