{"id":38249,"date":"2026-03-17T07:20:05","date_gmt":"2026-03-17T10:20:05","guid":{"rendered":"https:\/\/lametro989.com\/?p=38249"},"modified":"2026-03-17T07:20:05","modified_gmt":"2026-03-17T10:20:05","slug":"detectan-en-argentina-el-primer-caso-de-la-viruela-del-mono-mas-agresiva-como-prevenirla","status":"publish","type":"post","link":"https:\/\/lametro989.com\/?p=38249","title":{"rendered":"Detectan en Argentina el primer caso de la viruela del mono m\u00e1s agresiva: c\u00f3mo prevenirla"},"content":{"rendered":"\n<p>El Ministerio de Salud confirm\u00f3 el hallazgo del clado Ib de Mpox en un hombre de 31 a\u00f1os sin viajes recientes, en medio de una expansi\u00f3n global de esta variante del virus.<\/p>\n\n\n\n<figure class=\"wp-block-image size-large\"><img loading=\"lazy\" decoding=\"async\" width=\"1024\" height=\"573\" src=\"https:\/\/lametro989.com\/wp-content\/uploads\/2026\/03\/image-147-1024x573.png\" alt=\"\" class=\"wp-image-38250\" srcset=\"https:\/\/lametro989.com\/wp-content\/uploads\/2026\/03\/image-147-1024x573.png 1024w, https:\/\/lametro989.com\/wp-content\/uploads\/2026\/03\/image-147-300x168.png 300w, https:\/\/lametro989.com\/wp-content\/uploads\/2026\/03\/image-147-768x430.png 768w, https:\/\/lametro989.com\/wp-content\/uploads\/2026\/03\/image-147.png 1440w\" sizes=\"auto, (max-width: 1024px) 100vw, 1024px\" \/><\/figure>\n\n\n\n<p>El\u00a0<strong>Ministerio de Salud de la Naci\u00f3n confirm\u00f3<\/strong>\u00a0el primer caso en Argentina de<a href=\"https:\/\/tn.com.ar\/sociedad\/2024\/08\/15\/viruela-del-mono-en-la-argentina-cuantos-casos-hay-confirmados-y-cuales-son-los-sintomas\/\">\u00a0<strong>viruela del mono<\/strong><\/a><strong>\u00a0(Mpox) del clado Ib<\/strong>, una variante considerada m\u00e1s\u00a0<strong>contagiosa y con mayor severidad potencial<\/strong>\u00a0que las detectadas hasta ahora en el pa\u00eds. El paciente es un\u00a0<strong>hombre de 31 a\u00f1os residente en la Ciudad de Buenos Aires<\/strong>, sin antecedentes de viaje reciente, que fue atendido de forma ambulatoria y evolucion\u00f3 de manera\u00a0<strong>favorable<\/strong>.<\/p>\n\n\n\n<figure class=\"wp-block-image size-large\"><img loading=\"lazy\" decoding=\"async\" width=\"1024\" height=\"607\" src=\"https:\/\/lametro989.com\/wp-content\/uploads\/2026\/03\/image-148-1024x607.png\" alt=\"\" class=\"wp-image-38251\" srcset=\"https:\/\/lametro989.com\/wp-content\/uploads\/2026\/03\/image-148-1024x607.png 1024w, https:\/\/lametro989.com\/wp-content\/uploads\/2026\/03\/image-148-300x178.png 300w, https:\/\/lametro989.com\/wp-content\/uploads\/2026\/03\/image-148-768x455.png 768w, https:\/\/lametro989.com\/wp-content\/uploads\/2026\/03\/image-148.png 1440w\" sizes=\"auto, (max-width: 1024px) 100vw, 1024px\" \/><\/figure>\n\n\n\n<p>La aparici\u00f3n de esta variante en Argentina ocurre en un&nbsp;<strong>contexto de expansi\u00f3n global<\/strong>&nbsp;del&nbsp;<strong>clado Ib de Mpox<\/strong>, que ha sido detectado en varios pa\u00edses de las&nbsp;<strong>Am\u00e9ricas y Europa<\/strong>. En 2026 se han confirmado casos en Estados Unidos, Canad\u00e1, Brasil y M\u00e9xico, y tambi\u00e9n se ha documentado&nbsp;<strong>transmisi\u00f3n comunitaria en Francia, Portugal y Espa\u00f1a<\/strong>.<\/p>\n\n\n\n<p>Antes, Argentina hab\u00eda reportado casos de&nbsp;<strong>clado II<\/strong>, menos virulento que Ib, con cinco infecciones confirmadas en 2026 (cuatro en CABA y una en R\u00edo Negro).<\/p>\n\n\n\n<figure class=\"wp-block-image\"><img decoding=\"async\" src=\"https:\/\/tn.com.ar\/resizer\/v2\/micrografia-electronica-coloreada-del-virus-de-la-viruela-del-mono-dentro-de-una-celula-infectada-cultivada-en-laboratorio-foto-reuters-OZFEMTVNG3J5ZXOSSW3R425UKU.jpg?auth=092f7b1b1651ae68e36e1c979c18e2905d61b5fbfcf75659117a54244427e201&amp;width=767\" alt=\"Micrograf\u00eda electr\u00f3nica coloreada del virus de la viruela del mono dentro de una c\u00e9lula infectada, cultivada en laboratorio. (Foto: REUTERS).\"\/><figcaption class=\"wp-element-caption\">Micrograf\u00eda electr\u00f3nica coloreada del virus de la viruela del mono dentro de una c\u00e9lula infectada, cultivada en laboratorio. (Foto: REUTERS).<\/figcaption><\/figure>\n\n\n\n<p>Este sublinaje emergi\u00f3 en partes de&nbsp;<strong>\u00c1frica central<\/strong>&nbsp;y se ha extendido fuera de esa regi\u00f3n en los \u00faltimos a\u00f1os, con brotes sostenidos y transmisi\u00f3n entre personas en varios pa\u00edses, aunque no hay evidencia de que cause mayor mortalidad fuera de contextos end\u00e9micos.<\/p>\n\n\n\n<h2 class=\"wp-block-heading\">Transmisi\u00f3n, s\u00edntomas y recomendaciones sanitarias<\/h2>\n\n\n\n<p>La&nbsp;<strong>viruela del mono (Mpox)<\/strong>&nbsp;es una infecci\u00f3n por un virus del g\u00e9nero&nbsp;<em>Orthopoxvirus<\/em>&nbsp;que puede transmitirse de persona a persona mediante&nbsp;<strong>contacto directo con lesiones cut\u00e1neas o mucosas<\/strong>, contacto sexual cercano o exposici\u00f3n a objetos contaminados como ropa o s\u00e1banas. La transmisi\u00f3n respiratoria de corto alcance tambi\u00e9n es posible en contextos de contacto prolongado.<\/p>\n\n\n\n<p>Los s\u00edntomas iniciales suelen incluir&nbsp;<strong>fiebre, cefalea, dolores musculares, linfadenopat\u00edas y astenia<\/strong>, seguidos por la aparici\u00f3n de&nbsp;<strong>lesiones cut\u00e1neas en zonas genitales, faciales o extremidades<\/strong>. La infecci\u00f3n puede evolucionar de forma autolimitada en 14 a 21 d\u00edas, aunque la presentaci\u00f3n cl\u00ednica puede variar seg\u00fan la persona y la variante del virus.<\/p>\n\n\n\n<p>Ante la detecci\u00f3n del clado Ib, el Ministerio de Salud de la Naci\u00f3n inst\u00f3 a las jurisdicciones a intensificar la&nbsp;<strong>vigilancia epidemiol\u00f3gica<\/strong>, detectar r\u00e1pidamente signos compatibles y&nbsp;<strong>realizar rastreo de contactos<\/strong>. Tambi\u00e9n recomend\u00f3 que el paciente infectado permanezca en&nbsp;<strong>aislamiento hasta que todas las lesiones hayan cicatrizado<\/strong>&nbsp;y que el&nbsp;<strong>personal sanitario use equipo de protecci\u00f3n personal<\/strong>&nbsp;adecuado durante la atenci\u00f3n.<\/p>\n\n\n\n<h2 class=\"wp-block-heading\">Caso en Argentina: detalles y evoluci\u00f3n cl\u00ednica<\/h2>\n\n\n\n<p>El caso confirmado en la Ciudad de Buenos Aires corresponde a un hombre de 31 a\u00f1os que consult\u00f3 con s\u00edntomas que comenzaron d\u00edas antes de la atenci\u00f3n m\u00e9dica, incluyendo\u00a0<strong>exantema, fiebre, dolor y linfadenopat\u00edas<\/strong>. El paciente no declar\u00f3\u00a0<strong>antecedentes de viaje al exterior reciente<\/strong>, aunque inform\u00f3 m\u00faltiples contactos sexuales nuevos en el per\u00edodo previo al inicio de los s\u00edntomas. La confirmaci\u00f3n se realiz\u00f3 mediante\u00a0<strong>PCR y secuenciaci\u00f3n gen\u00e9tica<\/strong>, que identificaron el virus como\u00a0<strong>Mpox clado Ib<\/strong>. Las autoridades sanitarias indicaron que la\u00a0<strong>investigaci\u00f3n epidemiol\u00f3gica contin\u00faa<\/strong>, y hasta el momento no se han detectado casos secundarios vinculados a este paciente<\/p>\n","protected":false},"excerpt":{"rendered":"<p>El Ministerio de Salud confirm\u00f3 el hallazgo del clado Ib de Mpox en un hombre de 31 a\u00f1os sin viajes recientes, en medio de una&hellip; <\/p>\n","protected":false},"author":2,"featured_media":38250,"comment_status":"open","ping_status":"open","sticky":false,"template":"","format":"standard","meta":{"footnotes":""},"categories":[13],"tags":[],"class_list":["post-38249","post","type-post","status-publish","format-standard","has-post-thumbnail","hentry","category-nacionales"],"_links":{"self":[{"href":"https:\/\/lametro989.com\/index.php?rest_route=\/wp\/v2\/posts\/38249","targetHints":{"allow":["GET"]}}],"collection":[{"href":"https:\/\/lametro989.com\/index.php?rest_route=\/wp\/v2\/posts"}],"about":[{"href":"https:\/\/lametro989.com\/index.php?rest_route=\/wp\/v2\/types\/post"}],"author":[{"embeddable":true,"href":"https:\/\/lametro989.com\/index.php?rest_route=\/wp\/v2\/users\/2"}],"replies":[{"embeddable":true,"href":"https:\/\/lametro989.com\/index.php?rest_route=%2Fwp%2Fv2%2Fcomments&post=38249"}],"version-history":[{"count":1,"href":"https:\/\/lametro989.com\/index.php?rest_route=\/wp\/v2\/posts\/38249\/revisions"}],"predecessor-version":[{"id":38252,"href":"https:\/\/lametro989.com\/index.php?rest_route=\/wp\/v2\/posts\/38249\/revisions\/38252"}],"wp:featuredmedia":[{"embeddable":true,"href":"https:\/\/lametro989.com\/index.php?rest_route=\/wp\/v2\/media\/38250"}],"wp:attachment":[{"href":"https:\/\/lametro989.com\/index.php?rest_route=%2Fwp%2Fv2%2Fmedia&parent=38249"}],"wp:term":[{"taxonomy":"category","embeddable":true,"href":"https:\/\/lametro989.com\/index.php?rest_route=%2Fwp%2Fv2%2Fcategories&post=38249"},{"taxonomy":"post_tag","embeddable":true,"href":"https:\/\/lametro989.com\/index.php?rest_route=%2Fwp%2Fv2%2Ftags&post=38249"}],"curies":[{"name":"wp","href":"https:\/\/api.w.org\/{rel}","templated":true}]}}