{"id":38259,"date":"2026-03-17T07:36:14","date_gmt":"2026-03-17T10:36:14","guid":{"rendered":"https:\/\/lametro989.com\/?p=38259"},"modified":"2026-03-17T07:36:14","modified_gmt":"2026-03-17T10:36:14","slug":"colapso-electrico-total-en-cuba-y-donald-trump-exige-renuncia-de-diaz-canel","status":"publish","type":"post","link":"https:\/\/lametro989.com\/?p=38259","title":{"rendered":"Colapso el\u00e9ctrico total en Cuba y Donald Trump exige renuncia de D\u00edaz-Canel"},"content":{"rendered":"\n<p>La red el\u00e9ctrica nacional de Cuba colaps\u00f3 el lunes 16\/03, y 10 millones de personas quedaron a oscuras en medio de un bloqueo petrolero impuesto por USA.<\/p>\n\n\n\n<figure class=\"wp-block-image size-large\"><img loading=\"lazy\" decoding=\"async\" width=\"1024\" height=\"598\" src=\"https:\/\/lametro989.com\/wp-content\/uploads\/2026\/03\/image-151-1024x598.png\" alt=\"\" class=\"wp-image-38260\" srcset=\"https:\/\/lametro989.com\/wp-content\/uploads\/2026\/03\/image-151-1024x598.png 1024w, https:\/\/lametro989.com\/wp-content\/uploads\/2026\/03\/image-151-300x175.png 300w, https:\/\/lametro989.com\/wp-content\/uploads\/2026\/03\/image-151-768x449.png 768w, https:\/\/lametro989.com\/wp-content\/uploads\/2026\/03\/image-151-820x480.png 820w, https:\/\/lametro989.com\/wp-content\/uploads\/2026\/03\/image-151.png 1155w\" sizes=\"auto, (max-width: 1024px) 100vw, 1024px\" \/><\/figure>\n\n\n\n<p><strong>UNE<\/strong>, el operador de la red el\u00e9ctrica de\u00a0<strong>Cuba<\/strong>, confirm\u00f3 el\u00a0<strong>apag\u00f3n<\/strong>, el m\u00e1s reciente de una serie de interrupciones generalizadas que duran horas o d\u00edas y que durante el pasado fin de semana desencaden\u00f3 una inusual protesta que en algunas localidades deriv\u00f3 en algunos ataques contra locales del\u00a0<strong>Partido Comunista<\/strong>\u00a0(por ejemplo en Mor\u00f3n). <em>Mientras funcionarios estadounidenses y cubanos negocian sobre el futuro de la isla caribe\u00f1a, gobernada por los comunistas y asediada econ\u00f3micamente,<strong>\u00a0la Administraci\u00f3n Trump busca derrocar al presidente Miguel D\u00edaz-Canel<\/strong>, seg\u00fan 4 personas familiarizadas con las conversaciones. (&#8230;)<\/em> <em>Si bien esta medida pretende demostrar a la comunidad cubana en el exilio y a otros estadounidenses que la Administraci\u00f3n Trump busca un cambio tanto pol\u00edtico como econ\u00f3mico,&nbsp;<strong>probablemente decepcionar\u00e1 a muchos cubanos conservadores<\/strong>&nbsp;en Estados Unidos, quienes anhelan una transformaci\u00f3n pol\u00edtica radical en Cuba. Los legisladores cubanoamericanos en el Congreso y los pol\u00edticos en Florida tambi\u00e9n podr\u00edan exigirle al Sr. Trump que tome m\u00e1s medidas.<\/em><\/p>\n\n\n\n<p><em><strong>Seg\u00fan la fuente, los negociadores estadounidenses tambi\u00e9n quieren que Cuba acepte destituir a algunos funcionarios veteranos que siguen comprometidos con las ideas de Fidel Castro<\/strong>, el padre de la revoluci\u00f3n comunista. Adem\u00e1s, los estadounidenses presionan para la liberaci\u00f3n de los presos pol\u00edticos, un objetivo pol\u00edtico de larga data de Estados Unidos.<\/em><\/p>\n\n\n\n<p><em><strong>Hasta el momento, Estados Unidos no est\u00e1 presionando para que se tomen medidas contra los miembros de la familia Castro<\/strong>, quienes siguen siendo los principales actores del poder en el pa\u00eds, seg\u00fan dos fuentes. (&#8230;)<\/em>&nbsp;<\/p>\n\n\n\n<p><em>En opini\u00f3n de algunos funcionarios de la Administraci\u00f3n Trump, destituir al jefe de Estado cubano permitir\u00eda cambios econ\u00f3micos estructurales en el pa\u00eds que el Sr. D\u00edaz-Canel, a quien los funcionarios consideran un intransigente, dif\u00edcilmente apoyar\u00eda, seg\u00fan una de las fuentes.<\/em>&nbsp;<\/p>\n\n\n\n<p><em>Si los cubanos aceptan, se producir\u00eda el primer gran cambio pol\u00edtico derivado de las conversaciones entre los dos pa\u00edses desde que comenzaron hace unos meses.<\/em>&nbsp;<\/p>\n\n\n\n<p><strong><em>Seg\u00fan una de las personas consultadas, la destituci\u00f3n del m\u00e1ximo dirigente cubano le dar\u00eda al presidente Trump una victoria simb\u00f3lica que le permitir\u00eda decirle al p\u00fablico estadounidense que hab\u00eda derrocado al l\u00edder de un gobierno de izquierda que se opon\u00eda desde hac\u00eda mucho tiempo a Estados Unidos, como ya lo hizo en Venezuela.<\/em><\/strong>&nbsp;(&#8230;)&#8221;.<\/p>\n\n\n\n<h2 class=\"wp-block-heading\">El apag\u00f3n<\/h2>\n\n\n\n<p>El presidente estadounidense&nbsp;<strong>Donald Trump<\/strong>&nbsp;bloque\u00f3 los env\u00edos de petr\u00f3leo venezolano a Cuba y amenaz\u00f3 con imponer aranceles a cualquier pa\u00eds que venda petr\u00f3leo a Cuba, estrangulando as\u00ed la ya anticuada red el\u00e9ctrica de la isla caribe\u00f1a.&nbsp;<\/p>\n\n\n\n<p><strong>Los cubanos se han acostumbrado a los cortes de electricidad, ya sea por la escasez de suministro de petr\u00f3leo o por fallas sist\u00e9micas en la red el\u00e9ctrica, que tambi\u00e9n pueden ser consecuencia de una baja generaci\u00f3n de energ\u00eda. Pero lo que est\u00e1 ocurriendo en estos d\u00edas es muy delicado, con Donald Trump necesitado de demostrar autoridad, en medio de sus desaciertos con Ir\u00e1n.<\/strong> <em>Una desconexi\u00f3n total del sistema energ\u00e9tico nacional (SEN) este lunes dej\u00f3 en apag\u00f3n simult\u00e1neo a todo el pa\u00eds hacia las dos de la tarde. La Uni\u00f3n El\u00e9ctrica de Cuba (UNE) inform\u00f3 del incidente mediante unas breves l\u00edneas, publicadas por el canal de Telegram de la Empresa El\u00e9ctrica de La Habana, indicando que comenzaban a &#8220;implementarse los protocolos para el restablecimiento&#8221;, pero sin proporcionar ninguna explicaci\u00f3n.<\/em><\/p>\n\n\n\n<p><em>En la capital, se fue la luz de de una extra\u00f1a manera. &#8220;Fue como un apagarse, encenderse y volver a apagarse inmediatamente&#8221;, refiere una vecina de Nuevo Vedado. Residentes en provincias reportaron tambi\u00e9n el corte s\u00fabito de la electricidad.<\/em><\/p>\n\n\n\n<p><em>Una hora despu\u00e9s, en otro mensaje, la estatal detallaba que se reportaban aver\u00edas &#8220;en ninguna de las unidades t\u00e9rmicas que estaban en funcionamiento en el momento que ocurri\u00f3 la desconexi\u00f3n del SEN&#8221;. Justamente, una aver\u00eda en la central termoel\u00e9ctrica (CTE) Antonio Guiteras, de Matanzas, fue el motivo de la ca\u00edda parcial del sistema el pasado 4 de marzo, que dej\u00f3 dos tercios del pa\u00eds sin luz, desde Camag\u00fcey hasta Pinar del R\u00edo.<\/em><\/p>\n\n\n\n<p><em>&#8220;Fue como un apagarse, encenderse y volver a apagarse inmediatamente&#8221;, refiere una vecina de Nuevo Vedado<\/em><\/p>\n\n\n\n<p><strong><em>El de este lunes era el primer colapso total del SEN en lo que va de 2026, y el 6to. en a\u00f1o y medio en la Isla. Entre finales de 2024 y principios de 2025 se registraron 5 desconexiones de alcance nacional o regional, algunas provocadas por fallas en unidades clave y otras por d\u00e9ficits extremos de generaci\u00f3n, que obligaron a desconectar bloques completos para evitar da\u00f1os mayores. En varias ocasiones, la ca\u00edda total del SEN dej\u00f3 al pa\u00eds a oscuras durante horas, con procesos de restablecimiento lentos y escalonados por microsistemas.<\/em><\/strong><\/p>\n\n\n\n<p><em>La recuperaci\u00f3n tras el del 4 de marzo fue dif\u00edcil, debido a la falta de combustible \u2013recrudecida en estos dos meses de bloqueo petrolero\u2013, necesario para hacer funcionar precisamente esos microsistemas o &#8220;microislas&#8221;, para dar servicio a zonas determinadas.<\/em><\/p>\n\n\n\n<p><em>Poco despu\u00e9s de las tres y media de la tarde, la UNE inform\u00f3 de que comenzaban a funcionar &#8220;microsistemas en varios terriotorios&#8221;, y veinte minutos despu\u00e9s, aseguraban que la planta de Energ\u00e1s, operada con la canadiense Sherritt en Boca de Jaruco, ya ten\u00eda &#8220;una unidad generadora en servicio&#8221;.<\/em><\/p>\n\n\n\n<p><em>Como es habitual en situaciones semejantes, las autoridades dijeron que &#8220;el restablecimiento se har\u00e1 de forma gradual en la medida que las condiciones del SEN lo permitan&#8221;.<\/em><\/p>\n\n\n\n<p><strong><em>Los prolongados apagones desde la m\u00e1s reciente ca\u00edda parcial del sistema, que han superado los 3 d\u00edas en algunos lugares, han vuelto a prender la mecha de la indignaci\u00f3n en toda la Isla, que este lunes amaneci\u00f3 tras su 10ma. noche seguida de cacerolazos. El punto culminante de estas protestas ocurri\u00f3 el pasado viernes en Mor\u00f3n (Ciego de \u00c1vila), donde decenas de vecinos salieron a manifestarse al grito de &#8220;Libertad&#8221;.<\/em><\/strong><\/p>\n\n\n\n<p><em>La marcha recorri\u00f3 distintas zonas de la ciudad al ritmo de los cacerolazos, lleg\u00f3 hasta una unidad de la Polic\u00eda y termin\u00f3 frente a la sede del Partido Comunista de Cuba, donde los manifestantes irrumpieron en el edificio, arrojaron muebles y pancartas a la calle y levantaron una hoguera en plena v\u00eda p\u00fablica.<\/em><\/p>\n\n\n\n<p><em>Varias personas han sido detenidas por lo que el r\u00e9gimen considera &#8220;actos vand\u00e1licos&#8221; y las fuerzas de seguridad han sido desplegadas en todo el pa\u00eds, con la orden de &#8220;impunidad cero&#8221;.<\/em> Rendici\u00f3n total<\/p>\n\n\n\n<p>El presidente Trump plante\u00f3 el lunes la posibilidad de que Estados Unidos &#8220;<em>se apodere&#8221;<\/em>&nbsp;de Cuba, al decir a los periodistas en la Casa Blanca: &#8220;Creo que tendr\u00e9 el honor de tomar Cuba&#8221;.<\/p>\n\n\n\n<p><em>\u201cTomar Cuba. Es decir, liberarla o tomarla. Creo que puedo hacer lo que quiera con ella\u201d<\/em>, dijo.&nbsp;<em>\u201cAhora mismo es una naci\u00f3n muy debilitada\u201d.<\/em><\/p>\n\n\n\n<p><strong>Las declaraciones del Presidente se produjeron el mismo d\u00eda en que Cuba sufri\u00f3 un apag\u00f3n nacional debido a la escasez de combustible. El lunes por la noche, funcionarios cubanos tambi\u00e9n ten\u00edan previsto anunciar que el gobierno comunista del pa\u00eds se abrir\u00eda a la inversi\u00f3n extranjera, incluyendo la de Estados Unidos, seg\u00fan declar\u00f3 a NBC News el viceprimer ministro cubano, Oscar P\u00e9rez-Oliva Fraga.<\/strong><\/p>\n\n\n\n<p><em>\u201cCuba est\u00e1 abierta a mantener una relaci\u00f3n comercial fluida con las empresas estadounidenses, as\u00ed como con los cubanos que residen en Estados Unidos y sus descendientes\u201d,<\/em>&nbsp;declar\u00f3 el viceprimer ministro en un fragmento de una entrevista publicado por la cadena el lunes por la ma\u00f1ana.<\/p>\n\n\n\n<p>No est\u00e1 claro hasta qu\u00e9 punto Cuba pretende abrir su econom\u00eda, ni c\u00f3mo se comparan estas medidas con las adoptadas hace una d\u00e9cada bajo la presidencia de Barack Obama . Sin embargo, el anuncio previsto coincide con una grave crisis humanitaria y energ\u00e9tica, y algunos expertos afirman que la isla podr\u00eda quedarse sin combustible en cuesti\u00f3n de semanas debido al bloqueo de facto impuesto por la administraci\u00f3n Trump.<\/p>\n","protected":false},"excerpt":{"rendered":"<p>La red el\u00e9ctrica nacional de Cuba colaps\u00f3 el lunes 16\/03, y 10 millones de personas quedaron a oscuras en medio de un bloqueo petrolero impuesto&hellip; <\/p>\n","protected":false},"author":2,"featured_media":38260,"comment_status":"open","ping_status":"open","sticky":false,"template":"","format":"standard","meta":{"footnotes":""},"categories":[9,13],"tags":[],"class_list":["post-38259","post","type-post","status-publish","format-standard","has-post-thumbnail","hentry","category-destacadas","category-nacionales"],"_links":{"self":[{"href":"https:\/\/lametro989.com\/index.php?rest_route=\/wp\/v2\/posts\/38259","targetHints":{"allow":["GET"]}}],"collection":[{"href":"https:\/\/lametro989.com\/index.php?rest_route=\/wp\/v2\/posts"}],"about":[{"href":"https:\/\/lametro989.com\/index.php?rest_route=\/wp\/v2\/types\/post"}],"author":[{"embeddable":true,"href":"https:\/\/lametro989.com\/index.php?rest_route=\/wp\/v2\/users\/2"}],"replies":[{"embeddable":true,"href":"https:\/\/lametro989.com\/index.php?rest_route=%2Fwp%2Fv2%2Fcomments&post=38259"}],"version-history":[{"count":1,"href":"https:\/\/lametro989.com\/index.php?rest_route=\/wp\/v2\/posts\/38259\/revisions"}],"predecessor-version":[{"id":38261,"href":"https:\/\/lametro989.com\/index.php?rest_route=\/wp\/v2\/posts\/38259\/revisions\/38261"}],"wp:featuredmedia":[{"embeddable":true,"href":"https:\/\/lametro989.com\/index.php?rest_route=\/wp\/v2\/media\/38260"}],"wp:attachment":[{"href":"https:\/\/lametro989.com\/index.php?rest_route=%2Fwp%2Fv2%2Fmedia&parent=38259"}],"wp:term":[{"taxonomy":"category","embeddable":true,"href":"https:\/\/lametro989.com\/index.php?rest_route=%2Fwp%2Fv2%2Fcategories&post=38259"},{"taxonomy":"post_tag","embeddable":true,"href":"https:\/\/lametro989.com\/index.php?rest_route=%2Fwp%2Fv2%2Ftags&post=38259"}],"curies":[{"name":"wp","href":"https:\/\/api.w.org\/{rel}","templated":true}]}}