{"id":38262,"date":"2026-03-17T07:49:16","date_gmt":"2026-03-17T10:49:16","guid":{"rendered":"https:\/\/lametro989.com\/?p=38262"},"modified":"2026-03-17T07:49:16","modified_gmt":"2026-03-17T10:49:16","slug":"nevo-en-el-desierto-de-sahara-el-impactante-fenomeno-climatico-que-sorprende-al-mundo-entero","status":"publish","type":"post","link":"https:\/\/lametro989.com\/?p=38262","title":{"rendered":"Nev\u00f3 en el desierto de Sahara:\u00a0el impactante fen\u00f3meno clim\u00e1tico que sorprende al mundo entero"},"content":{"rendered":"\n<p>La aparici\u00f3n de nieve genera un contraste visual poco habitual en este ecosistema des\u00e9rtico. Durante el episodio, el manto blanco se acumul\u00f3 r\u00e1pidamente sobre la arena antes de comenzar a derretirse horas despu\u00e9s.<\/p>\n\n\n\n<figure class=\"wp-block-image size-full\"><img loading=\"lazy\" decoding=\"async\" width=\"950\" height=\"534\" src=\"https:\/\/lametro989.com\/wp-content\/uploads\/2026\/03\/image-152.png\" alt=\"\" class=\"wp-image-38263\" srcset=\"https:\/\/lametro989.com\/wp-content\/uploads\/2026\/03\/image-152.png 950w, https:\/\/lametro989.com\/wp-content\/uploads\/2026\/03\/image-152-300x169.png 300w, https:\/\/lametro989.com\/wp-content\/uploads\/2026\/03\/image-152-768x432.png 768w\" sizes=\"auto, (max-width: 950px) 100vw, 950px\" \/><\/figure>\n\n\n\n<p>Un&nbsp;<a href=\"https:\/\/noticiasambientales.com\/\" target=\"_blank\" rel=\"noreferrer noopener\"><strong>fen\u00f3meno<\/strong><\/a><a href=\"https:\/\/www.canal26.com\/planeta\/2026\/02\/05\/como-es-la-gran-muralla-verde-de-china-una-reforestacion-historica-para-frenar-los-desiertos-que-termino-alterando-el-clima\/\" target=\"_blank\" rel=\"noreferrer noopener\"><strong>clim\u00e1tico<\/strong><\/a>&nbsp;<strong>inusual&nbsp;<\/strong>volvi\u00f3 a transformar el paisaje del&nbsp;<a href=\"https:\/\/www.canal26.com\/planeta\/2026\/03\/11\/el-sitio-mas-caliente-del-mundo-esta-en-sudamerica-sus-niveles-de-radiacion-son-similares-a-los-de-venus\/\" target=\"_blank\" rel=\"noreferrer noopener\"><strong>desierto<\/strong><\/a><strong>&nbsp;en el norte de \u00c1frica<\/strong>. Las dunas rojizas que rodean la ciudad de Ain Sefra amanecieron&nbsp;<strong>cubiertas por una capa de nieve<\/strong>, un evento extremadamente poco frecuente en esta regi\u00f3n.<\/p>\n\n\n\n<p>El episodio sorprendi\u00f3 a los habitantes de esta localidad ubicada en el borde del&nbsp;<a href=\"https:\/\/www.canal26.com\/planeta\/2026\/03\/17\/nevo-en-el-desierto-de-sahara-el-impactante-fenomeno-climatico-que-sorprende-al-mundo-entero\/\" target=\"_blank\" rel=\"noreferrer noopener\"><strong>Desierto<\/strong><\/a><strong>&nbsp;del Sahara<\/strong>. Las im\u00e1genes mostraron el contraste entre la<strong>&nbsp;arena roja del desierto<\/strong>&nbsp;y el&nbsp;<strong>manto blanco de nieve<\/strong>.<\/p>\n\n\n\n<p>El fen\u00f3meno se registr\u00f3 durante la madrugada y<strong>&nbsp;la nieve permaneci\u00f3 durante gran parte del d\u00eda<\/strong>&nbsp;antes de&nbsp;<strong>comenzar a derretirse<\/strong>.<\/p>\n\n\n\n<p>Este tipo de eventos genera\u00a0<strong>gran curiosidad cient\u00edfica<\/strong>, ya que refleja la\u00a0<strong>compleja interacci\u00f3n<\/strong>\u00a0entre el\u00a0<strong>clima del desierto y las condiciones atmosf\u00e9ricas invernales<\/strong>. C\u00f3mo un paisaje des\u00e9rtico se transform\u00f3 por el fr\u00edo<\/p>\n\n\n\n<p>La ciudad de Ain Sefra es conocida como la puerta de<strong>&nbsp;entrada al Sahara<\/strong>. Su entorno est\u00e1 dominado por&nbsp;<strong>dunas rojizas<\/strong>&nbsp;y extensas zonas \u00e1ridas donde predominan<strong>&nbsp;temperaturas extremas<\/strong>.<\/p>\n\n\n\n<p>Por eso, la&nbsp;<strong>aparici\u00f3n de nieve<\/strong>&nbsp;genera un&nbsp;<strong>contraste visual poco habitual<\/strong>&nbsp;en este ecosistema des\u00e9rtico. Durante el episodio,&nbsp;<strong>la nieve se acumul\u00f3 r\u00e1pidamente sobre la arena<\/strong>&nbsp;antes de comenzar a derretirse horas despu\u00e9s.<\/p>\n\n\n\n<p>El fen\u00f3meno modific\u00f3 temporalmente el&nbsp;<strong>paisaje natural<\/strong>&nbsp;y atrajo la atenci\u00f3n de residentes y observadores del clima. En este tipo de entornos, incluso&nbsp;<strong>peque\u00f1as nevadas<\/strong>&nbsp;pueden<strong>&nbsp;alterar la din\u00e1mica t\u00e9rmica del suelo<\/strong>&nbsp;y la superficie arenosa.<\/p>\n\n\n\n<h2 class=\"wp-block-heading\">Antecedentes de nevadas en el desierto<\/h2>\n\n\n\n<p>Aunque sorprendente, este&nbsp;<strong>no es el primer episodio de nieve<\/strong>&nbsp;registrado en la regi\u00f3n. La ciudad vivi\u00f3 un evento similar&nbsp;<strong>en 2016<\/strong>, cuando una&nbsp;<strong>nevada posterior a la Navidad<\/strong>&nbsp;afect\u00f3 rutas y accesos urbanos.<\/p>\n\n\n\n<p>Al a\u00f1o siguiente, en<strong>&nbsp;enero de 2017<\/strong>, las<strong>&nbsp;dunas<\/strong>&nbsp;volvieron a&nbsp;<strong>cubrirse de blanco durante algunas horas<\/strong>. En esa ocasi\u00f3n, el fen\u00f3meno despert\u00f3 gran&nbsp;<strong>curiosidad entre los habitantes<\/strong>, especialmente entre los ni\u00f1os que aprovecharon para jugar en la nieve.<\/p>\n\n\n\n<p>Sin embargo, antes de estos eventos recientes, la<strong>&nbsp;\u00faltima nevada significativa<\/strong>&nbsp;hab\u00eda ocurrido en&nbsp;<strong>febrero de 1979<\/strong>. La distancia temporal entre estos episodios refleja la excepcionalidad del fen\u00f3meno en esta&nbsp;<strong>regi\u00f3n del Sahara.<\/strong><\/p>\n\n\n\n<figure class=\"wp-block-image\"><img decoding=\"async\" src=\"https:\/\/www.canal26.com\/resizer\/v2\/JGTJQP6LXJF5NDATBSXNLSTV7Y.png?auth=bcc15153e0558e7f79d3f08a1a1200a97bec27e7c3eedbadca51c1b6a5b85115&amp;smart=true&amp;width=450&amp;height=265&amp;quality=70\" alt=\"\"\/><figcaption class=\"wp-element-caption\">Nev\u00f3 en el desierto del Sahara.&nbsp;Foto: Captura<\/figcaption><\/figure>\n\n\n\n<h2 class=\"wp-block-heading\">\u00bfQu\u00e9 tan com\u00fan es la nieve en regiones des\u00e9rticas?<\/h2>\n\n\n\n<p>Las&nbsp;<strong>nevadas en zonas des\u00e9rticas son extremadamente raras<\/strong>, aunque no imposibles. ElDesierto del Sahara presenta grandes&nbsp;<strong>variaciones t\u00e9rmicas entre el d\u00eda y la noche<\/strong>, lo que genera condiciones clim\u00e1ticas complejas.<\/p>\n\n\n\n<p>En determinadas situaciones,<strong>&nbsp;masas de aire fr\u00edo provenientes del norte<\/strong>&nbsp;pueden avanzar sobre el desierto. Cuando estas&nbsp;<strong>corrientes fr\u00edas coinciden con humedad suficiente<\/strong>&nbsp;en la atm\u00f3sfera, pueden&nbsp;<strong>producir precipitaciones invernales<\/strong>.<\/p>\n\n\n\n<p>Sin embargo, la combinaci\u00f3n exacta de&nbsp;<strong>temperatura, humedad y circulaci\u00f3n atmosf\u00e9rica<\/strong>&nbsp;necesaria para que nieve es poco frecuente. Por ese motivo, los&nbsp;<strong>registros de nieve<\/strong>&nbsp;en&nbsp;<strong>\u00e1reas saharianas<\/strong>&nbsp;suelen ocurrir solo cada varias d\u00e9cadas.<\/p>\n\n\n\n<h2 class=\"wp-block-heading\">\u00bfPor qu\u00e9 cae nieve en el Sahara?<\/h2>\n\n\n\n<p>La&nbsp;<strong>ubicaci\u00f3n geogr\u00e1fica<\/strong>&nbsp;<strong>de Ain Sefra<\/strong>&nbsp;tambi\u00e9n influye en la&nbsp;<strong>aparici\u00f3n ocasional de nieve<\/strong>. La ciudad se encuentra a casi mil metros sobre el nivel del mar, una altitud elevada para un&nbsp;<strong>entorno des\u00e9rtico<\/strong>.<\/p>\n\n\n\n<p>Adem\u00e1s, est\u00e1 rodeada por las&nbsp;<strong>monta\u00f1as del Atlas<\/strong>, que pueden favorecer la<strong>&nbsp;llegada de aire fr\u00edo<\/strong>&nbsp;durante el invierno. En enero, las temperaturas suelen oscilar entre 6 y 12 grados Celsius, lo que indica un&nbsp;<strong>clima m\u00e1s fr\u00edo<\/strong>&nbsp;que en otras zonas del Sahara.<\/p>\n\n\n\n<p>Estas&nbsp;<strong>condiciones<\/strong>&nbsp;permiten que, bajo determinadas&nbsp;<strong>circunstancias atmosf\u00e9ricas<\/strong>, se produzcan&nbsp;<strong>nevadas breves<\/strong>. Aunque el fen\u00f3meno sigue siendo excepcional, cada episodio recuerda la&nbsp;<strong>complejidad clim\u00e1tica<\/strong>&nbsp;de los desiertos y c\u00f3mo incluso los&nbsp;<strong>ecosistemas m\u00e1s \u00e1ridos<\/strong>&nbsp;pueden experimentar cambios sorprendentes en su&nbsp;<strong>paisaje natural<\/strong>.<\/p>\n","protected":false},"excerpt":{"rendered":"<p>La aparici\u00f3n de nieve genera un contraste visual poco habitual en este ecosistema des\u00e9rtico. Durante el episodio, el manto blanco se acumul\u00f3 r\u00e1pidamente sobre la&hellip; <\/p>\n","protected":false},"author":2,"featured_media":38263,"comment_status":"open","ping_status":"open","sticky":false,"template":"","format":"standard","meta":{"footnotes":""},"categories":[13],"tags":[],"class_list":["post-38262","post","type-post","status-publish","format-standard","has-post-thumbnail","hentry","category-nacionales"],"_links":{"self":[{"href":"https:\/\/lametro989.com\/index.php?rest_route=\/wp\/v2\/posts\/38262","targetHints":{"allow":["GET"]}}],"collection":[{"href":"https:\/\/lametro989.com\/index.php?rest_route=\/wp\/v2\/posts"}],"about":[{"href":"https:\/\/lametro989.com\/index.php?rest_route=\/wp\/v2\/types\/post"}],"author":[{"embeddable":true,"href":"https:\/\/lametro989.com\/index.php?rest_route=\/wp\/v2\/users\/2"}],"replies":[{"embeddable":true,"href":"https:\/\/lametro989.com\/index.php?rest_route=%2Fwp%2Fv2%2Fcomments&post=38262"}],"version-history":[{"count":1,"href":"https:\/\/lametro989.com\/index.php?rest_route=\/wp\/v2\/posts\/38262\/revisions"}],"predecessor-version":[{"id":38264,"href":"https:\/\/lametro989.com\/index.php?rest_route=\/wp\/v2\/posts\/38262\/revisions\/38264"}],"wp:featuredmedia":[{"embeddable":true,"href":"https:\/\/lametro989.com\/index.php?rest_route=\/wp\/v2\/media\/38263"}],"wp:attachment":[{"href":"https:\/\/lametro989.com\/index.php?rest_route=%2Fwp%2Fv2%2Fmedia&parent=38262"}],"wp:term":[{"taxonomy":"category","embeddable":true,"href":"https:\/\/lametro989.com\/index.php?rest_route=%2Fwp%2Fv2%2Fcategories&post=38262"},{"taxonomy":"post_tag","embeddable":true,"href":"https:\/\/lametro989.com\/index.php?rest_route=%2Fwp%2Fv2%2Ftags&post=38262"}],"curies":[{"name":"wp","href":"https:\/\/api.w.org\/{rel}","templated":true}]}}