{"id":38268,"date":"2026-03-17T08:03:07","date_gmt":"2026-03-17T11:03:07","guid":{"rendered":"https:\/\/lametro989.com\/?p=38268"},"modified":"2026-03-17T08:03:07","modified_gmt":"2026-03-17T11:03:07","slug":"resistencia-alarma-en-el-transporte-urbano-cada-vez-hay-menos-pasajeros-y-mas-costos","status":"publish","type":"post","link":"https:\/\/lametro989.com\/?p=38268","title":{"rendered":"Resistencia : Alarma en el transporte urbano: &#8220;Cada vez hay menos pasajeros y m\u00e1s costos&#8221;"},"content":{"rendered":"\n<p>Desde la C\u00e1mara Empresaria advierten que el sector atraviesa &#8220;la situaci\u00f3n m\u00e1s dif\u00edcil de los \u00faltimos a\u00f1os&#8221;.<\/p>\n\n\n\n<figure class=\"wp-block-image size-full\"><img loading=\"lazy\" decoding=\"async\" width=\"790\" height=\"456\" src=\"https:\/\/lametro989.com\/wp-content\/uploads\/2026\/03\/image-154.png\" alt=\"\" class=\"wp-image-38269\" srcset=\"https:\/\/lametro989.com\/wp-content\/uploads\/2026\/03\/image-154.png 790w, https:\/\/lametro989.com\/wp-content\/uploads\/2026\/03\/image-154-300x173.png 300w, https:\/\/lametro989.com\/wp-content\/uploads\/2026\/03\/image-154-768x443.png 768w\" sizes=\"auto, (max-width: 790px) 100vw, 790px\" \/><\/figure>\n\n\n\n<p>Aunque el gobierno provincial asegur\u00f3 que mantiene abiertas las instancias de di\u00e1logo, el anuncio gener\u00f3 m\u00e1xima tensi\u00f3n entre las empresas, los trabajadores y los usuarios.<\/p>\n\n\n\n<p><strong>Incertidumbre en el sistema<\/strong><\/p>\n\n\n\n<p>Desde la C\u00e1mara Empresaria del Transporte Automotor del Chaco (Cetach), su referente Gustavo Larrea confirm\u00f3 en NORTE TV que hasta el momento no existe una comunicaci\u00f3n formal sobre la decisi\u00f3n de la compa\u00f1\u00eda. &#8220;Como c\u00e1mara nada concreto. La empresa integra la c\u00e1mara, pero no hizo una presentaci\u00f3n formal. Evidentemente lo est\u00e1 llevando en forma particular con el gobierno&#8221;, explic\u00f3.<\/p>\n\n\n\n<p>El dirigente se\u00f1al\u00f3 que la situaci\u00f3n tiene impacto en todo el sistema, especialmente en las empresas locales que podr\u00edan verse involucradas en una eventual reorganizaci\u00f3n del servicio. En ese sentido, indic\u00f3 que estaba prevista una reuni\u00f3n con el secretario de Transporte de la provincia para analizar alternativas, pero el encuentro finalmente no se concret\u00f3.<\/p>\n\n\n\n<figure class=\"wp-block-image\"><img decoding=\"async\" src=\"https:\/\/www.diarionorte.com\/content\/bucket\/2\/450192w380h504c.jpg.webp\" alt=\"\"\/><figcaption class=\"wp-element-caption\">El referente de la Cetach, Gustavo Larrea, analiz\u00f3 la crisis del transporte y la posible salida de ERSA del sistema.<\/figcaption><\/figure>\n\n\n\n<p>&#8220;Todav\u00eda no tenemos una comunicaci\u00f3n expresa de parte del Gobierno de ver qu\u00e9 alternativa va a tomar y si eventualmente hay intenciones de que las empresas locales puedan absorber parte o todo de los servicios que quedar\u00edan sin cumplirse&#8221;, sostuvo Larrea.<\/p>\n\n\n\n<p><strong>\u00bfPueden las empresas locales asumir los recorridos?<\/strong><\/p>\n\n\n\n<p>Uno de los principales interrogantes es si las empresas chaque\u00f1as est\u00e1n en condiciones de asumir los recorridos que hoy cubre ERSA. Sin embargo, el panorama aparece complejo. &#8220;Unidades no existen, financiamiento menos, viendo lo que ocurre a nivel nacional. La situaci\u00f3n de crisis que vive el sistema hoy es evidente&#8221;, advirti\u00f3.<\/p>\n\n\n\n<p>La eventual salida de la empresa tambi\u00e9n genera preocupaci\u00f3n por el futuro laboral de los trabajadores. Seg\u00fan estimaciones del sector, ERSA cuenta con alrededor de 240 empleados bajo convenio colectivo de la Uni\u00f3n Tranviarios Automotor (UTA) que quedar\u00edan en una situaci\u00f3n incierta hasta que se defina el futuro del servicio.<\/p>\n\n\n\n<p>Larrea record\u00f3 que no ser\u00eda la primera vez que empresas locales deben reorganizar el sistema frente a la ca\u00edda de un operador. &#8220;Como ocurri\u00f3 en otros momentos, las empresas terminaron absorbiendo la salida del sistema. El \u00faltimo caso fue el de la L\u00ednea 9, cuando se conform\u00f3 una UTE para hacerse cargo del servicio&#8221;, explic\u00f3.<\/p>\n\n\n\n<p><strong>Ca\u00edda de pasajeros y crisis del sector<\/strong><\/p>\n\n\n\n<p>No obstante, remarc\u00f3 que el contexto actual es mucho m\u00e1s complejo que en otras etapas. &#8220;La situaci\u00f3n de las empresas locales hoy es la m\u00e1s dif\u00edcil que hemos tenido&#8221;, afirm\u00f3.<\/p>\n\n\n\n<p>El dirigente tambi\u00e9n vincul\u00f3 la crisis del transporte urbano con cambios en el esquema de financiamiento del sistema a nivel nacional. Seg\u00fan explic\u00f3, desde 2024 los subsidios dejaron de calcularse en funci\u00f3n del costo del sistema y pasaron a distribuirse seg\u00fan la cantidad de pasajeros transportados.<\/p>\n\n\n\n<p><a href=\"https:\/\/www.diarionorte.com\/324985-alarma-en-el-transporte-cada-vez-hay-menos-pasajeros-y-mas-costos#\"><\/a><\/p>\n\n\n\n<figure class=\"wp-block-image\"><a class=\"spotlight\" href=\"https:\/\/www.diarionorte.com\/324985-alarma-en-el-transporte-cada-vez-hay-menos-pasajeros-y-mas-costos#\"><img decoding=\"async\" src=\"https:\/\/www.diarionorte.com\/content\/bucket\/3\/450193w790h507c.jpg.webp\" alt=\"\"\/><\/a><\/figure>\n\n\n\n<p>&#8220;Cada vez que hay menos pasajeros hay menos aportes estatales y m\u00e1s presi\u00f3n sobre la tarifa. Y cuando sube la tarifa, vuelve a caer la cantidad de pasajeros. Es un c\u00edrculo que termina profundizando la crisis&#8221;, se\u00f1al\u00f3.<\/p>\n\n\n\n<p>En ese sentido, indic\u00f3 que el sistema registra una fuerte ca\u00edda en la demanda. &#8220;Entre enero del a\u00f1o pasado y este a\u00f1o hubo cerca de un 20% de ca\u00edda interanual en pasajeros, y en febrero esa baja lleg\u00f3 a 22%&#8221;, precis\u00f3.<\/p>\n\n\n\n<p><strong>La postura del gobierno provincial<\/strong><\/p>\n\n\n\n<p>Seg\u00fan documentaci\u00f3n oficial del Ministerio de Infraestructura, la provincia instrument\u00f3 distintos mecanismos de asistencia financiera para sostener el sistema de transporte, entre ellos subsidios, adelantos y refinanciaciones de pr\u00e9stamos, con el objetivo de garantizar la continuidad del servicio y preservar las fuentes laborales. Solo en concepto de transferencias directas, entre julio de 2025 y marzo de 2026 el Estado provincial desembols\u00f3 m\u00e1s de $463 millones a este grupo empresarial para sostener la operaci\u00f3n.<\/p>\n\n\n\n<p>Adem\u00e1s, desde la administraci\u00f3n provincial remarcan que la tarifa vigente y el esquema de compensaciones fueron definidos sobre la base de estudios t\u00e9cnicos de costos que contemplan variables como salarios, combustible, mantenimiento y demanda del servicio.<\/p>\n\n\n\n<p><strong>Un problema que se repite en el interior<\/strong><\/p>\n\n\n\n<p>La problem\u00e1tica, asegur\u00f3, no es exclusiva del Chaco sino que se replica en distintas provincias del pa\u00eds. &#8220;Hoy hay muchas empresas del interior que est\u00e1n saliendo del sistema. La semana pasada, por ejemplo, una empresa emblem\u00e1tica de Salta dej\u00f3 de prestar servicio y dej\u00f3 a m\u00e1s de cien trabajadores en la calle&#8221;, mencion\u00f3.<\/p>\n\n\n\n<p>Mientras tanto, el futuro del transporte urbano en Resistencia permanece en an\u00e1lisis entre el gobierno provincial y la empresa. Desde el sector empresarial esperan que en los pr\u00f3ximos d\u00edas se convoque a una mesa de trabajo para definir c\u00f3mo continuar\u00e1 el sistema y evitar que los usuarios queden sin servicio.<\/p>\n","protected":false},"excerpt":{"rendered":"<p>Desde la C\u00e1mara Empresaria advierten que el sector atraviesa &#8220;la situaci\u00f3n m\u00e1s dif\u00edcil de los \u00faltimos a\u00f1os&#8221;. Aunque el gobierno provincial asegur\u00f3 que mantiene abiertas&hellip; <\/p>\n","protected":false},"author":2,"featured_media":38269,"comment_status":"open","ping_status":"open","sticky":false,"template":"","format":"standard","meta":{"footnotes":""},"categories":[9,2],"tags":[],"class_list":["post-38268","post","type-post","status-publish","format-standard","has-post-thumbnail","hentry","category-destacadas","category-provinciales"],"_links":{"self":[{"href":"https:\/\/lametro989.com\/index.php?rest_route=\/wp\/v2\/posts\/38268","targetHints":{"allow":["GET"]}}],"collection":[{"href":"https:\/\/lametro989.com\/index.php?rest_route=\/wp\/v2\/posts"}],"about":[{"href":"https:\/\/lametro989.com\/index.php?rest_route=\/wp\/v2\/types\/post"}],"author":[{"embeddable":true,"href":"https:\/\/lametro989.com\/index.php?rest_route=\/wp\/v2\/users\/2"}],"replies":[{"embeddable":true,"href":"https:\/\/lametro989.com\/index.php?rest_route=%2Fwp%2Fv2%2Fcomments&post=38268"}],"version-history":[{"count":1,"href":"https:\/\/lametro989.com\/index.php?rest_route=\/wp\/v2\/posts\/38268\/revisions"}],"predecessor-version":[{"id":38270,"href":"https:\/\/lametro989.com\/index.php?rest_route=\/wp\/v2\/posts\/38268\/revisions\/38270"}],"wp:featuredmedia":[{"embeddable":true,"href":"https:\/\/lametro989.com\/index.php?rest_route=\/wp\/v2\/media\/38269"}],"wp:attachment":[{"href":"https:\/\/lametro989.com\/index.php?rest_route=%2Fwp%2Fv2%2Fmedia&parent=38268"}],"wp:term":[{"taxonomy":"category","embeddable":true,"href":"https:\/\/lametro989.com\/index.php?rest_route=%2Fwp%2Fv2%2Fcategories&post=38268"},{"taxonomy":"post_tag","embeddable":true,"href":"https:\/\/lametro989.com\/index.php?rest_route=%2Fwp%2Fv2%2Ftags&post=38268"}],"curies":[{"name":"wp","href":"https:\/\/api.w.org\/{rel}","templated":true}]}}