{"id":38271,"date":"2026-03-17T08:05:31","date_gmt":"2026-03-17T11:05:31","guid":{"rendered":"https:\/\/lametro989.com\/?p=38271"},"modified":"2026-03-17T08:05:31","modified_gmt":"2026-03-17T11:05:31","slug":"salen-a-la-luz-mas-documentos-sobre-la-causa-libra-un-nuevo-acuerdo-revela-como-buscaban-sumar-emprendedores","status":"publish","type":"post","link":"https:\/\/lametro989.com\/?p=38271","title":{"rendered":"Salen a la luz m\u00e1s documentos sobre la Causa $LIBRA: un nuevo acuerdo revela c\u00f3mo buscaban sumar emprendedores"},"content":{"rendered":"\n<p>Una \u201coferta irrevocable\u201d expone otro acuerdo de noviembre de 2024 entre los impulsores del proyecto.<\/p>\n\n\n\n<figure class=\"wp-block-image size-full\"><img loading=\"lazy\" decoding=\"async\" width=\"610\" height=\"381\" src=\"https:\/\/lametro989.com\/wp-content\/uploads\/2026\/03\/image-155.png\" alt=\"\" class=\"wp-image-38272\" srcset=\"https:\/\/lametro989.com\/wp-content\/uploads\/2026\/03\/image-155.png 610w, https:\/\/lametro989.com\/wp-content\/uploads\/2026\/03\/image-155-300x187.png 300w\" sizes=\"auto, (max-width: 610px) 100vw, 610px\" \/><\/figure>\n\n\n\n<p>En las \u00faltimas horas se conoci\u00f3 del expediente un nuevo documento que vuelve a poner el foco en los v\u00ednculos comerciales entre los principales protagonistas del esc\u00e1ndalo.<\/p>\n\n\n\n<p>Se trata de una \u201coferta irrevocable\u201d que revela un acuerdo adicional entre los empresarios\u00a0<strong>Mauricio Novelli\u00a0<\/strong>y Hayden Davis con otros emprendedores interesados en aprovechar el proyecto. El acuerdo es de noviembre de 2024. Participaban adem\u00e1s Manuel Terrones Godoy y el exfuncionario Sergio Morales, este \u00faltimo como asesor principal. \u201cLograr acuerdos de 10 millones de d\u00f3lares a alcanzar antes de abril de 2025&#8243;&nbsp;era la meta con margen para su extensi\u00f3n.<\/p>\n\n\n\n<p>En una primera redacci\u00f3n, el \u201creferenciador\u201d se llevar\u00eda 1.550.000 d\u00f3lares m\u00e1s un 35 por ciento de lo facturado por&nbsp;<strong>Kelsier Group<\/strong>&nbsp;de los clientes que acercara. Luego, esa versi\u00f3n tuvo modificaciones, seg\u00fan confirmaron fuentes judiciales.<\/p>\n\n\n\n<p>El documento hab\u00eda sido revelado por una nota del diario<em>&nbsp;La Naci\u00f3n<\/em>&nbsp;en febrero pasado y ahora se confirma que forma parte de la prueba del expediente recuperada por la DATIP.<\/p>\n\n\n\n<p>El escrito, incorporado al expediente, muestra c\u00f3mo el esquema alrededor de $LIBRA no se limitaba a un \u00fanico entendimiento,&nbsp;sino que inclu\u00eda m\u00faltiples negociaciones paralelas.<\/p>\n\n\n\n<p>Seg\u00fan surge de la documentaci\u00f3n,<strong>&nbsp;Davis,<\/strong>&nbsp;en su rol dentro de Kelsier Group, present\u00f3 una propuesta formal a Novelli y su entorno para estructurar negocios vinculados al ecosistema cripto y a potenciales desarrollos asociados.<\/p>\n\n\n\n<h2 class=\"wp-block-heading\">Un nuevo acuerdo: oferta irrevocable<\/h2>\n\n\n\n<p>A diferencia de los documentos ya conocidos, este nuevo texto aparece como una propuesta concreta dirigida a ampliar el alcance del proyecto. La figura de la \u201coferta irrevocable\u201d como un compromiso firme, refuerza la hip\u00f3tesis de que exist\u00eda una estrategia organizada para captar emprendedores&nbsp;y canalizar inversiones bajo el paraguas de $LIBRA.<\/p>\n\n\n\n<p>El documento detalla las condiciones comerciales y deja entrever que el atractivo principal era el v\u00ednculo con figuras de alto nivel pol\u00edtico y la posibilidad de capitalizar ese acceso para impulsar iniciativas privadas.<\/p>\n\n\n\n<p>La aparici\u00f3n de este acuerdo se suma a otros elementos ya detectados en el celular de&nbsp;<strong>Novelli<\/strong>, donde se hab\u00edan encontrado borradores de pactos econ\u00f3micos millonarios vinculados al lanzamiento del token. Entre ellos, un memo o nota que describ\u00eda un esquema de pagos por US$5 millones atado a distintas instancias de apoyo p\u00fablico y contractual.<\/p>\n\n\n\n<p>Los documentos refuerzan la idea de que el proyecto no fue un emprendimiento aislado, sino parte de una red de negociaciones que involucraba a distintos actores y buscaba&nbsp;generar negocios a partir del impulso inicial de la criptomoneda.<\/p>\n\n\n\n<h2 class=\"wp-block-heading\">La clave: captar emprendedores<\/h2>\n\n\n\n<p>Uno de los puntos centrales que surge de este nuevo acuerdo es el intento de atraer emprendedores que quisieran \u201csubirse\u201d al proyecto. La propuesta apuntaba a ofrecerles una plataforma de financiamiento y visibilidad, aprovechando el impacto inicial que tuvo<strong>&nbsp;$LIBRA<\/strong>&nbsp;en el mercado.<\/p>\n\n\n\n<p>Ese esquema coincide con el planteo original con el que el presidente Javier Milei difundi\u00f3 el token:&nbsp;dijo que era para financiar iniciativas productivas en la Argentina.<\/p>\n\n\n\n<p>No hay confirmaci\u00f3n sobre si este nuevo acuerdo lleg\u00f3 a ejecutarse. Pero su aparici\u00f3n complica a\u00fan m\u00e1s el escenario, ya que evidencia que exist\u00edan m\u00faltiples negociaciones simult\u00e1neas alrededor del proyecto.<\/p>\n\n\n\n<p>Con cada documento que surge del peritaje de la&nbsp;<strong>DATIP&nbsp;<\/strong>del tel\u00e9fono de Novelli, la causa suma nuevas piezas que apuntan a reconstruir c\u00f3mo se gest\u00f3 y oper\u00f3 el entramado detr\u00e1s de $LIBRA.<\/p>\n","protected":false},"excerpt":{"rendered":"<p>Una \u201coferta irrevocable\u201d expone otro acuerdo de noviembre de 2024 entre los impulsores del proyecto. En las \u00faltimas horas se conoci\u00f3 del expediente un nuevo&hellip; <\/p>\n","protected":false},"author":2,"featured_media":38272,"comment_status":"open","ping_status":"open","sticky":false,"template":"","format":"standard","meta":{"footnotes":""},"categories":[9,5],"tags":[],"class_list":["post-38271","post","type-post","status-publish","format-standard","has-post-thumbnail","hentry","category-destacadas","category-politica"],"_links":{"self":[{"href":"https:\/\/lametro989.com\/index.php?rest_route=\/wp\/v2\/posts\/38271","targetHints":{"allow":["GET"]}}],"collection":[{"href":"https:\/\/lametro989.com\/index.php?rest_route=\/wp\/v2\/posts"}],"about":[{"href":"https:\/\/lametro989.com\/index.php?rest_route=\/wp\/v2\/types\/post"}],"author":[{"embeddable":true,"href":"https:\/\/lametro989.com\/index.php?rest_route=\/wp\/v2\/users\/2"}],"replies":[{"embeddable":true,"href":"https:\/\/lametro989.com\/index.php?rest_route=%2Fwp%2Fv2%2Fcomments&post=38271"}],"version-history":[{"count":1,"href":"https:\/\/lametro989.com\/index.php?rest_route=\/wp\/v2\/posts\/38271\/revisions"}],"predecessor-version":[{"id":38273,"href":"https:\/\/lametro989.com\/index.php?rest_route=\/wp\/v2\/posts\/38271\/revisions\/38273"}],"wp:featuredmedia":[{"embeddable":true,"href":"https:\/\/lametro989.com\/index.php?rest_route=\/wp\/v2\/media\/38272"}],"wp:attachment":[{"href":"https:\/\/lametro989.com\/index.php?rest_route=%2Fwp%2Fv2%2Fmedia&parent=38271"}],"wp:term":[{"taxonomy":"category","embeddable":true,"href":"https:\/\/lametro989.com\/index.php?rest_route=%2Fwp%2Fv2%2Fcategories&post=38271"},{"taxonomy":"post_tag","embeddable":true,"href":"https:\/\/lametro989.com\/index.php?rest_route=%2Fwp%2Fv2%2Ftags&post=38271"}],"curies":[{"name":"wp","href":"https:\/\/api.w.org\/{rel}","templated":true}]}}