{"id":389,"date":"2023-06-22T21:57:09","date_gmt":"2023-06-23T00:57:09","guid":{"rendered":"https:\/\/lametro989.com\/?p=389"},"modified":"2023-06-22T21:57:09","modified_gmt":"2023-06-23T00:57:09","slug":"magda-ayala-las-intervenciones-que-hacemos-tienen-que-ver-con-un-equipo-y-con-un-gobernador-que-tiene-una-mirada-especial-con-barranqueras","status":"publish","type":"post","link":"https:\/\/lametro989.com\/?p=389","title":{"rendered":"Magda Ayala: &#8220;Las intervenciones que hacemos tienen que ver con un equipo y con un gobernador que tiene una mirada especial con Barranqueras&#8221;"},"content":{"rendered":"\n<p>La intendenta de la ciudad portuaria, se refiri\u00f3 al acompa\u00f1amiento de la comunidad en las \u00faltimas elecciones y recalc\u00f3 el acompa\u00f1amiento del gobierno provincial.<\/p>\n\n\n\n<figure class=\"wp-block-image size-full\"><img loading=\"lazy\" decoding=\"async\" width=\"854\" height=\"480\" src=\"https:\/\/lametro989.com\/wp-content\/uploads\/2023\/06\/imagen.png\" alt=\"\" class=\"wp-image-390\" srcset=\"https:\/\/lametro989.com\/wp-content\/uploads\/2023\/06\/imagen.png 854w, https:\/\/lametro989.com\/wp-content\/uploads\/2023\/06\/imagen-300x169.png 300w, https:\/\/lametro989.com\/wp-content\/uploads\/2023\/06\/imagen-768x432.png 768w\" sizes=\"auto, (max-width: 854px) 100vw, 854px\" \/><\/figure>\n\n\n\n<p>La intendenta de Barranqueras, Magda Ayala, habl\u00f3 con Radio Provincia del Chaco sobre los resultados de las Primarias, Abiertas, Simult\u00e1neas y Obligatorias en la que obtuvo el 46% de los votos para su reelecci\u00f3n.<br>Dijo que la jornada se desarroll\u00f3 en un &#8220;marco de respeto&#8221; y que est\u00e1n &#8220;muy entusiasmados para salir a trabajar por lo que se viene&#8221;.<br>Ayala agradeci\u00f3 el acompa\u00f1amiento de la comunidad y destac\u00f3 que &#8220;cada una de las intervenciones que hacemos en la localidad tiene que ver con un equipo, con un Gobierno provincial y con un gobernador que tiene una mirada especial con Barranqueras&#8221;.<br>En este sentido, la intendenta dijo que no ser\u00eda posible &#8220;transformar la ciudad sin el acompa\u00f1amiento del gobernador que es quien busca los financiamientos para desarrollar las obras en la ciudad&#8221;.<br>Ayala sostuvo que la transformaci\u00f3n y la inversi\u00f3n en obras de infraestructura en Barranqueras &#8220;es exponencial<br>Reiter\u00f3 su agradecimiento a los vecinos y vecinas y sostuvo que &#8220;nada es producto de la magia, todo es producto de la responsabilidad y compromiso del gobernador y de la intendenta que ellos han elegido&#8221;.<\/p>\n","protected":false},"excerpt":{"rendered":"<p>La intendenta de la ciudad portuaria, se refiri\u00f3 al acompa\u00f1amiento de la comunidad en las \u00faltimas elecciones y recalc\u00f3 el acompa\u00f1amiento del gobierno provincial. La&hellip; <\/p>\n","protected":false},"author":2,"featured_media":390,"comment_status":"open","ping_status":"open","sticky":false,"template":"","format":"standard","meta":{"footnotes":""},"categories":[2],"tags":[],"class_list":["post-389","post","type-post","status-publish","format-standard","has-post-thumbnail","hentry","category-provinciales"],"_links":{"self":[{"href":"https:\/\/lametro989.com\/index.php?rest_route=\/wp\/v2\/posts\/389","targetHints":{"allow":["GET"]}}],"collection":[{"href":"https:\/\/lametro989.com\/index.php?rest_route=\/wp\/v2\/posts"}],"about":[{"href":"https:\/\/lametro989.com\/index.php?rest_route=\/wp\/v2\/types\/post"}],"author":[{"embeddable":true,"href":"https:\/\/lametro989.com\/index.php?rest_route=\/wp\/v2\/users\/2"}],"replies":[{"embeddable":true,"href":"https:\/\/lametro989.com\/index.php?rest_route=%2Fwp%2Fv2%2Fcomments&post=389"}],"version-history":[{"count":1,"href":"https:\/\/lametro989.com\/index.php?rest_route=\/wp\/v2\/posts\/389\/revisions"}],"predecessor-version":[{"id":391,"href":"https:\/\/lametro989.com\/index.php?rest_route=\/wp\/v2\/posts\/389\/revisions\/391"}],"wp:featuredmedia":[{"embeddable":true,"href":"https:\/\/lametro989.com\/index.php?rest_route=\/wp\/v2\/media\/390"}],"wp:attachment":[{"href":"https:\/\/lametro989.com\/index.php?rest_route=%2Fwp%2Fv2%2Fmedia&parent=389"}],"wp:term":[{"taxonomy":"category","embeddable":true,"href":"https:\/\/lametro989.com\/index.php?rest_route=%2Fwp%2Fv2%2Fcategories&post=389"},{"taxonomy":"post_tag","embeddable":true,"href":"https:\/\/lametro989.com\/index.php?rest_route=%2Fwp%2Fv2%2Ftags&post=389"}],"curies":[{"name":"wp","href":"https:\/\/api.w.org\/{rel}","templated":true}]}}