{"id":392,"date":"2023-06-22T21:59:28","date_gmt":"2023-06-23T00:59:28","guid":{"rendered":"https:\/\/lametro989.com\/?p=392"},"modified":"2023-06-22T21:59:28","modified_gmt":"2023-06-23T00:59:28","slug":"indec-el-desempleo-bajo-al-69-en-el-primer-trimestre-del-ano","status":"publish","type":"post","link":"https:\/\/lametro989.com\/?p=392","title":{"rendered":"Indec: el desempleo baj\u00f3 al 6,9% en el primer trimestre del a\u00f1o"},"content":{"rendered":"\n<p>De acuerdo con el Indec el desempleo tuvo una muy leve baja, de apenas un 0,1 punto porcentual en comparaci\u00f3n con el primer trimestre de 2022.<\/p>\n\n\n\n<figure class=\"wp-block-image size-full\"><img loading=\"lazy\" decoding=\"async\" width=\"730\" height=\"425\" src=\"https:\/\/lametro989.com\/wp-content\/uploads\/2023\/06\/imagen-1.png\" alt=\"\" class=\"wp-image-393\" srcset=\"https:\/\/lametro989.com\/wp-content\/uploads\/2023\/06\/imagen-1.png 730w, https:\/\/lametro989.com\/wp-content\/uploads\/2023\/06\/imagen-1-300x175.png 300w\" sizes=\"auto, (max-width: 730px) 100vw, 730px\" \/><\/figure>\n\n\n\n<p>El Instituto Nacional de Estad\u00edstica y Censos (Indec) inform\u00f3 este jueves que la tasa de desempleo al t\u00e9rmino del primer trimestre se ubic\u00f3 en el 6,9%, lo que represent\u00f3 una baja de una d\u00e9cima respecto al 7% registrado en igual per\u00edodo del a\u00f1o pasado.<br>Respecto al \u00faltimo trimestre del a\u00f1o pasado, cuando el \u00edndice fue de 6,3%, la tasa reflej\u00f3 un incremento de seis d\u00e9cimas de punto, ampli\u00f3 el organismo.<\/p>\n\n\n\n<p>En cuanto a la subocupaci\u00f3n demandante, la gente que trabaja hasta 35 horas semanales y quisiera tener m\u00e1s empleo, la tasa alcanz\u00f3 el 6,3%, por debajo del 6,9% del primer trimestre del 2022 y del 7,1% del \u00faltimo trimestre del a\u00f1o pasado.<\/p>\n\n\n\n<p>En tanto los subocupados \u201cno demandantes\u201d se ubicaron en 3,1%, un nivel similar al primer trimestre del a\u00f1o pasado, y por debajo del 3,8% con el que cerr\u00f3 2022.<\/p>\n\n\n\n<p>En cuanto a la composici\u00f3n de la poblaci\u00f3n desocupada, durante el primer trimestre del a\u00f1o -con una econom\u00eda que creci\u00f3 1,3% interanual seg\u00fan el propio Indec- se observ\u00f3 un descenso en la tasa de las mujeres de entre 30 a 64 a\u00f1os de 3,7 puntos porcentuales (p.p.) que pasaron de 26,6% a 22,9%.<\/p>\n\n\n\n<p>En tanto, los varones de 14 a 29 a\u00f1os incrementaron su participaci\u00f3n entre los desocupados en 3,2 p.p. para pasar de 22,5% a 25,7%.<\/p>\n\n\n\n<p>Con referencia a la \u00faltima ocupaci\u00f3n de las personas desempleadas, se destac\u00f3 el aumento de la participaci\u00f3n de aquellas correspondientes a la rama de comercio, que pas\u00f3 de 16,5% a 21,2%, con un incremento de 4,7 p.p.<\/p>\n\n\n\n<p>Por otro lado, la participaci\u00f3n de personas provenientes de la rama de servicio dom\u00e9stico present\u00f3 una disminuci\u00f3n de 2,2 p.p. de 15,8% a 13,6%.<\/p>\n","protected":false},"excerpt":{"rendered":"<p>De acuerdo con el Indec el desempleo tuvo una muy leve baja, de apenas un 0,1 punto porcentual en comparaci\u00f3n con el primer trimestre de&hellip; <\/p>\n","protected":false},"author":2,"featured_media":393,"comment_status":"open","ping_status":"open","sticky":false,"template":"","format":"standard","meta":{"footnotes":""},"categories":[13],"tags":[],"class_list":["post-392","post","type-post","status-publish","format-standard","has-post-thumbnail","hentry","category-nacionales"],"_links":{"self":[{"href":"https:\/\/lametro989.com\/index.php?rest_route=\/wp\/v2\/posts\/392","targetHints":{"allow":["GET"]}}],"collection":[{"href":"https:\/\/lametro989.com\/index.php?rest_route=\/wp\/v2\/posts"}],"about":[{"href":"https:\/\/lametro989.com\/index.php?rest_route=\/wp\/v2\/types\/post"}],"author":[{"embeddable":true,"href":"https:\/\/lametro989.com\/index.php?rest_route=\/wp\/v2\/users\/2"}],"replies":[{"embeddable":true,"href":"https:\/\/lametro989.com\/index.php?rest_route=%2Fwp%2Fv2%2Fcomments&post=392"}],"version-history":[{"count":1,"href":"https:\/\/lametro989.com\/index.php?rest_route=\/wp\/v2\/posts\/392\/revisions"}],"predecessor-version":[{"id":394,"href":"https:\/\/lametro989.com\/index.php?rest_route=\/wp\/v2\/posts\/392\/revisions\/394"}],"wp:featuredmedia":[{"embeddable":true,"href":"https:\/\/lametro989.com\/index.php?rest_route=\/wp\/v2\/media\/393"}],"wp:attachment":[{"href":"https:\/\/lametro989.com\/index.php?rest_route=%2Fwp%2Fv2%2Fmedia&parent=392"}],"wp:term":[{"taxonomy":"category","embeddable":true,"href":"https:\/\/lametro989.com\/index.php?rest_route=%2Fwp%2Fv2%2Fcategories&post=392"},{"taxonomy":"post_tag","embeddable":true,"href":"https:\/\/lametro989.com\/index.php?rest_route=%2Fwp%2Fv2%2Ftags&post=392"}],"curies":[{"name":"wp","href":"https:\/\/api.w.org\/{rel}","templated":true}]}}