{"id":39540,"date":"2026-04-27T07:24:46","date_gmt":"2026-04-27T10:24:46","guid":{"rendered":"https:\/\/lametro989.com\/?p=39540"},"modified":"2026-04-27T07:24:46","modified_gmt":"2026-04-27T10:24:46","slug":"cuenta-regresiva-al-mundial-2026-con-preocupacion-lesionados-bajas-confirmadas-y-figuras-en-duda","status":"publish","type":"post","link":"https:\/\/lametro989.com\/?p=39540","title":{"rendered":"Cuenta regresiva al Mundial 2026 con preocupaci\u00f3n: lesionados, bajas confirmadas y figuras en duda"},"content":{"rendered":"\n<p>Las principales selecciones ajustan sus planteles entre ausencias confirmadas y figuras que llegan con lo justo.<\/p>\n\n\n\n<figure class=\"wp-block-image size-full\"><img loading=\"lazy\" decoding=\"async\" width=\"850\" height=\"478\" src=\"https:\/\/lametro989.com\/wp-content\/uploads\/2026\/04\/image-272.png\" alt=\"\" class=\"wp-image-39541\" srcset=\"https:\/\/lametro989.com\/wp-content\/uploads\/2026\/04\/image-272.png 850w, https:\/\/lametro989.com\/wp-content\/uploads\/2026\/04\/image-272-300x169.png 300w, https:\/\/lametro989.com\/wp-content\/uploads\/2026\/04\/image-272-768x432.png 768w\" sizes=\"auto, (max-width: 850px) 100vw, 850px\" \/><\/figure>\n\n\n\n<p>A menos de dos meses del inicio del Mundial 2026, las selecciones atraviesan un escenario marcado por lesiones, bajas confirmadas y jugadores que luchan contra el tiempo para llegar en condiciones. El panorama genera preocupaci\u00f3n en los cuerpos t\u00e9cnicos, que ven c\u00f3mo piezas clave quedan afuera o en duda en la recta final hacia la m\u00e1xima cita del f\u00fatbol.<\/p>\n\n\n\n<p>En total,&nbsp;<strong>ya son diez las ausencias confirmadas, mientras que al menos doce futbolistas permanecen entre algodones.<\/strong>&nbsp;Las lesiones afectan a equipos de todos los continentes y modifican la planificaci\u00f3n de los entrenadores, obligados a pensar alternativas en puestos sensibles.<\/p>\n\n\n\n<p><strong>Argentina<\/strong>&nbsp;no escapa a esta realidad. La atenci\u00f3n est\u00e1 puesta en&nbsp;<strong>Cristian Romero<\/strong>, que sufri\u00f3 una lesi\u00f3n ligamentaria y podr\u00eda llegar con lo justo, y en<strong>&nbsp;Lautaro Mart\u00ednez<\/strong>, que arrastra molestias f\u00edsicas y reci\u00e9n retomar\u00eda la competencia en las pr\u00f3ximas semanas. Adem\u00e1s, el equipo ya perdi\u00f3 variantes importantes por lesiones de larga duraci\u00f3n.<\/p>\n\n\n\n<p><strong>Brasil<\/strong>&nbsp;tambi\u00e9n suma complicaciones, con la baja confirmada de&nbsp;<strong>Rodrygo<\/strong>&nbsp;por una grave lesi\u00f3n de rodilla y otras situaciones que generan incertidumbre en el plantel. En Europa, Espa\u00f1a sigue de cerca la evoluci\u00f3n de&nbsp;<strong>Lamine Yamal<\/strong>, mientras que otras selecciones como Francia, Alemania e Inglaterra ya tienen ausencias sensibles confirmadas.<\/p>\n\n\n\n<p>El problema no se limita a los nombres propios, sino que refleja una tendencia creciente en el f\u00fatbol moderno.&nbsp;<strong>La acumulaci\u00f3n de partidos, la exigencia f\u00edsica y los calendarios ajustados aumentan el riesgo de lesiones en un momento clave de la temporada.<\/strong><\/p>\n\n\n\n<p>En este contexto, los cuerpos t\u00e9cnicos trabajan contra reloj para recuperar jugadores y ajustar estrategias. La proximidad del Mundial obliga a tomar decisiones r\u00e1pidas, muchas veces sin certezas sobre el estado f\u00edsico real de las figuras.<\/p>\n\n\n\n<p>As\u00ed, el camino hacia la Copa del Mundo se presenta m\u00e1s incierto de lo esperado. Entre recuperaciones apuradas, bajas confirmadas y dudas que persisten, las selecciones llegan a la cita con un desaf\u00edo extra: sostener su competitividad en medio de una ola de lesiones que no da tregua.<\/p>\n\n\n\n<h3 class=\"wp-block-heading\"><strong>LOS GRUPOS DEL MUNDIAL<\/strong><\/h3>\n\n\n\n<figure class=\"wp-block-image\"><a href=\"https:\/\/i0.wp.com\/facundoquiroga.com\/wp-content\/uploads\/2026\/04\/5BWB4PS6LFC2BCXRNTYVAXHBHU.jpg?quality=95&amp;ssl=1\"><img decoding=\"async\" src=\"https:\/\/i0.wp.com\/facundoquiroga.com\/wp-content\/uploads\/2026\/04\/5BWB4PS6LFC2BCXRNTYVAXHBHU.jpg?resize=696%2C870&amp;quality=95&amp;ssl=1\" alt=\"\" class=\"wp-image-248935\"\/><\/a><\/figure>\n","protected":false},"excerpt":{"rendered":"<p>Las principales selecciones ajustan sus planteles entre ausencias confirmadas y figuras que llegan con lo justo. A menos de dos meses del inicio del Mundial&hellip; <\/p>\n","protected":false},"author":2,"featured_media":39541,"comment_status":"open","ping_status":"open","sticky":false,"template":"","format":"standard","meta":{"footnotes":""},"categories":[10],"tags":[],"class_list":["post-39540","post","type-post","status-publish","format-standard","has-post-thumbnail","hentry","category-deportes"],"_links":{"self":[{"href":"https:\/\/lametro989.com\/index.php?rest_route=\/wp\/v2\/posts\/39540","targetHints":{"allow":["GET"]}}],"collection":[{"href":"https:\/\/lametro989.com\/index.php?rest_route=\/wp\/v2\/posts"}],"about":[{"href":"https:\/\/lametro989.com\/index.php?rest_route=\/wp\/v2\/types\/post"}],"author":[{"embeddable":true,"href":"https:\/\/lametro989.com\/index.php?rest_route=\/wp\/v2\/users\/2"}],"replies":[{"embeddable":true,"href":"https:\/\/lametro989.com\/index.php?rest_route=%2Fwp%2Fv2%2Fcomments&post=39540"}],"version-history":[{"count":1,"href":"https:\/\/lametro989.com\/index.php?rest_route=\/wp\/v2\/posts\/39540\/revisions"}],"predecessor-version":[{"id":39542,"href":"https:\/\/lametro989.com\/index.php?rest_route=\/wp\/v2\/posts\/39540\/revisions\/39542"}],"wp:featuredmedia":[{"embeddable":true,"href":"https:\/\/lametro989.com\/index.php?rest_route=\/wp\/v2\/media\/39541"}],"wp:attachment":[{"href":"https:\/\/lametro989.com\/index.php?rest_route=%2Fwp%2Fv2%2Fmedia&parent=39540"}],"wp:term":[{"taxonomy":"category","embeddable":true,"href":"https:\/\/lametro989.com\/index.php?rest_route=%2Fwp%2Fv2%2Fcategories&post=39540"},{"taxonomy":"post_tag","embeddable":true,"href":"https:\/\/lametro989.com\/index.php?rest_route=%2Fwp%2Fv2%2Ftags&post=39540"}],"curies":[{"name":"wp","href":"https:\/\/api.w.org\/{rel}","templated":true}]}}