{"id":39543,"date":"2026-04-27T07:32:04","date_gmt":"2026-04-27T10:32:04","guid":{"rendered":"https:\/\/lametro989.com\/?p=39543"},"modified":"2026-04-27T07:32:04","modified_gmt":"2026-04-27T10:32:04","slug":"peligra-el-cuidado-de-caballos-rescatados-en-un-refugio-sin-recursos-para-alimentarlos","status":"publish","type":"post","link":"https:\/\/lametro989.com\/?p=39543","title":{"rendered":"Peligra el cuidado de caballos rescatados en un refugio sin recursos para alimentarlos"},"content":{"rendered":"\n<p>Desde la organizaci\u00f3n advierten que la falta de recursos pone en riesgo el cuidado de animales rescatados.<\/p>\n\n\n\n<figure class=\"wp-block-image size-full\"><img loading=\"lazy\" decoding=\"async\" width=\"790\" height=\"444\" src=\"https:\/\/lametro989.com\/wp-content\/uploads\/2026\/04\/image-273.png\" alt=\"\" class=\"wp-image-39544\" srcset=\"https:\/\/lametro989.com\/wp-content\/uploads\/2026\/04\/image-273.png 790w, https:\/\/lametro989.com\/wp-content\/uploads\/2026\/04\/image-273-300x169.png 300w, https:\/\/lametro989.com\/wp-content\/uploads\/2026\/04\/image-273-768x432.png 768w\" sizes=\"auto, (max-width: 790px) 100vw, 790px\" \/><\/figure>\n\n\n\n<p>Un refugio dedicado a la recuperaci\u00f3n de caballos rescatados atraviesa una situaci\u00f3n l\u00edmite y lanz\u00f3 un pedido urgente de ayuda para sostener la alimentaci\u00f3n diaria de los animales. La falta de insumos b\u00e1sicos encendi\u00f3 la alarma en la organizaci\u00f3n, que advierte por la continuidad de su tarea.<\/p>\n\n\n\n<p>Desde la Fundaci\u00f3n de Rescate y Rehabilitaci\u00f3n Equina informaron que actualmente no cuentan con stock de alfalfa, un recurso esencial para la dieta de los equinos. El consumo diario ronda los cinco fardos, cada uno con un costo cercano a los 7.000 pesos, lo que representa un gasto dif\u00edcil de afrontar en el contexto econ\u00f3mico actual.<\/p>\n\n\n\n<p>La situaci\u00f3n se vuelve a\u00fan m\u00e1s compleja por la necesidad de incorporar alimento balanceado para los caballos que se encuentran en proceso de recuperaci\u00f3n. Estos animales requieren una nutrici\u00f3n espec\u00edfica para mejorar su estado de salud, tras haber sido v\u00edctimas de abandono, explotaci\u00f3n o maltrato.<\/p>\n\n\n\n<p>Desde el refugio remarcaron que su trabajo apunta a brindar una segunda oportunidad a los equinos rescatados, garantizando condiciones dignas de vida. Sin embargo, se\u00f1alaron que la falta de recursos econ\u00f3micos compromete seriamente la posibilidad de sostener esa asistencia en el corto plazo.<\/p>\n\n\n\n<p>Ante este escenario, la organizaci\u00f3n apel\u00f3 a la solidaridad de la comunidad, tanto a trav\u00e9s de aportes econ\u00f3micos como mediante la difusi\u00f3n del pedido. Las donaciones pueden realizarse al alias relinchando.libertad, a nombre de Evelyn Brollo.<\/p>\n\n\n\n<p>Finalmente, desde la fundaci\u00f3n insistieron en la urgencia de la situaci\u00f3n y destacaron que cada colaboraci\u00f3n resulta clave para garantizar la alimentaci\u00f3n y el cuidado de los animales, en un contexto donde la demanda crece y los recursos escasean.<\/p>\n","protected":false},"excerpt":{"rendered":"<p>Desde la organizaci\u00f3n advierten que la falta de recursos pone en riesgo el cuidado de animales rescatados. Un refugio dedicado a la recuperaci\u00f3n de caballos&hellip; <\/p>\n","protected":false},"author":2,"featured_media":39544,"comment_status":"open","ping_status":"open","sticky":false,"template":"","format":"standard","meta":{"footnotes":""},"categories":[9,2],"tags":[],"class_list":["post-39543","post","type-post","status-publish","format-standard","has-post-thumbnail","hentry","category-destacadas","category-provinciales"],"_links":{"self":[{"href":"https:\/\/lametro989.com\/index.php?rest_route=\/wp\/v2\/posts\/39543","targetHints":{"allow":["GET"]}}],"collection":[{"href":"https:\/\/lametro989.com\/index.php?rest_route=\/wp\/v2\/posts"}],"about":[{"href":"https:\/\/lametro989.com\/index.php?rest_route=\/wp\/v2\/types\/post"}],"author":[{"embeddable":true,"href":"https:\/\/lametro989.com\/index.php?rest_route=\/wp\/v2\/users\/2"}],"replies":[{"embeddable":true,"href":"https:\/\/lametro989.com\/index.php?rest_route=%2Fwp%2Fv2%2Fcomments&post=39543"}],"version-history":[{"count":1,"href":"https:\/\/lametro989.com\/index.php?rest_route=\/wp\/v2\/posts\/39543\/revisions"}],"predecessor-version":[{"id":39545,"href":"https:\/\/lametro989.com\/index.php?rest_route=\/wp\/v2\/posts\/39543\/revisions\/39545"}],"wp:featuredmedia":[{"embeddable":true,"href":"https:\/\/lametro989.com\/index.php?rest_route=\/wp\/v2\/media\/39544"}],"wp:attachment":[{"href":"https:\/\/lametro989.com\/index.php?rest_route=%2Fwp%2Fv2%2Fmedia&parent=39543"}],"wp:term":[{"taxonomy":"category","embeddable":true,"href":"https:\/\/lametro989.com\/index.php?rest_route=%2Fwp%2Fv2%2Fcategories&post=39543"},{"taxonomy":"post_tag","embeddable":true,"href":"https:\/\/lametro989.com\/index.php?rest_route=%2Fwp%2Fv2%2Ftags&post=39543"}],"curies":[{"name":"wp","href":"https:\/\/api.w.org\/{rel}","templated":true}]}}