{"id":39549,"date":"2026-04-27T07:48:04","date_gmt":"2026-04-27T10:48:04","guid":{"rendered":"https:\/\/lametro989.com\/?p=39549"},"modified":"2026-04-27T07:48:04","modified_gmt":"2026-04-27T10:48:04","slug":"el-arquero-argentino-esteban-andrada-pidio-disculpas-tras-su-trompada-en-zaragoza","status":"publish","type":"post","link":"https:\/\/lametro989.com\/?p=39549","title":{"rendered":"El arquero argentino Esteban Andrada pidi\u00f3 disculpas tras su trompada en Zaragoza"},"content":{"rendered":"\n<p>El arquero argentino asumi\u00f3 su violenta agresi\u00f3n ante Huesca, pidi\u00f3 perd\u00f3n a Jorge Pulido y qued\u00f3 a disposici\u00f3n de La Liga y Zaragoza.<\/p>\n\n\n\n<figure class=\"wp-block-image size-full\"><img loading=\"lazy\" decoding=\"async\" width=\"610\" height=\"343\" src=\"https:\/\/lametro989.com\/wp-content\/uploads\/2026\/04\/image-275.png\" alt=\"\" class=\"wp-image-39550\" srcset=\"https:\/\/lametro989.com\/wp-content\/uploads\/2026\/04\/image-275.png 610w, https:\/\/lametro989.com\/wp-content\/uploads\/2026\/04\/image-275-300x169.png 300w\" sizes=\"auto, (max-width: 610px) 100vw, 610px\" \/><\/figure>\n\n\n\n<p id=\"p-1777246040329-33809\">Tras la&nbsp;<a href=\"https:\/\/www.minutouno.com\/deportes\/escandalo-espana-esteban-andrada-la-historica-sancion-la-que-se-enfrenta-n6271043\" target=\"_blank\" rel=\"noreferrer noopener\">escandalosa trompada que le propin\u00f3 a Jorge Pulido<\/a>&nbsp;en pleno partido,<strong>&nbsp;Esteban Andrada<\/strong>, el exarquero de Boca y Lan\u00fas sali\u00f3 p\u00fablicamente a hacer su descargo luego de las duras repercusiones que gener\u00f3 su conducta en Espa\u00f1a.<\/p>\n\n\n\n<p id=\"p-1777246040329-86410\"><strong>\u201cEstoy muy arrepentido de lo sucedido. No es una buena imagen para el club, para la gente y menos para un profesional como lo soy\u201d<\/strong>, expres\u00f3 Sabandija, visiblemente golpeado por las cr\u00edticas recibidas despu\u00e9s de una acci\u00f3n que recorri\u00f3 el mundo. El arquero argentino intent\u00f3 explicar que su reacci\u00f3n no representa su comportamiento habitual dentro de una carrera marcada por escasos antecedentes disciplinarios.\u00a0<strong>\u201cEstoy muy arrepentido. A lo largo de mi carrera he tenido una sola expulsi\u00f3n, la he tocado afuera del \u00e1rea con la mano. Se puede ver en mi trayectoria que fue una situaci\u00f3n l\u00edmite, me sal\u00ed de contexto y reaccion\u00e9 de esa forma\u201d<\/strong>, sostuvo. Adem\u00e1s del pedido general, Andrada tambi\u00e9n se dirigi\u00f3 directamente al capit\u00e1n de Huesca, v\u00edctima del golpe.&nbsp;<strong>\u201cEstoy muy arrepentido y no lo volver\u00e9 a hacer porque s\u00e9 que soy una persona p\u00fablica, un profesional con muchos a\u00f1os de carrera. Tambi\u00e9n quiero pedirle disculpas a Jorge Pulido porque somos colegas y sinceramente fue un acto m\u00edo que me desconect\u00e9 en ese momento\u201d<\/strong>, afirm\u00f3.<\/p>\n\n\n\n<p id=\"p-1777246040329-63865\">Mientras tanto, Zaragoza emiti\u00f3 un comunicado oficial en el que confirm\u00f3 que&nbsp;<strong>\u201canalizar\u00e1n los hechos acaecidos y tomar\u00e1n las medidas disciplinarias pertinentes\u201d<\/strong>, en un contexto donde en Espa\u00f1a ya se especula con que el club podr\u00eda marginarlo hasta el final de la temporada. Incluso, distintas versiones se\u00f1alan que la instituci\u00f3n aragonesa tampoco ejecutar\u00eda la opci\u00f3n de compra por el pase del arquero surgido de Lan\u00fas, cuyo futuro aparece cada vez m\u00e1s comprometido tras un episodio que podr\u00eda marcar un antes y un despu\u00e9s en su paso por el f\u00fatbol espa\u00f1ol.<\/p>\n\n\n\n<p id=\"p-1777246040329-93913\">Ante ese escenario, Andrada dej\u00f3 abierta la puerta para responder ante las autoridades:&nbsp;<strong>\u201cAc\u00e1 estoy para ver las consecuencias de La Liga, o si quiere que le vaya a dar explicaciones. Estoy disponible para ello\u201d<\/strong>.<\/p>\n\n\n\n<h2 class=\"wp-block-heading\" id=\"p-1777246078291-49933\"><\/h2>\n\n\n\n<h2 class=\"wp-block-heading\" id=\"p-1777245972112-70747\">El comunicado de Zaragoza por la brutal agresi\u00f3n de Esteban Andrada<\/h2>\n\n\n\n<p id=\"p-1777245972112-66957\"><strong><em>&#8220;En los instantes finales del SD Huesca &#8211; Real Zaragoza disputado este domingo en El Alcoraz hemos protagonizado unas im\u00e1genes impropias de este deporte y que nunca deber\u00edan haberse producido. Estos hechos no representan los valores del Real Zaragoza ni del zaragocismo, que a lo largo de su historia se ha caracterizado por la nobleza, el valor y el respeto al rival.<\/em><\/strong><\/p>\n\n\n\n<p id=\"p-1777245972112-2738\"><strong><em>Somos ejemplo y referentes para muchos aficionados, sobre todo ni\u00f1os y ni\u00f1as, que en cada partido nos alientan y aspiran a convertirse alg\u00fan d\u00eda en uno de sus \u00eddolos. Es por ello que estas lamentables im\u00e1genes no deber\u00edan haberse producido jam\u00e1s.<\/em><\/strong><\/p>\n\n\n\n<p id=\"p-1777245972112-10071\"><strong><em>Desde el club condenamos rotundamente lo sucedido en esa acci\u00f3n que ha manchado de manera inaceptable un partido de f\u00fatbol de especial trascendencia para nuestra regi\u00f3n, algo que resulta inadmisible.<\/em><\/strong><\/p>\n\n\n\n<p id=\"p-1777246040329-86410\"><strong><em>Respecto a nuestro jugador Esteban Andrada, el club analizar\u00e1 los hechos acaecidos y tomar\u00e1 las medidas disciplinarias pertinentes&#8221;.<\/em><\/strong><\/p>\n","protected":false},"excerpt":{"rendered":"<p>El arquero argentino asumi\u00f3 su violenta agresi\u00f3n ante Huesca, pidi\u00f3 perd\u00f3n a Jorge Pulido y qued\u00f3 a disposici\u00f3n de La Liga y Zaragoza. Tras la&nbsp;escandalosa&hellip; <\/p>\n","protected":false},"author":2,"featured_media":39550,"comment_status":"open","ping_status":"open","sticky":false,"template":"","format":"standard","meta":{"footnotes":""},"categories":[10],"tags":[],"class_list":["post-39549","post","type-post","status-publish","format-standard","has-post-thumbnail","hentry","category-deportes"],"_links":{"self":[{"href":"https:\/\/lametro989.com\/index.php?rest_route=\/wp\/v2\/posts\/39549","targetHints":{"allow":["GET"]}}],"collection":[{"href":"https:\/\/lametro989.com\/index.php?rest_route=\/wp\/v2\/posts"}],"about":[{"href":"https:\/\/lametro989.com\/index.php?rest_route=\/wp\/v2\/types\/post"}],"author":[{"embeddable":true,"href":"https:\/\/lametro989.com\/index.php?rest_route=\/wp\/v2\/users\/2"}],"replies":[{"embeddable":true,"href":"https:\/\/lametro989.com\/index.php?rest_route=%2Fwp%2Fv2%2Fcomments&post=39549"}],"version-history":[{"count":1,"href":"https:\/\/lametro989.com\/index.php?rest_route=\/wp\/v2\/posts\/39549\/revisions"}],"predecessor-version":[{"id":39551,"href":"https:\/\/lametro989.com\/index.php?rest_route=\/wp\/v2\/posts\/39549\/revisions\/39551"}],"wp:featuredmedia":[{"embeddable":true,"href":"https:\/\/lametro989.com\/index.php?rest_route=\/wp\/v2\/media\/39550"}],"wp:attachment":[{"href":"https:\/\/lametro989.com\/index.php?rest_route=%2Fwp%2Fv2%2Fmedia&parent=39549"}],"wp:term":[{"taxonomy":"category","embeddable":true,"href":"https:\/\/lametro989.com\/index.php?rest_route=%2Fwp%2Fv2%2Fcategories&post=39549"},{"taxonomy":"post_tag","embeddable":true,"href":"https:\/\/lametro989.com\/index.php?rest_route=%2Fwp%2Fv2%2Ftags&post=39549"}],"curies":[{"name":"wp","href":"https:\/\/api.w.org\/{rel}","templated":true}]}}