{"id":39552,"date":"2026-04-27T07:50:25","date_gmt":"2026-04-27T10:50:25","guid":{"rendered":"https:\/\/lametro989.com\/?p=39552"},"modified":"2026-04-27T07:50:25","modified_gmt":"2026-04-27T10:50:25","slug":"federico-sturzenegger-justifica-los-despidos-en-el-servicio-meteorologico-nacional-y-llama-a-echar-al-85-de-los-trabajadores","status":"publish","type":"post","link":"https:\/\/lametro989.com\/?p=39552","title":{"rendered":"Federico Sturzenegger justifica los despidos en el\u00a0\u00a0Servicio Meteorol\u00f3gico Nacional y llama a echar al 85% de los trabajadores"},"content":{"rendered":"\n<p id=\"p-1777245346555-40969\">En un intento de justificar el ajuste y los despidos, el ministro de Desregulaci\u00f3n y Transformaci\u00f3n del Estado,\u00a0<strong>Federico Sturzenegger<\/strong>, sacudi\u00f3 las redes sociales con su argumento de lo que describe como una &#8220;historia incre\u00edble&#8221; de ineficiencia tecnol\u00f3gica en\u00a0<a href=\"https:\/\/www.minutouno.com\/sociedad\/paro-el-servicio-meteorologico-nacional-que-resolvio-ate-la-presion-del-gobierno-n6270343\" target=\"_blank\" rel=\"noreferrer noopener\">el\u00a0<strong>Servicio Meteorol\u00f3gico Nacional (SMN)<\/strong><\/a><strong>.<\/strong><\/p>\n\n\n\n<figure class=\"wp-block-image size-full\"><img loading=\"lazy\" decoding=\"async\" width=\"610\" height=\"381\" src=\"https:\/\/lametro989.com\/wp-content\/uploads\/2026\/04\/image-276.png\" alt=\"\" class=\"wp-image-39553\" srcset=\"https:\/\/lametro989.com\/wp-content\/uploads\/2026\/04\/image-276.png 610w, https:\/\/lametro989.com\/wp-content\/uploads\/2026\/04\/image-276-300x187.png 300w\" sizes=\"auto, (max-width: 610px) 100vw, 610px\" \/><\/figure>\n\n\n\n<p id=\"p-1777245346555-40969\"><\/p>\n\n\n\n<p id=\"p-1777245346555-89503\">Seg\u00fan el funcionario, el organismo opera bajo un esquema detenido en el tiempo, priorizando procesos manuales por sobre la automatizaci\u00f3n que hoy es est\u00e1ndar global. \u201cSiempre est\u00e1 la pregunta sobre el eventual destino del personal que ya no tendr\u00eda lugar en un SMN moderno. Es una preocupaci\u00f3n que siempre hay que tener. Pero los millones de d\u00f3lares anuales que requieren hoy esos sueldos es dinero que pagan otras familias, reduciendo su poder de compra y por ende su capacidad de gastar y sostener otros empleos en otros lugares\u201d, se\u00f1al\u00f3.<\/p>\n\n\n\n<p id=\"p-1777245346555-79053\">De acuerdo con la versi\u00f3n oficial, la estructura actual del SMN revela una desproporci\u00f3n entre el personal de apoyo y el cuerpo profesional. Sturzenegger afirma que hay unas 1.000 personas en total, con solo 20 meteor\u00f3logos, en aproximadamente 100 estaciones meteorol\u00f3gicas, muchas con m\u00e1s de 50 a\u00f1os de antig\u00fcedad.<\/p>\n\n\n\n<figure class=\"wp-block-image\"><img decoding=\"async\" src=\"https:\/\/media.minutouno.com\/p\/3c07525c5d37dccec7bb6cac90b0d4ad\/adjuntos\/150\/imagenes\/043\/304\/0043304442\/610x0\/856x498:876x518\/servicio-meteorologico-nacional.jpg\" alt=\"Crisis en el Servicio Meteorol\u00f3gico Nacional.\" title=\"Crisis en el Servicio Meteorol\u00f3gico Nacional.\"\/><\/figure>\n\n\n\n<p id=\"p-1777246140910-30342\">Crisis en el Servicio Meteorol\u00f3gico Nacional.<\/p>\n\n\n\n<p id=\"p-1777245346555-25494\">Lo que m\u00e1s resalta en el relato es el m\u00e9todo de recolecci\u00f3n de datos. En plena era de sat\u00e9lites y Big Data, el SMN todav\u00eda depender\u00eda de&nbsp;<strong>operadores que anotan mediciones en planillas de papel<\/strong>. Luego, esa informaci\u00f3n se vuelca en un sistema operativo&nbsp;<strong>DOS<\/strong>&nbsp;(tecnolog\u00eda de los a\u00f1os 80) para ser enviada a los meteor\u00f3logos.<\/p>\n\n\n\n<h2 class=\"wp-block-heading\" id=\"p-1777245346555-91570\">Los argumentos de Federico Sturzenegger contra el Servicio Meteorol\u00f3gico Nacional<\/h2>\n\n\n\n<p id=\"p-1777245346555-33081\">Sturzenegger argumenta que este modelo no solo es obsoleto, sino extremadamente costoso.&nbsp;&#8220;Los sueldos de esas 7 personas [por estaci\u00f3n] permiten pagar una estaci\u00f3n moderna (la mejor disponible a nivel mundial) que transmite esos datos en tiempo real y sin necesidad de personal alguno&#8221;, se\u00f1al\u00f3.<\/p>\n\n\n\n<p id=\"p-1777245346555-10780\"><strong>El ministro sostiene que el organismo podr\u00eda funcionar con mayor precisi\u00f3n y un presupuesto significativamente menor, operando con unas 150 personas en lugar de las 1.000 actuales, si se aplicara una modernizaci\u00f3n dr\u00e1stica.<\/strong><\/p>\n\n\n\n<p id=\"p-1777245822113-98044\">\u201cQuiz\u00e1s llama la atenci\u00f3n tanta gente de apoyo a 20 meteor\u00f3logos, pero resulta que los datos \u2013en la \u00e9poca de los sat\u00e9lites y las comunicaciones\u2013 se recogen manualmente\u201d, ironiz\u00f3.<\/p>\n\n\n\n<p id=\"p-1777245346555-75677\">La cr\u00edtica no se queda solo en lo presupuestario. El ministro vincula la falta de modernizaci\u00f3n con una mayor vulnerabilidad ante desastres clim\u00e1ticos, citando tragedias pasadas en&nbsp;<strong>La Plata<\/strong>&nbsp;o&nbsp;<strong>Bah\u00eda Blanca<\/strong>.<\/p>\n\n\n\n<p id=\"p-1777245346555-89503\">Sturzenegger tambi\u00e9n apunt\u00f3 contra administraciones previas del \u00e1rea de Defensa por<strong>&nbsp;no haber encarado una modernizaci\u00f3n similar con anterioridad.&nbsp;<\/strong>\u201c\u00bfQu\u00e9 hicieron todos los ministros de Defensa anteriores?\u201d, cuestion\u00f3, y elogi\u00f3 la gesti\u00f3n actual encabezada por Luis Petri.<\/p>\n","protected":false},"excerpt":{"rendered":"<p>En un intento de justificar el ajuste y los despidos, el ministro de Desregulaci\u00f3n y Transformaci\u00f3n del Estado,\u00a0Federico Sturzenegger, sacudi\u00f3 las redes sociales con su&hellip; <\/p>\n","protected":false},"author":2,"featured_media":39553,"comment_status":"open","ping_status":"open","sticky":false,"template":"","format":"standard","meta":{"footnotes":""},"categories":[9,5],"tags":[],"class_list":["post-39552","post","type-post","status-publish","format-standard","has-post-thumbnail","hentry","category-destacadas","category-politica"],"_links":{"self":[{"href":"https:\/\/lametro989.com\/index.php?rest_route=\/wp\/v2\/posts\/39552","targetHints":{"allow":["GET"]}}],"collection":[{"href":"https:\/\/lametro989.com\/index.php?rest_route=\/wp\/v2\/posts"}],"about":[{"href":"https:\/\/lametro989.com\/index.php?rest_route=\/wp\/v2\/types\/post"}],"author":[{"embeddable":true,"href":"https:\/\/lametro989.com\/index.php?rest_route=\/wp\/v2\/users\/2"}],"replies":[{"embeddable":true,"href":"https:\/\/lametro989.com\/index.php?rest_route=%2Fwp%2Fv2%2Fcomments&post=39552"}],"version-history":[{"count":1,"href":"https:\/\/lametro989.com\/index.php?rest_route=\/wp\/v2\/posts\/39552\/revisions"}],"predecessor-version":[{"id":39554,"href":"https:\/\/lametro989.com\/index.php?rest_route=\/wp\/v2\/posts\/39552\/revisions\/39554"}],"wp:featuredmedia":[{"embeddable":true,"href":"https:\/\/lametro989.com\/index.php?rest_route=\/wp\/v2\/media\/39553"}],"wp:attachment":[{"href":"https:\/\/lametro989.com\/index.php?rest_route=%2Fwp%2Fv2%2Fmedia&parent=39552"}],"wp:term":[{"taxonomy":"category","embeddable":true,"href":"https:\/\/lametro989.com\/index.php?rest_route=%2Fwp%2Fv2%2Fcategories&post=39552"},{"taxonomy":"post_tag","embeddable":true,"href":"https:\/\/lametro989.com\/index.php?rest_route=%2Fwp%2Fv2%2Ftags&post=39552"}],"curies":[{"name":"wp","href":"https:\/\/api.w.org\/{rel}","templated":true}]}}