{"id":39555,"date":"2026-04-27T07:55:03","date_gmt":"2026-04-27T10:55:03","guid":{"rendered":"https:\/\/lametro989.com\/?p=39555"},"modified":"2026-04-27T07:58:44","modified_gmt":"2026-04-27T10:58:44","slug":"quien-es-carlos-frugoni-el-funcionario-desplazado-tras-no-declarar-por-error-sus-viviendas-en-miami","status":"publish","type":"post","link":"https:\/\/lametro989.com\/?p=39555","title":{"rendered":"Qui\u00e9n es Carlos Frugoni, el funcionario desplazado tras no declarar por &#8220;error&#8221; sus viviendas en Miami"},"content":{"rendered":"\n<p>El Gobierno de Javier Milei contin\u00faa acumulando esc\u00e1ndalos. Este domingo, Luis Caputo le acept\u00f3 la renuncia al ahora exsecretario de Coordinaci\u00f3n de Infraestructura.<\/p>\n\n\n\n<figure class=\"wp-block-image size-full\"><img loading=\"lazy\" decoding=\"async\" width=\"610\" height=\"375\" src=\"https:\/\/lametro989.com\/wp-content\/uploads\/2026\/04\/image-278.png\" alt=\"\" class=\"wp-image-39557\" srcset=\"https:\/\/lametro989.com\/wp-content\/uploads\/2026\/04\/image-278.png 610w, https:\/\/lametro989.com\/wp-content\/uploads\/2026\/04\/image-278-300x184.png 300w\" sizes=\"auto, (max-width: 610px) 100vw, 610px\" \/><\/figure>\n\n\n\n<p id=\"p-1777253925099-95138\">La trayectoria del ahora exfuncionario&nbsp;<a href=\"https:\/\/www.minutouno.com\/politica\/renuncio-el-funcionario-luis-caputo-al-que-le-descubrieron-propiedades-declarar-estados-unidos-n6271079\" target=\"_blank\" rel=\"noreferrer noopener\"><strong>Carlos Mar\u00eda Frugoni<\/strong>&nbsp;en la gesti\u00f3n p\u00fablica nacional lleg\u00f3 a un abrupto final este domingo<\/a>&nbsp;tras poco m\u00e1s de tres meses en el cargo, en otro de los esc\u00e1ndalos que sacude al Gobierno libertario de Javier Milei.<\/p>\n\n\n\n<p id=\"p-1777253955698-13668\">Su salida del Ministerio de Econom\u00eda, donde se desempe\u00f1aba como\u00a0<strong>secretario de Coordinaci\u00f3n de Infraestructura<\/strong>, se precipit\u00f3 por la revelaci\u00f3n de un patrimonio no declarado en el exterior que el propio arquitecto calific\u00f3 como un &#8220;error&#8221;. Mientras la mira sigue puesta en el jefe de Gabinete,\u00a0<strong>Manuel Adorni<\/strong>; este domingo el ministro de Econom\u00eda,\u00a0<strong>Luis Caputo<\/strong>, acept\u00f3 finalmente la renuncia del ahora exsecretario. Qui\u00e9nes Carlos Mar\u00eda Frugoni<\/p>\n\n\n\n<p id=\"p-1777253925099-80489\">Frugoni es arquitecto de profesi\u00f3n y cuenta con una vasta experiencia de&nbsp;<strong>38 a\u00f1os en el sector<\/strong>. Su carrera se divide en dos grandes etapas:<\/p>\n\n\n\n<ul id=\"p-1777254095871-61624\" class=\"wp-block-list\">\n<li><strong>Sector Privado:<\/strong>\u00a0En sus inicios fund\u00f3 su propia constructora y luego form\u00f3 parte de diversas empresas internacionales.<\/li>\n\n\n\n<li><strong>\u00a0Gesti\u00f3n en la Ciudad (AUSA):<\/strong>\u00a0Su nombre cobr\u00f3 relevancia durante sus m\u00e1s de 15 a\u00f1os en\u00a0<strong>Autopistas Urbanas S.A. (AUSA)<\/strong>, donde lleg\u00f3 a ser presidente y director general. Bajo su gesti\u00f3n se ejecutaron obras clave para la Ciudad de Buenos Aires, como: el\u00a0<strong>Paseo del Bajo<\/strong>\u00a0y los viaductos Mitre y San Mart\u00edn; el sistema de peajes\u00a0<strong>Free Flow<\/strong>\u00a0(sin barreras); el Metrob\u00fas 9 de Julio y la extensi\u00f3n de la Autopista Illia.<\/li>\n<\/ul>\n\n\n\n<h2 class=\"wp-block-heading\" id=\"p-1777254105288-69474\"><\/h2>\n\n\n\n<h2 class=\"wp-block-heading\" id=\"p-1777253925099-25475\">El paso de Carlos Frugoni por el Gobierno Nacional<\/h2>\n\n\n\n<p id=\"p-1777253925099-80696\">Antes de recalar en el Palacio de Hacienda, Frugoni tuvo un breve paso como director ejecutivo de la&nbsp;<strong>Comisi\u00f3n Nacional de Regulaci\u00f3n del Transporte (CNRT)<\/strong>. En enero de 2026, fue convocado por Caputo para coordinar los proyectos de infraestructura y obra p\u00fablica del pa\u00eds, debido a su perfil de especialista en ejecuci\u00f3n vial y urbana.<\/p>\n\n\n\n<p id=\"p-1777253925099-47579\"><strong>El esc\u00e1ndalo de los departamentos en Miami:<\/strong><\/p>\n\n\n\n<p id=\"p-1777253925099-78156\">La ca\u00edda del funcionario se origin\u00f3 al descubrirse que pose\u00eda&nbsp;<strong>siete propiedades en Miami<\/strong>, Estados Unidos, que no figuraban en sus declaraciones juradas ante la&nbsp;<strong>Oficina Anticorrupci\u00f3n (OA)<\/strong>&nbsp;ni ante&nbsp;<strong>ARCA<\/strong>&nbsp;(ex AFIP).<\/p>\n\n\n\n<p id=\"p-1777253925099-93659\">Frugoni admiti\u00f3 la omisi\u00f3n alegando una equivocaci\u00f3n administrativa.&nbsp;&#8220;Comet\u00ed un error. Estaba rectificando esta situaci\u00f3n porque ahora soy funcionario nacional&#8221;, explic\u00f3 al diario&nbsp;<em>Clar\u00edn<\/em>.<\/p>\n\n\n\n<p id=\"p-1777253955698-13668\"><strong>Respecto a su situaci\u00f3n impositiva<\/strong>, el exsecretario reconoci\u00f3 que tributaba por dichos inmuebles en EE. UU., pero que hab\u00eda omitido hacerlo en Argentina, una falta grave para cualquier funcionario p\u00fablico obligado a la transparencia patrimonial.<\/p>\n","protected":false},"excerpt":{"rendered":"<p>El Gobierno de Javier Milei contin\u00faa acumulando esc\u00e1ndalos. Este domingo, Luis Caputo le acept\u00f3 la renuncia al ahora exsecretario de Coordinaci\u00f3n de Infraestructura. La trayectoria&hellip; <\/p>\n","protected":false},"author":2,"featured_media":39557,"comment_status":"open","ping_status":"open","sticky":false,"template":"","format":"standard","meta":{"footnotes":""},"categories":[9,5],"tags":[],"class_list":["post-39555","post","type-post","status-publish","format-standard","has-post-thumbnail","hentry","category-destacadas","category-politica"],"_links":{"self":[{"href":"https:\/\/lametro989.com\/index.php?rest_route=\/wp\/v2\/posts\/39555","targetHints":{"allow":["GET"]}}],"collection":[{"href":"https:\/\/lametro989.com\/index.php?rest_route=\/wp\/v2\/posts"}],"about":[{"href":"https:\/\/lametro989.com\/index.php?rest_route=\/wp\/v2\/types\/post"}],"author":[{"embeddable":true,"href":"https:\/\/lametro989.com\/index.php?rest_route=\/wp\/v2\/users\/2"}],"replies":[{"embeddable":true,"href":"https:\/\/lametro989.com\/index.php?rest_route=%2Fwp%2Fv2%2Fcomments&post=39555"}],"version-history":[{"count":1,"href":"https:\/\/lametro989.com\/index.php?rest_route=\/wp\/v2\/posts\/39555\/revisions"}],"predecessor-version":[{"id":39558,"href":"https:\/\/lametro989.com\/index.php?rest_route=\/wp\/v2\/posts\/39555\/revisions\/39558"}],"wp:featuredmedia":[{"embeddable":true,"href":"https:\/\/lametro989.com\/index.php?rest_route=\/wp\/v2\/media\/39557"}],"wp:attachment":[{"href":"https:\/\/lametro989.com\/index.php?rest_route=%2Fwp%2Fv2%2Fmedia&parent=39555"}],"wp:term":[{"taxonomy":"category","embeddable":true,"href":"https:\/\/lametro989.com\/index.php?rest_route=%2Fwp%2Fv2%2Fcategories&post=39555"},{"taxonomy":"post_tag","embeddable":true,"href":"https:\/\/lametro989.com\/index.php?rest_route=%2Fwp%2Fv2%2Ftags&post=39555"}],"curies":[{"name":"wp","href":"https:\/\/api.w.org\/{rel}","templated":true}]}}