{"id":39560,"date":"2026-04-27T08:03:16","date_gmt":"2026-04-27T11:03:16","guid":{"rendered":"https:\/\/lametro989.com\/?p=39560"},"modified":"2026-04-27T08:03:16","modified_gmt":"2026-04-27T11:03:16","slug":"una-historica-planta-de-electrodomesticos-deja-de-producir-heladeras-y-despedira-personal-en-rosario","status":"publish","type":"post","link":"https:\/\/lametro989.com\/?p=39560","title":{"rendered":"Una hist\u00f3rica planta de electrodom\u00e9sticos deja de producir heladeras y despedir\u00e1 personal en Rosario"},"content":{"rendered":"\n<p>A partir de mayo, dejar\u00e1 de ensamblar heladeras para Electrolux. Antes hab\u00eda dejado de producir cocinas. Con operaciones al m\u00ednimo, se prev\u00e9 una reducci\u00f3n adicional de una plantilla que ya se hab\u00eda achicado en dos tercios<\/p>\n\n\n\n<figure class=\"wp-block-image size-full\"><img loading=\"lazy\" decoding=\"async\" width=\"992\" height=\"558\" src=\"https:\/\/lametro989.com\/wp-content\/uploads\/2026\/04\/image-279.png\" alt=\"\" class=\"wp-image-39561\" srcset=\"https:\/\/lametro989.com\/wp-content\/uploads\/2026\/04\/image-279.png 992w, https:\/\/lametro989.com\/wp-content\/uploads\/2026\/04\/image-279-300x169.png 300w, https:\/\/lametro989.com\/wp-content\/uploads\/2026\/04\/image-279-768x432.png 768w\" sizes=\"auto, (max-width: 992px) 100vw, 992px\" \/><\/figure>\n\n\n\n<p><strong>Frimetal<\/strong>, la empresa que ensambla la marca\u00a0<strong>Electrolux<\/strong>\u00a0en\u00a0<strong>Rosario<\/strong>, cesar\u00e1 la producci\u00f3n de\u00a0<strong>heladeras<\/strong>\u00a0en mayo. Esta decisi\u00f3n forma parte de un proceso de reducci\u00f3n operativa que la empresa hab\u00eda iniciado a comienzos de a\u00f1o, ante el impacto de la ca\u00edda del consumo y el auge de importaciones en la industria de electrodom\u00e9sticos argentina. La firma prev\u00e9 la\u00a0<strong>reducci\u00f3n de su personal.<\/strong> Seg\u00fan inform\u00f3 el medio local La Capital, el final de la fabricaci\u00f3n nacional de uno de sus productos emblem\u00e1ticos transformar\u00e1 la planta rosarina en un\u00a0<strong>centro de operaciones m\u00ednimas<\/strong>\u00a0-mayormente dedicado a la importaci\u00f3n de productos terminados- y profundizar\u00e1 el recorte de su estructura laboral.De esta manera, la firma de origen sueco pondr\u00e1 fin a su l\u00ednea de fr\u00edo. Esto implica que la planta\u00a0<a href=\"https:\/\/www.infobae.com\/economia\/2026\/03\/12\/crisis-de-los-electrodomesticos-una-reconocida-empresa-abrio-retiros-voluntarios-y-evalua-como-seguir-operando\/\" target=\"_blank\" rel=\"noreferrer noopener\">dejar\u00e1 de fabricar tanto cocinas\u00a0<\/a>\u2014cuya producci\u00f3n se interrumpi\u00f3 en enero\u2014 como heladeras, y solo continuar\u00e1 con la elaboraci\u00f3n de freezers y lavarropas, seg\u00fan precisaron fuentes internas a La Capital. Fuerte reducci\u00f3n de personal<\/p>\n\n\n\n<p>En este marco, la plantilla de empleados de la compa\u00f1\u00eda experimentar\u00e1 una nueva reducci\u00f3n: de los\u00a0<strong>750 trabajadores<\/strong>\u00a0iniciales restan unos\u00a0<strong>250 empleados<\/strong>, y, tras la implementaci\u00f3n de la medida, solo\u00a0<strong>150 empleados<\/strong>\u00a0mantendr\u00e1n su puesto, dedicados exclusivamente a las funciones que permanezcan activas. Directivos declararon al medio rosarinos sobre los antiguos productos:\u00a0<strong>\u201cYa no se fabrican m\u00e1s ac\u00e1\u201d<\/strong>. En marzo,\u00a0<strong>Electrolux<\/strong>\u00a0ya hab\u00eda puesto en marcha un plan de reducci\u00f3n de personal en la f\u00e1brica de Rosario. La apertura de un programa de retiros voluntarios para\u00a0<strong>100 trabajadores<\/strong>\u00a0tuvo una adhesi\u00f3n mayor a la esperada:\u00a0<strong>m\u00e1s de 130 operarios<\/strong>\u00a0decidieron aceptar la propuesta antes del cierre del proceso, inform\u00f3 la\u00a0<strong>Uni\u00f3n Obrera Metal\u00fargica (UOM)<\/strong>. Este ajuste se produjo en un contexto en el que la planta, que lleg\u00f3 a emplear a 750 personas, ya operaba por debajo de su hist\u00f3rica capacidad. Las condiciones del retiro inclu\u00edan el pago del\u00a0<strong>100% de la indemnizaci\u00f3n<\/strong>\u00a0bajo el r\u00e9gimen previo a la reforma laboral, m\u00e1s\u00a0<strong>tres salarios adicionales<\/strong>\u00a0por aceptaci\u00f3n voluntaria, seg\u00fan datos gremiales. Esta decisi\u00f3n empresarial se inscribe en una tendencia de ajuste y reconversi\u00f3n en la industria nacional de l\u00ednea blanca, que enfrenta dificultades crecientes. La disminuci\u00f3n en las&nbsp;<strong>ventas de electrodom\u00e9sticos<\/strong>&nbsp;en los \u00faltimos meses presion\u00f3 a fabricantes locales a reajustar su producci\u00f3n y reducir sus costos para ganar eficiencia. Tambi\u00e9n en&nbsp;<strong>octubre de 2025<\/strong>, la planta de Rosario&nbsp;<a rel=\"noreferrer noopener\" href=\"https:\/\/www.infobae.com\/economia\/2026\/03\/12\/crisis-de-los-electrodomesticos-una-reconocida-empresa-abrio-retiros-voluntarios-y-evalua-como-seguir-operando\/\" target=\"_blank\">hab\u00eda aplicado&nbsp;<strong>suspensiones rotativas<\/strong>&nbsp;que afectaron a unos&nbsp;<strong>400 trabajadores<\/strong>&nbsp;debido a la baja demanda&nbsp;<\/a>y a la acumulaci\u00f3n de stock. El acuerdo, alcanzado con la UOM, permiti\u00f3 espaciar el impacto en la fuerza laboral y adaptar la producci\u00f3n al ritmo del mercado.<\/p>\n\n\n\n<p>Esta mec\u00e1nica permiti\u00f3 que la planta continuara su operaci\u00f3n aunque de manera muy reducida, para evitar un desbalance mayor entre producci\u00f3n y ventas. Representantes de la compa\u00f1\u00eda atribuyeron la medida a la combinaci\u00f3n de menor consumo y el ingreso creciente de productos importados, fen\u00f3meno que dificult\u00f3 sostener la competitividad local. Un sector en crisis<\/p>\n\n\n\n<p>La situaci\u00f3n de&nbsp;<strong>Frimetal<\/strong>&nbsp;se inserta en un escenario adverso para el sector de electrodom\u00e9sticos en la&nbsp;<strong>Argentina<\/strong>. Ya son varias las compa\u00f1\u00edas que anunciaron recientemente procesos de ajuste o reestructuraci\u00f3n. La firma&nbsp;<strong>Goldmund S.A.<\/strong>, responsable de la marca&nbsp;<a rel=\"noreferrer noopener\" href=\"https:\/\/www.infobae.com\/economia\/2026\/04\/16\/tras-el-concurso-el-dueno-de-peabody-asegura-que-es-ingrato-ser-empresario-en-argentina-y-advierte-la-ilegalidad-tomo-el-mercado\/\" target=\"_blank\"><strong>Peabody<\/strong><\/a>, solicit\u00f3 la apertura de un concurso preventivo para reorganizar su deuda y poder continuar operando.&nbsp;<a rel=\"noreferrer noopener\" href=\"https:\/\/www.infobae.com\/economia\/2026\/04\/16\/tras-el-concurso-el-dueno-de-peabody-asegura-que-es-ingrato-ser-empresario-en-argentina-y-advierte-la-ilegalidad-tomo-el-mercado\/\" target=\"_blank\">En una nota exclusiva con&nbsp;<strong>Infobae<\/strong>,&nbsp;<\/a><strong>Dante Do Sun Choi,&nbsp;<\/strong>due\u00f1o de la firma de electrodom\u00e9sticos, expuso una \u201cprofunda tristeza\u201d por el devenir del sector industrial y remarc\u00f3 que, a pesar de estar agradecido por lo que le dio el pa\u00eds, \u201c<strong>es muy ingrato ser empresario en la Argentina\u201c<\/strong><\/p>\n\n\n\n<p>Por su parte,&nbsp;<strong>Mabe<\/strong>&nbsp;implement\u00f3&nbsp;<strong>despidos<\/strong>&nbsp;y clausur\u00f3 una de sus plantas.&nbsp;<a rel=\"noreferrer noopener\" href=\"https:\/\/www.infobae.com\/economia\/2025\/11\/27\/cierre-de-whirlpool-como-paso-de-un-ambicioso-proyecto-exportador-a-dejar-de-fabricar-en-el-pais-en-apenas-tres-anos\/\" target=\"_blank\"><strong>Whirlpool<\/strong><\/a>&nbsp;cerr\u00f3 el a\u00f1o pasado definitivamente su planta de lavarropas en&nbsp;<strong>Pilar<\/strong>, que hab\u00eda inaugurado hace solo&nbsp;<strong>tres a\u00f1os<\/strong>. A estos casos se suma&nbsp;<strong>Aires del Sur<\/strong>, fabricante de equipos&nbsp;<strong>Electra<\/strong>,&nbsp;<a href=\"https:\/\/www.infobae.com\/economia\/2026\/02\/25\/cesacion-de-pagos-irreversible-y-fracaso-definitivo-pidio-la-quiebra-el-fabricante-aires-acondicionados-electra-y-fedders\/\" target=\"_blank\" rel=\"noreferrer noopener\">que pidi\u00f3 la&nbsp;<strong>quiebra<\/strong>&nbsp;hace pocas semanas.<\/a><\/p>\n","protected":false},"excerpt":{"rendered":"<p>A partir de mayo, dejar\u00e1 de ensamblar heladeras para Electrolux. Antes hab\u00eda dejado de producir cocinas. Con operaciones al m\u00ednimo, se prev\u00e9 una reducci\u00f3n adicional&hellip; <\/p>\n","protected":false},"author":2,"featured_media":39561,"comment_status":"open","ping_status":"open","sticky":false,"template":"","format":"standard","meta":{"footnotes":""},"categories":[5],"tags":[],"class_list":["post-39560","post","type-post","status-publish","format-standard","has-post-thumbnail","hentry","category-politica"],"_links":{"self":[{"href":"https:\/\/lametro989.com\/index.php?rest_route=\/wp\/v2\/posts\/39560","targetHints":{"allow":["GET"]}}],"collection":[{"href":"https:\/\/lametro989.com\/index.php?rest_route=\/wp\/v2\/posts"}],"about":[{"href":"https:\/\/lametro989.com\/index.php?rest_route=\/wp\/v2\/types\/post"}],"author":[{"embeddable":true,"href":"https:\/\/lametro989.com\/index.php?rest_route=\/wp\/v2\/users\/2"}],"replies":[{"embeddable":true,"href":"https:\/\/lametro989.com\/index.php?rest_route=%2Fwp%2Fv2%2Fcomments&post=39560"}],"version-history":[{"count":1,"href":"https:\/\/lametro989.com\/index.php?rest_route=\/wp\/v2\/posts\/39560\/revisions"}],"predecessor-version":[{"id":39562,"href":"https:\/\/lametro989.com\/index.php?rest_route=\/wp\/v2\/posts\/39560\/revisions\/39562"}],"wp:featuredmedia":[{"embeddable":true,"href":"https:\/\/lametro989.com\/index.php?rest_route=\/wp\/v2\/media\/39561"}],"wp:attachment":[{"href":"https:\/\/lametro989.com\/index.php?rest_route=%2Fwp%2Fv2%2Fmedia&parent=39560"}],"wp:term":[{"taxonomy":"category","embeddable":true,"href":"https:\/\/lametro989.com\/index.php?rest_route=%2Fwp%2Fv2%2Fcategories&post=39560"},{"taxonomy":"post_tag","embeddable":true,"href":"https:\/\/lametro989.com\/index.php?rest_route=%2Fwp%2Fv2%2Ftags&post=39560"}],"curies":[{"name":"wp","href":"https:\/\/api.w.org\/{rel}","templated":true}]}}