{"id":39563,"date":"2026-04-27T08:15:48","date_gmt":"2026-04-27T11:15:48","guid":{"rendered":"https:\/\/lametro989.com\/?p=39563"},"modified":"2026-04-27T08:15:48","modified_gmt":"2026-04-27T11:15:48","slug":"alerta-por-frio-polar-en-argentina-llega-una-ola-de-aire-helado-con-temperaturas-bajo-cero-y-heladas-intensas","status":"publish","type":"post","link":"https:\/\/lametro989.com\/?p=39563","title":{"rendered":"Alerta por fr\u00edo polar en Argentina: llega una ola de aire helado con temperaturas bajo cero y heladas intensas"},"content":{"rendered":"\n<p>El organismo clim\u00e1tico alerto por el ingreso de una ola de fr\u00edo polar que afectar\u00e1 al pa\u00eds. Las zonas afectadas.<\/p>\n\n\n\n<figure class=\"wp-block-image size-full\"><img loading=\"lazy\" decoding=\"async\" width=\"800\" height=\"450\" src=\"https:\/\/lametro989.com\/wp-content\/uploads\/2026\/04\/image-280.png\" alt=\"\" class=\"wp-image-39564\" srcset=\"https:\/\/lametro989.com\/wp-content\/uploads\/2026\/04\/image-280.png 800w, https:\/\/lametro989.com\/wp-content\/uploads\/2026\/04\/image-280-300x169.png 300w, https:\/\/lametro989.com\/wp-content\/uploads\/2026\/04\/image-280-768x432.png 768w\" sizes=\"auto, (max-width: 800px) 100vw, 800px\" \/><\/figure>\n\n\n\n<p>Una irrupci\u00f3n de aire de\u00a0<strong>origen polar\u00a0<\/strong>comienza a sentirse en la Argentina y marcar\u00e1 el pulso del clima durante los pr\u00f3ximos d\u00edas. El avance de este sistema traer\u00e1 un descenso t\u00e9rmico generalizado, con escasas lluvias y condiciones propicias para la formaci\u00f3n de heladas en amplias regiones del territorio. El fen\u00f3meno se da tras el desplazamiento de un<strong>\u00a0frente fr\u00edo<\/strong>\u00a0que avanza hacia el noreste, donde se concentran las pocas precipitaciones previstas. Una vez que este sistema se retire, se instalar\u00e1 una masa de aire fr\u00edo y seco que se expandir\u00e1 progresivamente hacia el centro y norte del pa\u00eds, consolidando un escenario de estabilidad atmosf\u00e9rica.<\/p>\n\n\n\n<h3 class=\"wp-block-heading\">Un cambio de patr\u00f3n: menos lluvias y m\u00e1s fr\u00edo<\/h3>\n\n\n\n<p>De acuerdo con proyecciones meteorol\u00f3gicas, el rasgo dominante de la semana no ser\u00e1 la lluvia sino el fuerte enfriamiento. En la regi\u00f3n Pampeana, por ejemplo, se espera un per\u00edodo sin precipitaciones durante varios d\u00edas, lo que, combinado con cielos mayormente despejados, favorecer\u00e1 un descenso marcado de las temperaturas, especialmente durante la noche.<\/p>\n\n\n\n<h3 class=\"wp-block-heading\">Lunes: comienza a sentirse el aire polar<\/h3>\n\n\n\n<p>Las lluvias quedar\u00e1n limitadas al extremo noreste, con acumulados moderados en Misiones y el norte de Corrientes, mientras que el resto del pa\u00eds tendr\u00e1 condiciones mayormente estables.<\/p>\n\n\n\n<figure class=\"wp-block-image\"><img decoding=\"async\" src=\"https:\/\/www.cronista.com\/resizer\/v2\/alerta-por-frio-polar-en-argentina-llega-una-ola-de-aire-helado-con-temperaturas-bajo-cero-y-heladas-intensas-GCY4BKDXXRCOHHAW5E27LVTRDU.jpg?auth=80b615528ac0435ac9d20913ea29612571e66a4cb205ae20622491ff26eceb9a&amp;smart=true&amp;width=800&amp;height=533&amp;quality=70\" alt=\"Alerta por fr\u00edo polar en Argentina: llega una ola de aire helado con temperaturas bajo cero y heladas intensas\"\/><figcaption class=\"wp-element-caption\">Alerta por fr\u00edo polar en Argentina: llega una ola de aire helado con temperaturas bajo cero y heladas intensasFuente: EFEMariscal<\/figcaption><\/figure>\n\n\n\n<p>En cuanto a las temperaturas, el<strong>&nbsp;impacto del aire fr\u00edo<\/strong>&nbsp;empezar\u00e1 a notarse con m\u00e1ximas que oscilar\u00e1n entre los 8 \u00b0C y 16 \u00b0C en la Patagonia y entre 20 \u00b0C y 24 \u00b0C en la zona central, valores inferiores a los registrados en d\u00edas anteriores.<\/p>\n\n\n\n<p>Las m\u00ednimas mostrar\u00e1n un descenso m\u00e1s pronunciado: se ubicar\u00e1n entre<strong>&nbsp;2 \u00b0C y 6 \u00b0C&nbsp;<\/strong>en la regi\u00f3n pampeana y entre 10 \u00b0C y 14 \u00b0C en el norte. En \u00e1reas cordilleranas y el sur patag\u00f3nico ya se registrar\u00e1n temperaturas bajo cero.<\/p>\n\n\n\n<h3 class=\"wp-block-heading\">Martes y mi\u00e9rcoles: se expanden las heladas<\/h3>\n\n\n\n<p>A partir del martes, el aire fr\u00edo se afianzar\u00e1 en el centro del pa\u00eds con condiciones de estabilidad casi total y ausencia de lluvias en las principales zonas productivas. La combinaci\u00f3n de baja humedad, cielos despejados y vientos calmos intensificar\u00e1 el enfriamiento nocturno.<\/p>\n\n\n\n<p>Las temperaturas m\u00e1ximas se mantendr\u00e1n moderadas, entre 16 \u00b0C y 20 \u00b0C, pero las m\u00ednimas descender\u00e1n hasta valores cercanos a 0 \u00b0C en amplias \u00e1reas.<\/p>\n\n\n\n<p>Se prev\u00e9 la formaci\u00f3n de un n\u00facleo fr\u00edo que abarcar\u00e1 sectores del sur y oeste de Buenos Aires, La Pampa, el sur de C\u00f3rdoba y San Luis. El mi\u00e9rcoles continuar\u00e1 esta tendencia: si bien las temperaturas diurnas podr\u00edan mostrar una leve recuperaci\u00f3n, las ma\u00f1anas seguir\u00e1n siendo muy fr\u00edas. El riesgo de heladas persistir\u00e1, especialmente en zonas rurales, bajas y alejadas de la influencia mar\u00edtima.<\/p>\n\n\n\n<h3 class=\"wp-block-heading\">\u00bfQu\u00e9 esperar en los pr\u00f3ximos d\u00edas?<\/h3>\n\n\n\n<p>El ingreso de esta masa de aire polar no solo marcar\u00e1 el fin del ambiente templado, sino que tambi\u00e9n instalar\u00e1 condiciones t\u00edpicas de invierno en gran parte del pa\u00eds.<\/p>\n\n\n\n<p>Con lluvias pr\u00e1cticamente ausentes y un enfriamiento sostenido, el foco estar\u00e1 puesto en las temperaturas m\u00ednimas y en el impacto que las heladas puedan tener, especialmente en actividades agropecuarias y en la vida cotidiana.<\/p>\n","protected":false},"excerpt":{"rendered":"<p>El organismo clim\u00e1tico alerto por el ingreso de una ola de fr\u00edo polar que afectar\u00e1 al pa\u00eds. Las zonas afectadas. Una irrupci\u00f3n de aire de\u00a0origen&hellip; <\/p>\n","protected":false},"author":2,"featured_media":39564,"comment_status":"open","ping_status":"open","sticky":false,"template":"","format":"standard","meta":{"footnotes":""},"categories":[5],"tags":[],"class_list":["post-39563","post","type-post","status-publish","format-standard","has-post-thumbnail","hentry","category-politica"],"_links":{"self":[{"href":"https:\/\/lametro989.com\/index.php?rest_route=\/wp\/v2\/posts\/39563","targetHints":{"allow":["GET"]}}],"collection":[{"href":"https:\/\/lametro989.com\/index.php?rest_route=\/wp\/v2\/posts"}],"about":[{"href":"https:\/\/lametro989.com\/index.php?rest_route=\/wp\/v2\/types\/post"}],"author":[{"embeddable":true,"href":"https:\/\/lametro989.com\/index.php?rest_route=\/wp\/v2\/users\/2"}],"replies":[{"embeddable":true,"href":"https:\/\/lametro989.com\/index.php?rest_route=%2Fwp%2Fv2%2Fcomments&post=39563"}],"version-history":[{"count":1,"href":"https:\/\/lametro989.com\/index.php?rest_route=\/wp\/v2\/posts\/39563\/revisions"}],"predecessor-version":[{"id":39565,"href":"https:\/\/lametro989.com\/index.php?rest_route=\/wp\/v2\/posts\/39563\/revisions\/39565"}],"wp:featuredmedia":[{"embeddable":true,"href":"https:\/\/lametro989.com\/index.php?rest_route=\/wp\/v2\/media\/39564"}],"wp:attachment":[{"href":"https:\/\/lametro989.com\/index.php?rest_route=%2Fwp%2Fv2%2Fmedia&parent=39563"}],"wp:term":[{"taxonomy":"category","embeddable":true,"href":"https:\/\/lametro989.com\/index.php?rest_route=%2Fwp%2Fv2%2Fcategories&post=39563"},{"taxonomy":"post_tag","embeddable":true,"href":"https:\/\/lametro989.com\/index.php?rest_route=%2Fwp%2Fv2%2Ftags&post=39563"}],"curies":[{"name":"wp","href":"https:\/\/api.w.org\/{rel}","templated":true}]}}