{"id":39569,"date":"2026-04-27T08:34:25","date_gmt":"2026-04-27T11:34:25","guid":{"rendered":"https:\/\/lametro989.com\/?p=39569"},"modified":"2026-04-27T08:34:25","modified_gmt":"2026-04-27T11:34:25","slug":"juana-viale-se-queda-con-el-martin-fierro-de-oro-de-la-moda","status":"publish","type":"post","link":"https:\/\/lametro989.com\/?p=39569","title":{"rendered":"Juana Viale se queda con el Mart\u00edn Fierro de Oro de la Moda"},"content":{"rendered":"\n<p id=\"p-1777243362763-2295\">Se llev\u00f3 a cabo este domingo&nbsp;<strong>una nueva edici\u00f3n de los&nbsp;<a href=\"https:\/\/www.minutouno.com\/espectaculos\/a-que-hora-empiezan-los-martin-fierro-la-moda-n6271056\" target=\"_blank\" rel=\"noreferrer noopener\">Premios Mart\u00edn Fierro de la Moda<\/a><\/strong>, el tradicional reconocimiento que otorga la&nbsp;<strong>Asociaci\u00f3n de Periodistas de la Televisi\u00f3n y la Radiofon\u00eda Argentina (Aptra)<\/strong>&nbsp;a lo m\u00e1s destacado de la industria fashion en el pa\u00eds durante 2025.<\/p>\n\n\n\n<p id=\"p-1777243362763-14065\"><strong>La velada tuvo lugar desde las 21&nbsp;<\/strong>con una alfombra roja que promet\u00eda ser uno de los grandes atractivos de la jornada. All\u00ed desfilaron dise\u00f1adores, modelos y celebridades con apuestas de alto impacto, bajo la conducci\u00f3n de Leandro Leunis y Zaira Nara.<\/p>\n\n\n\n<p id=\"p-1777243362763-11304\">Luego fue el turno de la ceremonia principal, que cont\u00f3 con la presencia de dos referentes indiscutidos del estilo:&nbsp;<strong><a href=\"https:\/\/www.minutouno.com\/espectaculos\/cuantos-anos-tiene-valeria-mazza-la-conductora-los-martin-fierro-la-moda-2026-n6271091\" target=\"_blank\" rel=\"noreferrer noopener\">Valeria Mazza<\/a>&nbsp;e Iv\u00e1n de Pineda, quienes estuvieron a cargo de conducir la entrega de premios y presentar cada una de las categor\u00edas.<\/strong><\/p>\n\n\n\n\n\n<h2 class=\"wp-block-heading\" id=\"a-continuacion-la-lista-de-los-ternados-y-ganadores-de-los-martin-fierro-de-la-moda-2026\">Todos los ganadores de los Mart\u00edn Fierro de la Moda 2026<\/h2>\n\n\n\n<p id=\"p-1777259957942-28347\"><strong>Mart\u00edn Fierro de Oro &#8211; Juana Viale<\/strong><\/p>\n\n\n\n<p id=\"mejor-estilo-en-redes\">Mejor estilo en redes<\/p>\n\n\n\n<ul id=\"p-1777259971742-74165\" class=\"wp-block-list\">\n<li><strong>Carolina \u201cPampita\u201d Ardohain (ganadora)<\/strong><\/li>\n\n\n\n<li>Valentina Zenere<\/li>\n\n\n\n<li>Martita Fort<\/li>\n\n\n\n<li>Tefi Russo<\/li>\n<\/ul>\n\n\n\n<p id=\"mejor-disenador-de-moda-masculina\">Mejor dise\u00f1ador de moda masculina<\/p>\n\n\n\n<ul id=\"p-1777259992478-88602\" class=\"wp-block-list\">\n<li>Mat\u00edas Carbone<\/li>\n\n\n\n<li><strong>Nicol\u00e1s Zaffora (ganador)<\/strong><\/li>\n\n\n\n<li>Sebasti\u00e1n Raimondi<\/li>\n<\/ul>\n\n\n\n<p id=\"mejor-estilo-femenino-en-streaming\">Mejor estilo femenino en streaming<\/p>\n\n\n\n<ul id=\"p-1777259992478-83334\" class=\"wp-block-list\">\n<li>Momi Giardina (Telef\u00e9 \u2013 Luzu)<\/li>\n\n\n\n<li><strong>Evelyn Botto (Olga) (ganadora)<\/strong><\/li>\n\n\n\n<li>Flor Jazm\u00edn Pe\u00f1a (Luzu)<\/li>\n\n\n\n<li>Nati Jota (Telef\u00e9 \u2013 Olga)<\/li>\n<\/ul>\n\n\n\n<p id=\"mejor-estilo-masculino-en-big-show\">Mejor estilo masculino en Big Show<\/p>\n\n\n\n<ul id=\"p-1777259992478-76953\" class=\"wp-block-list\">\n<li>Ale Sergi (La Voz Argentina)<\/li>\n\n\n\n<li><strong>Nico Occhiato (La Voz Argentina) (ganador)<\/strong><\/li>\n\n\n\n<li>Luck Ra (La Voz Argentina)<\/li>\n<\/ul>\n\n\n\n<p id=\"mejor-estilo-panea-femenina\">Mejor estilo panelista femenina<\/p>\n\n\n\n<ul id=\"p-1777259992478-3687\" class=\"wp-block-list\">\n<li>Anal\u00eda Franch\u00edn (A la Barbarrossa)<\/li>\n\n\n\n<li>Carolina Molinari (Puro Show)<\/li>\n\n\n\n<li><strong>Sol P\u00e9rez (Gran Hermano) (ganadora)<\/strong><\/li>\n<\/ul>\n\n\n\n<p id=\"actor-con-mejor-estilo-en-ficcion\">Actor con mejor estilo en ficci\u00f3n<\/p>\n\n\n\n<ul id=\"p-1777260005126-76415\" class=\"wp-block-list\">\n<li><strong>Benjam\u00edn Vicu\u00f1a (Coraz\u00f3n delator) (ganador)<\/strong><\/li>\n\n\n\n<li>Franco Masini (El Retorno)<\/li>\n\n\n\n<li>Leonardo Sbaraglia (Menem)<\/li>\n<\/ul>\n\n\n\n<p id=\"mejor-influencer-de-moda\">Mejor influencer de moda<\/p>\n\n\n\n<ul id=\"p-1777260005126-61713\" class=\"wp-block-list\">\n<li><strong>Zaira Nara (ganadora)<\/strong><\/li>\n\n\n\n<li>Stephanie Demner<\/li>\n\n\n\n<li>Zuzu Codeu<\/li>\n<\/ul>\n\n\n\n<p id=\"mejor-estilo-en-conduccion-femenina-en-programa-diario\">Mejor estilo en conducci\u00f3n femenina en programa diario<\/p>\n\n\n\n<ul id=\"p-1777260005126-10437\" class=\"wp-block-list\">\n<li><strong>Vero Lozano (Cort\u00e1 por Lozano) (ganadora)<\/strong><\/li>\n\n\n\n<li>Yanina Latorre (SQP)<\/li>\n\n\n\n<li>Mariana Fabbiani (DDM)<\/li>\n\n\n\n<li>Flor de la V (Los Profesionales)<\/li>\n<\/ul>\n\n\n\n<p id=\"mejor-estia\">Mejor estia<\/p>\n\n\n\n<ul id=\"p-1777260016328-20557\" class=\"wp-block-list\">\n<li><strong>Mariana Garc\u00eda Navarro \u2013 Nacho Garc\u00eda Rocha (Los Garc\u00eda) (ganadores)<\/strong><\/li>\n\n\n\n<li>Romina Giangreco<\/li>\n\n\n\n<li>Celina Lattanzio (Negra Negra)<\/li>\n<\/ul>\n\n\n\n<p id=\"mejor-peluquero\">Mejor peluquero<\/p>\n\n\n\n<ul id=\"p-1777260016328-59828\" class=\"wp-block-list\">\n<li><strong>Max Jara (ganador)<\/strong><\/li>\n\n\n\n<li>Mauro Max De Brito<\/li>\n\n\n\n<li>Facu D\u00edaz (Niche Studio)<\/li>\n\n\n\n<li>Cristian Rey<\/li>\n<\/ul>\n\n\n\n<p id=\"mejor-estilo-panelista-masculino\">Mejor estilo panelista masculino<\/p>\n\n\n\n<ul id=\"p-1777260016328-9127\" class=\"wp-block-list\">\n<li>Hern\u00e1n Drago (Los 8 Escalones)<\/li>\n\n\n\n<li>Fabi\u00e1n Paz (DDM)<\/li>\n\n\n\n<li><strong>Lizardo Ponce (SQP) (ganador)<\/strong><\/li>\n\n\n\n<li>Gast\u00f3n Trezeguet (Gran Hermano)<\/li>\n<\/ul>\n\n\n\n<p id=\"mejor-estilo-en-conduccion-femenina-en-programa-semanal\">Mejor estilo en conducci\u00f3n femenina en programa semanal<\/p>\n\n\n\n<ul id=\"p-1777260016328-8431\" class=\"wp-block-list\">\n<li>Mirtha Legrand (La noche de Mirtha)<\/li>\n\n\n\n<li><strong>Juana Viale (Almorzando con Juana) (ganadora)<\/strong><\/li>\n\n\n\n<li>Tet\u00e9 Coustarot (Argentina, de pel\u00edcula)<\/li>\n\n\n\n<li>Josefina \u201cChina\u201d Ansa (Lado V)<\/li>\n<\/ul>\n\n\n\n<p id=\"nuevo-talento-de-la-moda\">Nuevo talento de la moda<\/p>\n\n\n\n<ul id=\"p-1777260034538-30689\" class=\"wp-block-list\">\n<li><strong>Valentina Schuchner (ganadora)<\/strong><\/li>\n\n\n\n<li>Luz Ballesteros<\/li>\n\n\n\n<li>Anushka Elliot<\/li>\n<\/ul>\n\n\n\n<p id=\"actriz-con-mejor-estilo-en-ficcion\">Actriz con mejor estilo en ficci\u00f3n<\/p>\n\n\n\n<ul id=\"p-1777260034538-77981\" class=\"wp-block-list\">\n<li>Griselda Siciliani (Envidiosa)<\/li>\n\n\n\n<li>M\u00f3nica Anton\u00f3pulos (Menem)<\/li>\n\n\n\n<li><strong>Julieta Zylberberg (Yiya) (ganadora)<\/strong><\/li>\n\n\n\n<li>B\u00e1rbara Lombardo (Envidiosa)<\/li>\n<\/ul>\n\n\n\n<p id=\"mejor-maquilladora\">Mejor maquillador\/a<\/p>\n\n\n\n<ul id=\"p-1777260034538-51942\" class=\"wp-block-list\">\n<li>Mabby Autino<\/li>\n\n\n\n<li>Vero Luna<\/li>\n\n\n\n<li><strong>Gervasio Larrivey (ganador)<\/strong><\/li>\n<\/ul>\n\n\n\n<p id=\"mejor-estilo-masculino-en-streaming\">Mejor estilo masculino en streaming<\/p>\n\n\n\n<ul id=\"p-1777260034538-41320\" class=\"wp-block-list\">\n<li>Santi Talledo (Telefe \u2013 Luzu)<\/li>\n\n\n\n<li>Grego Rossello (Telefe)<\/li>\n\n\n\n<li><strong>Fer Dente (Olga) (ganador)<\/strong><\/li>\n\n\n\n<li>Nacho Elizalde (Olga)<\/li>\n<\/ul>\n\n\n\n<p id=\"mejor-estilo-femenino-en-big-show\">Mejor estilo femenino en Big Show<\/p>\n\n\n\n<ul id=\"p-1777260047142-25674\" class=\"wp-block-list\">\n<li>Lali Esp\u00f3sito (La Voz Argentina)<\/li>\n\n\n\n<li><strong>Sof\u00eda Gonet (MasterChef Celebrity) (ganadora)<\/strong><\/li>\n\n\n\n<li>Wanda Nara (MasterChef Celebrity)<\/li>\n\n\n\n<li>Carolina \u201cPampita\u201d Ardohain (Los 8 Escalones)<\/li>\n<\/ul>\n\n\n\n<p id=\"mejor-estilo-en-conduccion-masculina\">Mejor estilo en conducci\u00f3n masculina<\/p>\n\n\n\n<ul id=\"p-1777260047142-5344\" class=\"wp-block-list\">\n<li>Mario Pergolini (Otro d\u00eda perdido)<\/li>\n\n\n\n<li><strong>Iv\u00e1n de Pineda (Pasapalabra) (ganador)<\/strong><\/li>\n\n\n\n<li>H\u00e9ctor Maugeri (+Caras)<\/li>\n\n\n\n<li>\u00c1ngel de Brito (LAM)<\/li>\n\n\n\n<li>Mariano I\u00fadica (Pol\u00e9mica en el bar)<\/li>\n<\/ul>\n\n\n\n<p id=\"mejor-disenadora-de-moda-femenina\">Mejor dise\u00f1ador\/a de moda femenina<\/p>\n\n\n\n<ul id=\"p-1777260047143-34675\" class=\"wp-block-list\">\n<li><strong>Evangelina Bomparola (ganadora)<\/strong><\/li>\n\n\n\n<li>Marcelo Senra<\/li>\n\n\n\n<li>Juan Hern\u00e1ndez Daels<\/li>\n<\/ul>\n","protected":false},"excerpt":{"rendered":"<p>Se llev\u00f3 a cabo este domingo&nbsp;una nueva edici\u00f3n de los&nbsp;Premios Mart\u00edn Fierro de la Moda, el tradicional reconocimiento que otorga la&nbsp;Asociaci\u00f3n de Periodistas de la&hellip; <\/p>\n","protected":false},"author":2,"featured_media":39570,"comment_status":"open","ping_status":"open","sticky":false,"template":"","format":"standard","meta":{"footnotes":""},"categories":[13],"tags":[],"class_list":["post-39569","post","type-post","status-publish","format-standard","has-post-thumbnail","hentry","category-nacionales"],"_links":{"self":[{"href":"https:\/\/lametro989.com\/index.php?rest_route=\/wp\/v2\/posts\/39569","targetHints":{"allow":["GET"]}}],"collection":[{"href":"https:\/\/lametro989.com\/index.php?rest_route=\/wp\/v2\/posts"}],"about":[{"href":"https:\/\/lametro989.com\/index.php?rest_route=\/wp\/v2\/types\/post"}],"author":[{"embeddable":true,"href":"https:\/\/lametro989.com\/index.php?rest_route=\/wp\/v2\/users\/2"}],"replies":[{"embeddable":true,"href":"https:\/\/lametro989.com\/index.php?rest_route=%2Fwp%2Fv2%2Fcomments&post=39569"}],"version-history":[{"count":1,"href":"https:\/\/lametro989.com\/index.php?rest_route=\/wp\/v2\/posts\/39569\/revisions"}],"predecessor-version":[{"id":39571,"href":"https:\/\/lametro989.com\/index.php?rest_route=\/wp\/v2\/posts\/39569\/revisions\/39571"}],"wp:featuredmedia":[{"embeddable":true,"href":"https:\/\/lametro989.com\/index.php?rest_route=\/wp\/v2\/media\/39570"}],"wp:attachment":[{"href":"https:\/\/lametro989.com\/index.php?rest_route=%2Fwp%2Fv2%2Fmedia&parent=39569"}],"wp:term":[{"taxonomy":"category","embeddable":true,"href":"https:\/\/lametro989.com\/index.php?rest_route=%2Fwp%2Fv2%2Fcategories&post=39569"},{"taxonomy":"post_tag","embeddable":true,"href":"https:\/\/lametro989.com\/index.php?rest_route=%2Fwp%2Fv2%2Ftags&post=39569"}],"curies":[{"name":"wp","href":"https:\/\/api.w.org\/{rel}","templated":true}]}}