{"id":39578,"date":"2026-04-27T08:47:19","date_gmt":"2026-04-27T11:47:19","guid":{"rendered":"https:\/\/lametro989.com\/?p=39578"},"modified":"2026-04-27T08:47:19","modified_gmt":"2026-04-27T11:47:19","slug":"zdero-se-reunio-con-el-embajador-de-la-union-europea-para-fortalecer-vinculos-comerciales","status":"publish","type":"post","link":"https:\/\/lametro989.com\/?p=39578","title":{"rendered":"Zdero se reuni\u00f3 con el embajador de la Uni\u00f3n Europea para fortalecer v\u00ednculos comerciales"},"content":{"rendered":"\n<p><em>El gobernador del Chaco,\u00a0Leandro Zdero\u00a0, mantuvo en Buenos Aires un encuentro estrat\u00e9gico con el embajador de la\u00a0Uni\u00f3n Europea\u00a0,\u00a0Erik H\u00f8eg\u00a0, en un contexto marcado por la inminente entrada en vigencia del acuerdo entre el bloque europeo y el Mercosur.<\/em><\/p>\n\n\n\n<figure class=\"wp-block-image size-full\"><img loading=\"lazy\" decoding=\"async\" width=\"850\" height=\"672\" src=\"https:\/\/lametro989.com\/wp-content\/uploads\/2026\/04\/image-285.png\" alt=\"\" class=\"wp-image-39579\" srcset=\"https:\/\/lametro989.com\/wp-content\/uploads\/2026\/04\/image-285.png 850w, https:\/\/lametro989.com\/wp-content\/uploads\/2026\/04\/image-285-300x237.png 300w, https:\/\/lametro989.com\/wp-content\/uploads\/2026\/04\/image-285-768x607.png 768w\" sizes=\"auto, (max-width: 850px) 100vw, 850px\" \/><\/figure>\n\n\n\n<p>La reuni\u00f3n, de la que tambi\u00e9n particip\u00f3 el<strong>&nbsp;titular de la Agencia de Inversiones Chaco, Mart\u00edn Poccard,<\/strong>&nbsp;se da a pocos d\u00edas del 1\u00b0 de mayo, fecha en la que comenzar\u00e1 a regir este tratado comercial que promete abrir nuevas oportunidades para las econom\u00edas regionales.<\/p>\n\n\n\n<p>El encuentro forma parte de una&nbsp;<strong>estrategia m\u00e1s amplia del gobierno provincial para fortalecer su presencia internacional<\/strong>, en continuidad con la agenda iniciada durante la visita institucional a Bruselas.<\/p>\n\n\n\n<p>El objetivo es claro: potenciar las exportaciones chaque\u00f1as y consolidar v\u00ednculos con uno de los bloques econ\u00f3micos m\u00e1s importantes del mundo. Infraestructura, exportaciones y financiamiento<\/p>\n\n\n\n<p>Durante la reuni\u00f3n se abordaron ejes considerados clave para el desarrollo del Chaco. Uno de los principales puntos fue el<strong>&nbsp;posicionamiento de la provincia como un nodo log\u00edstico regional dentro del Norte Grande y el Cono Sur,<\/strong>&nbsp;aprovechando su ubicaci\u00f3n estrat\u00e9gica para el comercio exterior.<\/p>\n\n\n\n<p>Adem\u00e1s, se plante\u00f3 la necesidad de<strong>&nbsp;impulsar exportaciones con valor agregado,<\/strong>&nbsp;promoviendo el crecimiento de las industrias locales y trabajando en la eliminaci\u00f3n de barreras comerciales para los productos chaque\u00f1os.<\/p>\n\n\n\n<figure class=\"wp-block-image\"><img decoding=\"async\" src=\"https:\/\/www.libertaddigital.com.ar\/content\/bucket\/4\/68914w790h1053c.jpg.webp\" alt=\"\"\/><\/figure>\n\n\n\n<p><a href=\"https:\/\/www.libertaddigital.com.ar\/61425-zdero-se-reunio-con-el-embajador-de-la-union-europea-para-fortalecer-vinculos-comerciales#\"><\/a><a href=\"https:\/\/www.libertaddigital.com.ar\/61425-zdero-se-reunio-con-el-embajador-de-la-union-europea-para-fortalecer-vinculos-comerciales#\"><\/a><\/p>\n\n\n\n<p>Otro aspecto central fue la b\u00fasqueda de cooperaci\u00f3n internacional, con foco en asistencia t\u00e9cnica y acceso a financiamiento para sectores productivos estrat\u00e9gicos.<\/p>\n\n\n\n<p>En ese marco, Zdero extendi\u00f3 una invitaci\u00f3n formal al embajador europeo para visitar la provincia. La iniciativa apunta a profundizar el v\u00ednculo institucional, generar encuentros con el sector empresarial local y mostrar el potencial productivo y cultural del Chaco.&nbsp;<\/p>\n","protected":false},"excerpt":{"rendered":"<p>El gobernador del Chaco,\u00a0Leandro Zdero\u00a0, mantuvo en Buenos Aires un encuentro estrat\u00e9gico con el embajador de la\u00a0Uni\u00f3n Europea\u00a0,\u00a0Erik H\u00f8eg\u00a0, en un contexto marcado por la&hellip; <\/p>\n","protected":false},"author":2,"featured_media":39579,"comment_status":"open","ping_status":"open","sticky":false,"template":"","format":"standard","meta":{"footnotes":""},"categories":[2],"tags":[],"class_list":["post-39578","post","type-post","status-publish","format-standard","has-post-thumbnail","hentry","category-provinciales"],"_links":{"self":[{"href":"https:\/\/lametro989.com\/index.php?rest_route=\/wp\/v2\/posts\/39578","targetHints":{"allow":["GET"]}}],"collection":[{"href":"https:\/\/lametro989.com\/index.php?rest_route=\/wp\/v2\/posts"}],"about":[{"href":"https:\/\/lametro989.com\/index.php?rest_route=\/wp\/v2\/types\/post"}],"author":[{"embeddable":true,"href":"https:\/\/lametro989.com\/index.php?rest_route=\/wp\/v2\/users\/2"}],"replies":[{"embeddable":true,"href":"https:\/\/lametro989.com\/index.php?rest_route=%2Fwp%2Fv2%2Fcomments&post=39578"}],"version-history":[{"count":1,"href":"https:\/\/lametro989.com\/index.php?rest_route=\/wp\/v2\/posts\/39578\/revisions"}],"predecessor-version":[{"id":39580,"href":"https:\/\/lametro989.com\/index.php?rest_route=\/wp\/v2\/posts\/39578\/revisions\/39580"}],"wp:featuredmedia":[{"embeddable":true,"href":"https:\/\/lametro989.com\/index.php?rest_route=\/wp\/v2\/media\/39579"}],"wp:attachment":[{"href":"https:\/\/lametro989.com\/index.php?rest_route=%2Fwp%2Fv2%2Fmedia&parent=39578"}],"wp:term":[{"taxonomy":"category","embeddable":true,"href":"https:\/\/lametro989.com\/index.php?rest_route=%2Fwp%2Fv2%2Fcategories&post=39578"},{"taxonomy":"post_tag","embeddable":true,"href":"https:\/\/lametro989.com\/index.php?rest_route=%2Fwp%2Fv2%2Ftags&post=39578"}],"curies":[{"name":"wp","href":"https:\/\/api.w.org\/{rel}","templated":true}]}}