{"id":39581,"date":"2026-04-27T08:48:52","date_gmt":"2026-04-27T11:48:52","guid":{"rendered":"https:\/\/lametro989.com\/?p=39581"},"modified":"2026-04-27T08:48:52","modified_gmt":"2026-04-27T11:48:52","slug":"pampa-del-indio-dos-adolescentes-amenazaron-con-un-tiroteo-y-encontraron-tumberas-en-sus-viviendas","status":"publish","type":"post","link":"https:\/\/lametro989.com\/?p=39581","title":{"rendered":"PAMPA DEL INDIO: Dos adolescentes amenazaron con un tiroteo y encontraron &#8220;tumberas&#8221; en sus viviendas"},"content":{"rendered":"\n<p><em>La investigaci\u00f3n se inici\u00f3 a partir de la denuncia de las autoridades del establecimiento, luego de detectar publicaciones en la red social\u00a0Instagram\u00a0\u00a0en las que se hac\u00eda referencia a armas de fuego y posibles ataques.<\/em><\/p>\n\n\n\n<figure class=\"wp-block-image size-full\"><img loading=\"lazy\" decoding=\"async\" width=\"850\" height=\"754\" src=\"https:\/\/lametro989.com\/wp-content\/uploads\/2026\/04\/image-286.png\" alt=\"\" class=\"wp-image-39582\" srcset=\"https:\/\/lametro989.com\/wp-content\/uploads\/2026\/04\/image-286.png 850w, https:\/\/lametro989.com\/wp-content\/uploads\/2026\/04\/image-286-300x266.png 300w, https:\/\/lametro989.com\/wp-content\/uploads\/2026\/04\/image-286-768x681.png 768w\" sizes=\"auto, (max-width: 850px) 100vw, 850px\" \/><\/figure>\n\n\n\n<p>Un operativo policial permiti\u00f3 esclarecer una causa por&nbsp;<strong>amenazas escolares en Pampa del Indio,<\/strong>&nbsp;donde&nbsp;<strong>dos adolescentes de 17 a\u00f1os fueron identificados tras difundir mensajes sobre un posible tiroteo en la E.E.S. N\u00b0 78 Coronel E. B. Rostagno.<\/strong><\/p>\n\n\n\n<p>Tras el trabajo del&nbsp;<strong>Departamento de Cibercrimen,<\/strong>&nbsp;que logr\u00f3 rastrear las cuentas involucradas, se identific\u00f3 a los dos menores y se avanz\u00f3 con allanamientos en viviendas del barrio Santa Teresita.<\/p>\n\n\n\n<p>En uno de los domicilios, los efectivos secuestraron&nbsp;<strong>dos armas de fabricaci\u00f3n casera<\/strong>&nbsp;(&#8220;tumberas&#8221;), adem\u00e1s de&nbsp;<strong>cartuchos calibres 28 y 32. Tambi\u00e9n encontraron una motocicleta 110cc con irregularidades: n\u00famero de chasis limado y motor correspondiente a otro veh\u00edculo.<\/strong><\/p>\n\n\n\n<p>En la segunda vivienda, donde reside la otra menor involucrada, se hallaron cartuchos calibre 38.<\/p>\n\n\n\n<h2 class=\"wp-block-heading\">Peritajes y avance de la causa<\/h2>\n\n\n\n<p>Durante el procedimiento tambi\u00e9n&nbsp;<strong>se incautaron tres tel\u00e9fonos celulares,<\/strong>&nbsp;que ser\u00e1n analizados por el Gabinete Cient\u00edfico para determinar el origen y alcance de las amenazas difundidas.<\/p>\n\n\n\n<p>Debido a la edad de los implicados, interviene el Juzgado de Ni\u00f1ez, Adolescencia y Familia, que dispuso que ambos permanezcan bajo la guarda de sus padres mientras avanza la investigaci\u00f3n.<\/p>\n\n\n\n<p>La causa fue caratulada como &#8220;Supuesta Intimidaci\u00f3n P\u00fablica, Incitaci\u00f3n a la Violencia Colectiva y Tenencia de Arma de Guerra&#8221;.<\/p>\n","protected":false},"excerpt":{"rendered":"<p>La investigaci\u00f3n se inici\u00f3 a partir de la denuncia de las autoridades del establecimiento, luego de detectar publicaciones en la red social\u00a0Instagram\u00a0\u00a0en las que se&hellip; <\/p>\n","protected":false},"author":2,"featured_media":39582,"comment_status":"open","ping_status":"open","sticky":false,"template":"","format":"standard","meta":{"footnotes":""},"categories":[9,2],"tags":[],"class_list":["post-39581","post","type-post","status-publish","format-standard","has-post-thumbnail","hentry","category-destacadas","category-provinciales"],"_links":{"self":[{"href":"https:\/\/lametro989.com\/index.php?rest_route=\/wp\/v2\/posts\/39581","targetHints":{"allow":["GET"]}}],"collection":[{"href":"https:\/\/lametro989.com\/index.php?rest_route=\/wp\/v2\/posts"}],"about":[{"href":"https:\/\/lametro989.com\/index.php?rest_route=\/wp\/v2\/types\/post"}],"author":[{"embeddable":true,"href":"https:\/\/lametro989.com\/index.php?rest_route=\/wp\/v2\/users\/2"}],"replies":[{"embeddable":true,"href":"https:\/\/lametro989.com\/index.php?rest_route=%2Fwp%2Fv2%2Fcomments&post=39581"}],"version-history":[{"count":1,"href":"https:\/\/lametro989.com\/index.php?rest_route=\/wp\/v2\/posts\/39581\/revisions"}],"predecessor-version":[{"id":39583,"href":"https:\/\/lametro989.com\/index.php?rest_route=\/wp\/v2\/posts\/39581\/revisions\/39583"}],"wp:featuredmedia":[{"embeddable":true,"href":"https:\/\/lametro989.com\/index.php?rest_route=\/wp\/v2\/media\/39582"}],"wp:attachment":[{"href":"https:\/\/lametro989.com\/index.php?rest_route=%2Fwp%2Fv2%2Fmedia&parent=39581"}],"wp:term":[{"taxonomy":"category","embeddable":true,"href":"https:\/\/lametro989.com\/index.php?rest_route=%2Fwp%2Fv2%2Fcategories&post=39581"},{"taxonomy":"post_tag","embeddable":true,"href":"https:\/\/lametro989.com\/index.php?rest_route=%2Fwp%2Fv2%2Ftags&post=39581"}],"curies":[{"name":"wp","href":"https:\/\/api.w.org\/{rel}","templated":true}]}}