{"id":39588,"date":"2026-04-28T07:05:28","date_gmt":"2026-04-28T10:05:28","guid":{"rendered":"https:\/\/lametro989.com\/?p=39588"},"modified":"2026-04-28T07:05:28","modified_gmt":"2026-04-28T10:05:28","slug":"se-derrumba-la-confianza-en-el-gobierno-abril-registro-el-nivel-de-aprobacion-mas-bajo-de-la-gestion","status":"publish","type":"post","link":"https:\/\/lametro989.com\/?p=39588","title":{"rendered":"Se derrumba la confianza en el Gobierno: abril registr\u00f3 el nivel de aprobaci\u00f3n m\u00e1s bajo de la gesti\u00f3n"},"content":{"rendered":"\n<p>El informe registr\u00f3 la cuarta ca\u00edda consecutiva, pero con su punto m\u00e1s bajo desde la asunci\u00f3n de Javier Milei en la Presidencia.<\/p>\n\n\n\n<figure class=\"wp-block-image size-full\"><img loading=\"lazy\" decoding=\"async\" width=\"610\" height=\"381\" src=\"https:\/\/lametro989.com\/wp-content\/uploads\/2026\/04\/image-288.png\" alt=\"\" class=\"wp-image-39589\" srcset=\"https:\/\/lametro989.com\/wp-content\/uploads\/2026\/04\/image-288.png 610w, https:\/\/lametro989.com\/wp-content\/uploads\/2026\/04\/image-288-300x187.png 300w\" sizes=\"auto, (max-width: 610px) 100vw, 610px\" \/><\/figure>\n\n\n\n<p id=\"p-1777345972115-79680\">El&nbsp;<strong>\u00cdndice de Confianza en el Gobierno (ICG)<\/strong>, elaborado por la&nbsp;<strong>Universidad Torcuato Di Tella<\/strong>, encendi\u00f3 las alarmas en el Gobierno de&nbsp;<strong><a href=\"https:\/\/www.minutouno.com\/politica\/con-un-discurso-repetido-javier-milei-nego-la-crisis-del-salario-y-el-empleo-lo-peor-ya-paso-n6271514\" target=\"_blank\" rel=\"noreferrer noopener\">Javier Milei<\/a><\/strong>&nbsp;tras registrar en abril de 2026 su&nbsp;<strong>ca\u00edda m\u00e1s pronunciada<\/strong>&nbsp;en lo que va del a\u00f1o, y la cuarta consecutiva.<\/p>\n\n\n\n<p id=\"p-1777346739825-31295\">Con un retroceso del\u00a0<strong>12,1%<\/strong>\u00a0respecto a marzo, el indicador se ubic\u00f3 en\u00a0<strong>2,02 puntos<\/strong>, marcando\u00a0<a href=\"https:\/\/www.minutouno.com\/politica\/se-desploma-javier-milei-las-encuestas-cae-su-imagen-y-6-cada-10-argentinos-no-lo-votarian-2027-n6270334\" target=\"_blank\" rel=\"noreferrer noopener\">el nivel de aprobaci\u00f3n m\u00e1s bajo desde que Milei<\/a>\u00a0asumi\u00f3 la Presidencia. A pesar de la tendencia negativa \u2014acumula cuatro meses de bajas consecutivas\u2014, el Gobierno a\u00fan mantiene un margen de ventaja respecto a gestiones anteriores:<\/p>\n\n\n\n<ul id=\"p-1777346857852-49087\" class=\"wp-block-list\">\n<li><strong>Vs. Alberto Fern\u00e1ndez:<\/strong>\u00a0La confianza actual es un\u00a0<strong>40,9% superior<\/strong>\u00a0a la registrada en abril de 2022 (1,44 puntos).<\/li>\n\n\n\n<li><strong>Vs. Mauricio Macri:<\/strong>\u00a0El \u00edndice se encuentra apenas un\u00a0<strong>2,1% por debajo<\/strong>\u00a0del valor de abril de 2018 (2,07 puntos).<\/li>\n<\/ul>\n\n\n\n<h2 class=\"wp-block-heading\" id=\"p-1777346875691-79978\"><\/h2>\n\n\n\n<h2 class=\"wp-block-heading\" id=\"p-1777345972115-76362\">Radiograf\u00eda del desplome de la confianza en el Gobierno de Javier Milei<\/h2>\n\n\n\n<p id=\"p-1777345972115-57348\">El informe, basado en datos de Poliarqu\u00eda Consultores, muestra que los cinco pilares que componen el \u00edndice sufrieron deterioros significativos:<\/p>\n\n\n\n<ul id=\"p-1777346888585-33062\" class=\"wp-block-list\">\n<li><strong>Eficiencia:<\/strong>\u00a0Fue el rubro que m\u00e1s sufri\u00f3, con un desplome del\u00a0<strong>21,4%<\/strong>.<\/li>\n\n\n\n<li><strong>Evaluaci\u00f3n General:<\/strong>\u00a0Cay\u00f3 un\u00a0<strong>17,2%<\/strong>, reflejando un desgaste en la percepci\u00f3n del rumbo del pa\u00eds.<\/li>\n\n\n\n<li><strong>Honestidad:<\/strong>\u00a0Sigue siendo el atributo mejor valorado (2,50 puntos), aunque tambi\u00e9n retrocedi\u00f3 un\u00a0<strong>8,4%<\/strong>.<\/li>\n<\/ul>\n\n\n\n<p id=\"p-1777345972115-41980\">El descontento no golpe\u00f3 a todos los sectores por igual, dejando al descubierto cambios en la base de apoyo oficialista:<\/p>\n\n\n\n<ul id=\"p-1777346898988-16146\" class=\"wp-block-list\">\n<li><strong>Edad:<\/strong>\u00a0El segmento de\u00a0<strong>30 a 49 a\u00f1os<\/strong>\u00a0fue el que m\u00e1s confianza perdi\u00f3 (-16,7%). En contraste, los j\u00f3venes de\u00a0<strong>18 a 29 a\u00f1os<\/strong>\u00a0son los \u00fanicos que mostraron una leve mejora (+2,3%), manteni\u00e9ndose como el n\u00facleo m\u00e1s fiel.<\/li>\n\n\n\n<li><strong>Geograf\u00eda:<\/strong>\u00a0El\u00a0<strong>Gran Buenos Aires (GBA)<\/strong>\u00a0registra el nivel de confianza m\u00e1s cr\u00edtico (1,67 puntos), mientras que el interior del pa\u00eds, aunque cay\u00f3, sigue siendo el principal sost\u00e9n del \u00edndice.<\/li>\n\n\n\n<li><strong>Educaci\u00f3n:<\/strong>\u00a0Los sectores con educaci\u00f3n secundaria completa mostraron la ca\u00edda m\u00e1s fuerte del mes, con un retroceso cercano al\u00a0<strong>19%<\/strong>.<\/li>\n<\/ul>\n\n\n\n<p id=\"p-1777345972116-61870\">El ICG revela una polarizaci\u00f3n extrema basada en la visi\u00f3n a futuro. Mientras que los optimistas (quienes creen que la econom\u00eda mejorar\u00e1) mantienen una confianza de&nbsp;<strong>4,03 puntos<\/strong>, aquellos que esperan un empeoramiento muestran un rechazo casi total, con un \u00edndice de apenas&nbsp;<strong>0,51 puntos<\/strong>.<\/p>\n\n\n\n<p id=\"p-1777346739825-31295\">Este escenario plantea un desaf\u00edo para la Casa Rosada: frenar la erosi\u00f3n de la confianza en un contexto donde la percepci\u00f3n de&nbsp;<strong>eficiencia y gesti\u00f3n directa<\/strong>&nbsp;parece ser el flanco m\u00e1s d\u00e9bil de la administraci\u00f3n libertaria.<\/p>\n","protected":false},"excerpt":{"rendered":"<p>El informe registr\u00f3 la cuarta ca\u00edda consecutiva, pero con su punto m\u00e1s bajo desde la asunci\u00f3n de Javier Milei en la Presidencia. El&nbsp;\u00cdndice de Confianza&hellip; <\/p>\n","protected":false},"author":2,"featured_media":39589,"comment_status":"open","ping_status":"open","sticky":false,"template":"","format":"standard","meta":{"footnotes":""},"categories":[9,5],"tags":[],"class_list":["post-39588","post","type-post","status-publish","format-standard","has-post-thumbnail","hentry","category-destacadas","category-politica"],"_links":{"self":[{"href":"https:\/\/lametro989.com\/index.php?rest_route=\/wp\/v2\/posts\/39588","targetHints":{"allow":["GET"]}}],"collection":[{"href":"https:\/\/lametro989.com\/index.php?rest_route=\/wp\/v2\/posts"}],"about":[{"href":"https:\/\/lametro989.com\/index.php?rest_route=\/wp\/v2\/types\/post"}],"author":[{"embeddable":true,"href":"https:\/\/lametro989.com\/index.php?rest_route=\/wp\/v2\/users\/2"}],"replies":[{"embeddable":true,"href":"https:\/\/lametro989.com\/index.php?rest_route=%2Fwp%2Fv2%2Fcomments&post=39588"}],"version-history":[{"count":1,"href":"https:\/\/lametro989.com\/index.php?rest_route=\/wp\/v2\/posts\/39588\/revisions"}],"predecessor-version":[{"id":39590,"href":"https:\/\/lametro989.com\/index.php?rest_route=\/wp\/v2\/posts\/39588\/revisions\/39590"}],"wp:featuredmedia":[{"embeddable":true,"href":"https:\/\/lametro989.com\/index.php?rest_route=\/wp\/v2\/media\/39589"}],"wp:attachment":[{"href":"https:\/\/lametro989.com\/index.php?rest_route=%2Fwp%2Fv2%2Fmedia&parent=39588"}],"wp:term":[{"taxonomy":"category","embeddable":true,"href":"https:\/\/lametro989.com\/index.php?rest_route=%2Fwp%2Fv2%2Fcategories&post=39588"},{"taxonomy":"post_tag","embeddable":true,"href":"https:\/\/lametro989.com\/index.php?rest_route=%2Fwp%2Fv2%2Ftags&post=39588"}],"curies":[{"name":"wp","href":"https:\/\/api.w.org\/{rel}","templated":true}]}}