{"id":39591,"date":"2026-04-28T07:09:29","date_gmt":"2026-04-28T10:09:29","guid":{"rendered":"https:\/\/lametro989.com\/?p=39591"},"modified":"2026-04-28T07:09:29","modified_gmt":"2026-04-28T10:09:29","slug":"causa-andis-comienza-una-nueva-tanda-de-indagatorias-y-35-imputados-desfilaran-por-comodoro-py","status":"publish","type":"post","link":"https:\/\/lametro989.com\/?p=39591","title":{"rendered":"Causa ANDIS: comienza una nueva tanda de indagatorias y 35 imputados desfilar\u00e1n por Comodoro Py"},"content":{"rendered":"\n<p>Es un segundo tramo del caso de corrupci\u00f3n con los fondos p\u00fablicos destinados para las personas con discapacidad. Este martes debe presentarse Diego Spagnuolo, ex titular del organismo<\/p>\n\n\n\n<figure class=\"wp-block-image size-full\"><img loading=\"lazy\" decoding=\"async\" width=\"992\" height=\"744\" src=\"https:\/\/lametro989.com\/wp-content\/uploads\/2026\/04\/image-289.png\" alt=\"\" class=\"wp-image-39592\" srcset=\"https:\/\/lametro989.com\/wp-content\/uploads\/2026\/04\/image-289.png 992w, https:\/\/lametro989.com\/wp-content\/uploads\/2026\/04\/image-289-300x225.png 300w, https:\/\/lametro989.com\/wp-content\/uploads\/2026\/04\/image-289-768x576.png 768w\" sizes=\"auto, (max-width: 992px) 100vw, 992px\" \/><\/figure>\n\n\n\n<p>Desde este martes y hasta fines de mayo, 35 imputados en la\u00a0<a href=\"https:\/\/www.infobae.com\/judiciales\/2026\/04\/15\/causa-andis-volvieron-a-llamar-a-indagatoria-a-diego-spagnuolo-funcionarios-y-empresarios\/\" target=\"_blank\" rel=\"noreferrer noopener\"><strong>causa ANDIS<\/strong><\/a>desfilar\u00e1n por los tribunales federales de Comodoro Py en lo que ser\u00e1 la segunda tanda de indagatorias ordenada por la Justicia en el marco del primer caso de corrupci\u00f3n en el gobierno de\u00a0<strong>Javier Milei<\/strong>. El juez federal\u00a0<strong>Ariel Lijo\u00a0<\/strong>y el fiscal\u00a0<strong>Franco Picardi\u00a0<\/strong>comenzar\u00e1n el martes con\u00a0<strong>Diego Spagnuolo<\/strong>, a quien llamaron para ampliar su declaraci\u00f3n. El exdirector de la Agencia Nacional de Discapacidad\u00a0<strong>ya est\u00e1 procesado<\/strong>\u00a0-al igual que varios presuntos c\u00f3mplices-, decisi\u00f3n que se encuentra bajo revisi\u00f3n de la C\u00e1mara Federal porte\u00f1a. Una vez que concluya Spagnuolo, ser\u00e1 el turno de\u00a0<strong>Daniel Mar\u00eda Garbellini<\/strong>, quien fue su segundo al frente del organismo. A pedido del fiscal Picardi y su par de la Procuradur\u00eda de Investigaciones Administrativas (PIA),\u00a0<strong>Sergio Rodr\u00edguez<\/strong>, el juez orden\u00f3 la ampliaci\u00f3n de las indagatorias de Spagnuolo, Garbellini, el lobista\u00a0<strong>Miguel \u00c1ngel Calvete<\/strong>,\u00a0<strong>Andr\u00e9s Horacio Arnaudo<\/strong>\u00a0y\u00a0<strong>Federico Maximiliano Santich<\/strong>. Estos \u00faltimos tres son empresarios que ten\u00edan injerencia en la ANDIS. Adem\u00e1s, se cit\u00f3 a declarar a nuevos sospechosos:\u00a0<strong>Emilio Olgu\u00edn<\/strong>,\u00a0<strong>Evangelina Garc\u00eda<\/strong>,\u00a0<strong>Claudio Kahn<\/strong>,\u00a0<strong>Gerardo Angarami<\/strong>,\u00a0<strong>Oscar Capello<\/strong>,\u00a0<strong>Guido Capello<\/strong>,\u00a0<strong>Pablo Rivero<\/strong>,\u00a0<strong>Martim Armella<\/strong>,\u00a0<strong>Hern\u00e1n Rasmussen<\/strong>,\u00a0<strong>M\u00e1ximo Perdiechizi<\/strong>,\u00a0<strong>Osmar Caballi<\/strong>,\u00a0<strong>Mariano Sagu\u00e9s<\/strong>,\u00a0<strong>Christian Sagu\u00e9s<\/strong>,\u00a0<strong>Vicente Sagu\u00e9s<\/strong>,\u00a0<strong>Lucas Sagu\u00e9s<\/strong>,\u00a0<strong>Humberto Maone<\/strong>,\u00a0<strong>Javier Bernat<\/strong>,\u00a0<strong>Fernando Bernat<\/strong>,\u00a0<strong>Gustavo Bernat<\/strong>,\u00a0<strong>Vicente V\u00e1zquez<\/strong>,\u00a0<strong>Nicol\u00e1s Luna<\/strong>,\u00a0<strong>Fabi\u00e1n Piedimonte<\/strong>,\u00a0<strong>Lautaro Britez<\/strong>,\u00a0<strong>Diego Miras Acosta<\/strong>,\u00a0<strong>Fabi\u00e1n Parlakian<\/strong>,\u00a0<strong>Mat\u00edas Palotti Bertola<\/strong>,\u00a0<strong>Patricio Denholm<\/strong>,\u00a0<strong>Alan Poccovi<\/strong>,\u00a0<strong>Sergio Daniel Mastropietro\u00a0<\/strong>y\u00a0<strong>Patricio Oscar Acosta<\/strong>. La acusaci\u00f3n principal es haber formado parte de una\u00a0<strong>asociaci\u00f3n il\u00edcita\u00a0<\/strong>dedicada a cometer il\u00edcitos en detrimento de la administraci\u00f3n p\u00fablica. Esto se logr\u00f3 mediante la<strong>\u00a0manipulaci\u00f3n de procesos de contrataci\u00f3n p\u00fablica para la provisi\u00f3n de medicamentos e insumos PACBI\u00a0<\/strong>del Programa Federal Incluir Salud, seg\u00fan dictamin\u00f3 el fiscal Picardi junto a la PIA. Se habr\u00eda simulado la competencia entre oferentes y se direccionaron adjudicaciones a empresas previamente seleccionadas, lo que result\u00f3 en beneficios econ\u00f3micos ilegales y la entrega de d\u00e1divas a funcionarios.  Las contrataciones fraudulentas se vincularon con la adquisici\u00f3n de medicamentos e insumos de alto costo y baja incidencia en diversas categor\u00edas, como&nbsp;<strong>amputaciones, aud\u00edfonos, cardiolog\u00eda, implantes auditivos, neurolog\u00eda, sillas\/andadores y traumatolog\u00eda<\/strong>.<\/p>\n\n\n\n<p>Estos productos se caracterizan por su elevado costo o por requerir tratamientos prolongados, como cirug\u00edas de alta complejidad o medicamentos biol\u00f3gicos para enfermedades raras y cr\u00f3nicas. La provisi\u00f3n de estas prestaciones estaba a cargo del Programa Incluir Salud de la ANDIS y<strong>\u00a0estaba destinada a beneficiarios de pensiones no contributivas sin otra cobertura de salud, especialmente a personas con discapacidad o en situaci\u00f3n de vulnerabilidad.<\/strong> Seg\u00fan los fiscales, la organizaci\u00f3n utiliz\u00f3 un sistema irregular de contrataci\u00f3n que contraven\u00eda la normativa vigente, permitiendo el direccionamiento de los procesos de compra, la cartelizaci\u00f3n, la discrecionalidad en la distribuci\u00f3n de pagos y la violaci\u00f3n de principios legales como la publicidad, la transparencia y la concurrencia de oferentes.<\/p>\n\n\n\n<p>Un elemento clave en la maniobra fue el uso direccionado del<strong>\u00a0Sistema Integrado de Informaci\u00f3n y Administraci\u00f3n de Prestaciones<\/strong>\u00a0(SIIPFIS), implementado en la ANDIS en junio de 2024. A trav\u00e9s de este sistema, se canalizaron las\u00a0<strong>compulsas de precios<\/strong>\u00a0de medicamentos e insumos PACBI, manipulando las contrataciones en beneficio de\u00a0<strong>droguer\u00edas y firmas proveedoras \u201camigas\u201d<\/strong>, vinculadas a los miembros de la organizaci\u00f3n, lo que les permiti\u00f3 obtener sumas millonarias. Para tomar como ejemplo, en el rubro de medicamentos se implement\u00f3 un sistema de compulsas de precios \u201cespecial\u201d al que solo fueron invitadas un grupo reducido de firmas:&nbsp;<strong>Profarma SA, G\u00e9nesis SA, Floresta SA y New Farma SA.<\/strong><\/p>\n\n\n\n<p>Dos de estas empresas habr\u00edan actuado como competidores simulados, distribuy\u00e9ndose de antemano las asignaciones y simulando una competencia inexistente. Esto llev\u00f3 a la obtenci\u00f3n de 21 licitaciones \u201cacotadas\u201d por un total de<strong>\u00a0$30.337.220.919,77<\/strong>, principalmente adjudicadas a Profarma S.A. y G\u00e9nesis S.A., que recibieron el 93,11% de estos procesos entre julio de 2024 y agosto de 2025. En el rubro de implantes cocleares, aud\u00edfonos e insumos relacionados, New Farma S.A. y Floresta S.A. obtuvieron el 51,67% de los&nbsp;<strong>$13.328.004.541<\/strong>&nbsp;adjudicados en 2025 (hasta agosto) y el 50,36% de los&nbsp;<strong>$5.117.817.946<\/strong>&nbsp;adjudicados entre septiembre y diciembre de 2024, sumando un total de $9.514.743.020, seg\u00fan consta en la causa.<\/p>\n\n\n\n<p>La maniobra descripta por la acusaci\u00f3n se complet\u00f3 con\u00a0<strong>coimas a funcionarios de ANDIS\u00a0<\/strong>a cambio de permitir las contrataciones en favor de intereses particulares y la garant\u00eda de agilidad y prioridad en los cobros. Diego Spagnuolo, como m\u00e1xima autoridad de la ANDIS y exabogado del presidente Milei, habr\u00eda ocupado una posici\u00f3n jer\u00e1rquica esencial para el funcionamiento del esquema, generando las condiciones estructurales para el direccionamiento de contrataciones a cambio de retornos.<\/p>\n\n\n\n<p>Daniel Mar\u00eda Garbellini, cuyo cargo era el de director de Acceso a los Servicios de Salud y administraba el Programa Incluir Salud, habr\u00eda desempe\u00f1ado un rol clave en la instrumentaci\u00f3n del esquema, interviniendo en la selecci\u00f3n de proveedores y la coordinaci\u00f3n de compulsas. Miguel \u00c1ngel Calvete, el lobista que hac\u00eda de puente entre la ANDIS y el sector privado, habr\u00eda articulado las adjudicaciones y se benefici\u00f3 de los retornos, impartiendo \u00f3rdenes directas y gestionando pagos. Deber\u00e1 presentarse a ampliar su indagatoria el mi\u00e9rcoles por la ma\u00f1ana.<\/p>\n\n\n\n<p>Para asegurar la eventual recuperaci\u00f3n de activos y evitar el desprendimiento de bienes que podr\u00edan ser objeto de decomiso, el juez Ariel Lijo orden\u00f3 la<strong>&nbsp;inhibici\u00f3n general de bienes&nbsp;<\/strong>sobre todas las personas y empresas involucradas.<\/p>\n","protected":false},"excerpt":{"rendered":"<p>Es un segundo tramo del caso de corrupci\u00f3n con los fondos p\u00fablicos destinados para las personas con discapacidad. Este martes debe presentarse Diego Spagnuolo, ex&hellip; <\/p>\n","protected":false},"author":2,"featured_media":39592,"comment_status":"open","ping_status":"open","sticky":false,"template":"","format":"standard","meta":{"footnotes":""},"categories":[9,5],"tags":[],"class_list":["post-39591","post","type-post","status-publish","format-standard","has-post-thumbnail","hentry","category-destacadas","category-politica"],"_links":{"self":[{"href":"https:\/\/lametro989.com\/index.php?rest_route=\/wp\/v2\/posts\/39591","targetHints":{"allow":["GET"]}}],"collection":[{"href":"https:\/\/lametro989.com\/index.php?rest_route=\/wp\/v2\/posts"}],"about":[{"href":"https:\/\/lametro989.com\/index.php?rest_route=\/wp\/v2\/types\/post"}],"author":[{"embeddable":true,"href":"https:\/\/lametro989.com\/index.php?rest_route=\/wp\/v2\/users\/2"}],"replies":[{"embeddable":true,"href":"https:\/\/lametro989.com\/index.php?rest_route=%2Fwp%2Fv2%2Fcomments&post=39591"}],"version-history":[{"count":1,"href":"https:\/\/lametro989.com\/index.php?rest_route=\/wp\/v2\/posts\/39591\/revisions"}],"predecessor-version":[{"id":39593,"href":"https:\/\/lametro989.com\/index.php?rest_route=\/wp\/v2\/posts\/39591\/revisions\/39593"}],"wp:featuredmedia":[{"embeddable":true,"href":"https:\/\/lametro989.com\/index.php?rest_route=\/wp\/v2\/media\/39592"}],"wp:attachment":[{"href":"https:\/\/lametro989.com\/index.php?rest_route=%2Fwp%2Fv2%2Fmedia&parent=39591"}],"wp:term":[{"taxonomy":"category","embeddable":true,"href":"https:\/\/lametro989.com\/index.php?rest_route=%2Fwp%2Fv2%2Fcategories&post=39591"},{"taxonomy":"post_tag","embeddable":true,"href":"https:\/\/lametro989.com\/index.php?rest_route=%2Fwp%2Fv2%2Ftags&post=39591"}],"curies":[{"name":"wp","href":"https:\/\/api.w.org\/{rel}","templated":true}]}}