{"id":39598,"date":"2026-04-28T07:15:23","date_gmt":"2026-04-28T10:15:23","guid":{"rendered":"https:\/\/lametro989.com\/?p=39598"},"modified":"2026-04-28T07:15:23","modified_gmt":"2026-04-28T10:15:23","slug":"dybala-y-el-guino-que-alimenta-la-ilusion-en-boca-estaria-bueno-nunca-se-sabe","status":"publish","type":"post","link":"https:\/\/lametro989.com\/?p=39598","title":{"rendered":"Dybala y el gui\u00f1o que alimenta la ilusi\u00f3n en Boca: &#8220;Estar\u00eda bueno, nunca se sabe&#8221;"},"content":{"rendered":"\n<p>Lejos de cerrar la puerta, el delantero de la Roma se refiri\u00f3 a los constantes mensajes de Leandro Paredes para convencerlo de vestir la azul y oro.<\/p>\n\n\n\n<figure class=\"wp-block-image size-large\"><img loading=\"lazy\" decoding=\"async\" width=\"1024\" height=\"683\" src=\"https:\/\/lametro989.com\/wp-content\/uploads\/2026\/04\/image-292-1024x683.png\" alt=\"\" class=\"wp-image-39599\" srcset=\"https:\/\/lametro989.com\/wp-content\/uploads\/2026\/04\/image-292-1024x683.png 1024w, https:\/\/lametro989.com\/wp-content\/uploads\/2026\/04\/image-292-300x200.png 300w, https:\/\/lametro989.com\/wp-content\/uploads\/2026\/04\/image-292-768x512.png 768w, https:\/\/lametro989.com\/wp-content\/uploads\/2026\/04\/image-292.png 1349w\" sizes=\"auto, (max-width: 1024px) 100vw, 1024px\" \/><\/figure>\n\n\n\n<p><a href=\"https:\/\/www.elgrafico.com.ar\/etiqueta\/paulo%20dybala\">Lo que para muchos es una novela repetida de cada libro de pases, para\u00a0<strong>Paulo Dybala<\/strong>\u00a0es parte de su d\u00eda a d\u00eda.<\/a>\u00a0El delantero cordob\u00e9s volvi\u00f3 a referirse a los rumores que lo vinculan con\u00a0<strong>Boca Juniors<\/strong>\u00a0y, aunque se mantiene enfocado en su presente en Italia, dej\u00f3 frases que alimentan el deseo del hincha xeneize de cara al futuro. El factor determinante en esta historia tiene nombre y apellido:&nbsp;<strong>Leandro Paredes<\/strong>. La relaci\u00f3n entre ambos trasciende la Selecci\u00f3n y se traduce en una presi\u00f3n constante para que el reencuentro se d\u00e9 en la Bombonera.&nbsp;<strong>\u201cObvio, me llegan los rumores. Me llegan mensajes de Lea y de Cami, su mujer, porque tiene relaci\u00f3n con Oriana\u201d<\/strong>, confes\u00f3 la Joya, dejando claro que el tema es moneda corriente en sus conversaciones privadas.<\/p>\n\n\n\n<p>La tecnolog\u00eda tambi\u00e9n juega su papel en este ida y vuelta. Dybala relat\u00f3 entre risas c\u00f3mo su c\u00edrculo \u00edntimo reacciona a las ediciones fotogr\u00e1ficas que inundan las redes sociales:&nbsp;<strong>\u201cHace dos d\u00edas sali\u00f3 una publicaci\u00f3n m\u00eda con la camiseta de Boca, y ellos la mandaban a nuestro grupo preguntando si era IA, ja. Nos cagamos de risa\u201d<\/strong>.<\/p>\n\n\n\n<p>Sin embargo, tras las bromas, lleg\u00f3 el momento de la definici\u00f3n. Al ser consultado por el Pollo \u00c1lvarez sobre la posibilidad real de desembarcar en el club de la Ribera, el atacante no fue tajante con un &#8220;no&#8221;, sino que opt\u00f3 por la cautela que permite so\u00f1ar:\u00a0<strong>\u201cEstar\u00eda bueno. Nosotros los extra\u00f1amos mucho a ellos. Yo hoy estoy defendiendo la camiseta de Roma, pero nunca se sabe. As\u00ed que nada, veremos\u201d<\/strong>. La lucha por un lugar en el Mundial<\/p>\n\n\n\n<p>M\u00e1s all\u00e1 del coqueteo con el club de la Ribera, la prioridad inmediata de Dybala es la&nbsp;<strong>Selecci\u00f3n Argentina<\/strong>. Con la cita mundialista a la vuelta de la esquina, el atacante es consciente de que la competencia interna es feroz y que su presencia en la lista final depende exclusivamente de su rendimiento f\u00edsico y futbol\u00edstico en Europa.<\/p>\n\n\n\n<p><strong>\u201cNo va a ser f\u00e1cil estar en la Selecci\u00f3n. Tengo que encontrar mi ritmo, poder tener una continuidad en mi club para que eso pueda pasar\u201d<\/strong>, analiz\u00f3 con sinceridad. El cordob\u00e9s sabe que el tiempo corre y que no hay margen de error bajo la mirada de Lionel Scaloni:&nbsp;<strong>\u201cMi objetivo es jugar el Mundial, pero primero tengo que estar bien en mi club. Por lesiones estuve en falta en algunas convocatorias y en una selecci\u00f3n como la de Argentina no pod\u00e9s frenarte. Yo tengo que demostrarle al entrenador\u201d<\/strong>.<\/p>\n","protected":false},"excerpt":{"rendered":"<p>Lejos de cerrar la puerta, el delantero de la Roma se refiri\u00f3 a los constantes mensajes de Leandro Paredes para convencerlo de vestir la azul&hellip; <\/p>\n","protected":false},"author":2,"featured_media":39599,"comment_status":"open","ping_status":"open","sticky":false,"template":"","format":"standard","meta":{"footnotes":""},"categories":[10],"tags":[],"class_list":["post-39598","post","type-post","status-publish","format-standard","has-post-thumbnail","hentry","category-deportes"],"_links":{"self":[{"href":"https:\/\/lametro989.com\/index.php?rest_route=\/wp\/v2\/posts\/39598","targetHints":{"allow":["GET"]}}],"collection":[{"href":"https:\/\/lametro989.com\/index.php?rest_route=\/wp\/v2\/posts"}],"about":[{"href":"https:\/\/lametro989.com\/index.php?rest_route=\/wp\/v2\/types\/post"}],"author":[{"embeddable":true,"href":"https:\/\/lametro989.com\/index.php?rest_route=\/wp\/v2\/users\/2"}],"replies":[{"embeddable":true,"href":"https:\/\/lametro989.com\/index.php?rest_route=%2Fwp%2Fv2%2Fcomments&post=39598"}],"version-history":[{"count":1,"href":"https:\/\/lametro989.com\/index.php?rest_route=\/wp\/v2\/posts\/39598\/revisions"}],"predecessor-version":[{"id":39600,"href":"https:\/\/lametro989.com\/index.php?rest_route=\/wp\/v2\/posts\/39598\/revisions\/39600"}],"wp:featuredmedia":[{"embeddable":true,"href":"https:\/\/lametro989.com\/index.php?rest_route=\/wp\/v2\/media\/39599"}],"wp:attachment":[{"href":"https:\/\/lametro989.com\/index.php?rest_route=%2Fwp%2Fv2%2Fmedia&parent=39598"}],"wp:term":[{"taxonomy":"category","embeddable":true,"href":"https:\/\/lametro989.com\/index.php?rest_route=%2Fwp%2Fv2%2Fcategories&post=39598"},{"taxonomy":"post_tag","embeddable":true,"href":"https:\/\/lametro989.com\/index.php?rest_route=%2Fwp%2Fv2%2Ftags&post=39598"}],"curies":[{"name":"wp","href":"https:\/\/api.w.org\/{rel}","templated":true}]}}