{"id":39614,"date":"2026-04-28T07:38:19","date_gmt":"2026-04-28T10:38:19","guid":{"rendered":"https:\/\/lametro989.com\/?p=39614"},"modified":"2026-04-28T07:38:19","modified_gmt":"2026-04-28T10:38:19","slug":"con-la-presencia-del-gobernador-la-eep-51-de-selvas-del-rio-de-oro-recibio-herramientas-para-su-huerta-escolar","status":"publish","type":"post","link":"https:\/\/lametro989.com\/?p=39614","title":{"rendered":"Con la presencia del gobernador la EEP 51 de Selvas del R\u00edo de Oro recibi\u00f3 herramientas para su huerta escolar"},"content":{"rendered":"\n<p>La entrega la realiz\u00f3 el gobenador junto a autoridades de la Fundaci\u00f3n Soy Chaco.<\/p>\n\n\n\n<figure class=\"wp-block-image size-full\"><img loading=\"lazy\" decoding=\"async\" width=\"850\" height=\"567\" src=\"https:\/\/lametro989.com\/wp-content\/uploads\/2026\/04\/image-296.png\" alt=\"\" class=\"wp-image-39615\" srcset=\"https:\/\/lametro989.com\/wp-content\/uploads\/2026\/04\/image-296.png 850w, https:\/\/lametro989.com\/wp-content\/uploads\/2026\/04\/image-296-300x200.png 300w, https:\/\/lametro989.com\/wp-content\/uploads\/2026\/04\/image-296-768x512.png 768w\" sizes=\"auto, (max-width: 850px) 100vw, 850px\" \/><\/figure>\n\n\n\n<h1 class=\"wp-block-heading\"><\/h1>\n\n\n\n<p>Este lunes, el gobernador Leandro Zdero estuvo en la Escuela de Educaci\u00f3n Primaria N\u00b051 &#8220;Teniente Ib\u00e1\u00f1ez&#8221;, de Selvas del R\u00edo de Oro, donde concret\u00f3 la entrega de insumos y herramientas de jardiner\u00eda destinados al fortalecimiento de la huerta escolar. As\u00ed, respondi\u00f3 un pedido de la comunidad educativa.<ins><\/ins><\/p>\n\n\n\n<p>La actividad se llev\u00f3 adelante junto a la Fundaci\u00f3n Soy Chaco, que acompa\u00f1\u00f3 la iniciativa con la provisi\u00f3n de herramientas e insumos necesarios para el mantenimiento y desarrollo de los espacios productivos dentro de la instituci\u00f3n. Adem\u00e1s, el Gobernador mantuvo un di\u00e1logo con docentes de la instituci\u00f3n sobre las jornadas orientadas a fortalecer la fluidez y la comprensi\u00f3n lectora, destacando la importancia de acompa\u00f1ar estos procesos pedag\u00f3gicos para seguir mejorando los aprendizajes en el aula.<\/p>\n\n\n\n<figure class=\"wp-block-image\"><img decoding=\"async\" src=\"https:\/\/www.diariotag.com\/content\/bucket\/2\/307202w790h527c.jpg.webp\" alt=\"\"\/><\/figure>\n\n\n\n<p>La directora de la fundaci\u00f3n, Mar\u00eda Martina, destac\u00f3 la importancia de la entrega al se\u00f1alar que se trata de &#8220;una respuesta a una solicitud concreta de la escuela, vinculada al trabajo de huertas comunitarias que forman parte de la formaci\u00f3n de los alumnos&#8221;. Adem\u00e1s, remarc\u00f3 que la acci\u00f3n se enmarca en el compromiso asumido por el gobernador de acompa\u00f1ar a las instituciones educativas del interior provincial. &#8220;Hoy estamos cumpliendo con una promesa, acercando herramientas que permitir\u00e1n a los chicos aprender y trabajar en la huerta escolar, fortaleciendo valores como el esfuerzo, el trabajo en equipo y el cuidado del entorno&#8221;, expres\u00f3.<\/p>\n\n\n\n<h2 class=\"wp-block-heading\">&#8220;ES UNA GRATA SORPRESA RECIBIR AL SE\u00d1OR GOBERNADOR&#8221;<\/h2>\n\n\n\n<p>Por su parte, la directora de la instituci\u00f3n, Celia Cabrera, valor\u00f3 la presencia del mandatario provincial y la concreci\u00f3n de esta entrega. &#8220;Es una grata sorpresa recibir al se\u00f1or gobernador en nuestra escuelita rural, y m\u00e1s a\u00fan con la noticia de que nos trae elementos tan necesarios para la huerta escolar, que ven\u00edamos solicitando desde hace tiempo&#8221;, indic\u00f3.<\/p>\n\n\n\n<figure class=\"wp-block-image\"><img decoding=\"async\" src=\"https:\/\/www.diariotag.com\/content\/bucket\/4\/307204w790h1185c.jpg.webp\" alt=\"\"\/><\/figure>\n\n\n\n<p>En ese sentido, explic\u00f3 que la escuela cuenta con una matr\u00edcula de 145 alumnos y dos anexos ubicados a unos 7 kil\u00f3metros, donde tambi\u00e9n se desarrollar\u00e1n las actividades. &#8220;Tenemos los espacios y una docente a cargo, pero nos faltaban las herramientas. Ahora, gracias a esta entrega, vamos a poder poner en marcha y fortalecer estos proyectos en todos los sectores&#8221;, agreg\u00f3.<\/p>\n","protected":false},"excerpt":{"rendered":"<p>La entrega la realiz\u00f3 el gobenador junto a autoridades de la Fundaci\u00f3n Soy Chaco. Este lunes, el gobernador Leandro Zdero estuvo en la Escuela de&hellip; <\/p>\n","protected":false},"author":2,"featured_media":39615,"comment_status":"open","ping_status":"open","sticky":false,"template":"","format":"standard","meta":{"footnotes":""},"categories":[9,2],"tags":[],"class_list":["post-39614","post","type-post","status-publish","format-standard","has-post-thumbnail","hentry","category-destacadas","category-provinciales"],"_links":{"self":[{"href":"https:\/\/lametro989.com\/index.php?rest_route=\/wp\/v2\/posts\/39614","targetHints":{"allow":["GET"]}}],"collection":[{"href":"https:\/\/lametro989.com\/index.php?rest_route=\/wp\/v2\/posts"}],"about":[{"href":"https:\/\/lametro989.com\/index.php?rest_route=\/wp\/v2\/types\/post"}],"author":[{"embeddable":true,"href":"https:\/\/lametro989.com\/index.php?rest_route=\/wp\/v2\/users\/2"}],"replies":[{"embeddable":true,"href":"https:\/\/lametro989.com\/index.php?rest_route=%2Fwp%2Fv2%2Fcomments&post=39614"}],"version-history":[{"count":1,"href":"https:\/\/lametro989.com\/index.php?rest_route=\/wp\/v2\/posts\/39614\/revisions"}],"predecessor-version":[{"id":39616,"href":"https:\/\/lametro989.com\/index.php?rest_route=\/wp\/v2\/posts\/39614\/revisions\/39616"}],"wp:featuredmedia":[{"embeddable":true,"href":"https:\/\/lametro989.com\/index.php?rest_route=\/wp\/v2\/media\/39615"}],"wp:attachment":[{"href":"https:\/\/lametro989.com\/index.php?rest_route=%2Fwp%2Fv2%2Fmedia&parent=39614"}],"wp:term":[{"taxonomy":"category","embeddable":true,"href":"https:\/\/lametro989.com\/index.php?rest_route=%2Fwp%2Fv2%2Fcategories&post=39614"},{"taxonomy":"post_tag","embeddable":true,"href":"https:\/\/lametro989.com\/index.php?rest_route=%2Fwp%2Fv2%2Ftags&post=39614"}],"curies":[{"name":"wp","href":"https:\/\/api.w.org\/{rel}","templated":true}]}}