{"id":39617,"date":"2026-04-28T07:39:22","date_gmt":"2026-04-28T10:39:22","guid":{"rendered":"https:\/\/lametro989.com\/?p=39617"},"modified":"2026-04-28T07:39:22","modified_gmt":"2026-04-28T10:39:22","slug":"zdero-inauguro-una-pileta-climatizada-para-jubilados-en-san-martin-mejora-la-salud-y-la-calidad-de-vida","status":"publish","type":"post","link":"https:\/\/lametro989.com\/?p=39617","title":{"rendered":"Zdero inaugur\u00f3 una pileta climatizada para jubilados en San Mart\u00edn: &#8220;Mejora la salud y la calidad de vida&#8221;"},"content":{"rendered":"\n<p><em>La intervenci\u00f3n beneficiar\u00e1 a\u00a0<strong>m\u00e1s de 500 socios<\/strong>\u00a0y a adultos mayores de toda la regi\u00f3n, consolidando al lugar como un punto clave para actividades recreativas, terap\u00e9uticas y de contenci\u00f3n social.<\/em><\/p>\n\n\n\n<figure class=\"wp-block-image size-full\"><img loading=\"lazy\" decoding=\"async\" width=\"850\" height=\"567\" src=\"https:\/\/lametro989.com\/wp-content\/uploads\/2026\/04\/image-297.png\" alt=\"\" class=\"wp-image-39618\" srcset=\"https:\/\/lametro989.com\/wp-content\/uploads\/2026\/04\/image-297.png 850w, https:\/\/lametro989.com\/wp-content\/uploads\/2026\/04\/image-297-300x200.png 300w, https:\/\/lametro989.com\/wp-content\/uploads\/2026\/04\/image-297-768x512.png 768w\" sizes=\"auto, (max-width: 850px) 100vw, 850px\" \/><\/figure>\n\n\n\n<p>El gobernador del Chaco&nbsp;encabez\u00f3 este lunes la habilitaci\u00f3n de una&nbsp;<strong>pileta climatizada y refacciones integrales<\/strong>&nbsp;en el Centro de Jubilados &#8220;Carlos C\u00e1ceres&#8221;, en&nbsp;General San Mart\u00edn&nbsp;, una obra que permitir\u00e1 el uso del espacio durante todo el a\u00f1o.<\/p>\n\n\n\n<p>La intervenci\u00f3n beneficiar\u00e1 a&nbsp;<strong>m\u00e1s de 500 socios<\/strong>&nbsp;y a adultos mayores de toda la regi\u00f3n, consolidando al lugar como un punto clave para actividades recreativas, terap\u00e9uticas y de contenci\u00f3n social.<\/p>\n\n\n\n<h2 class=\"wp-block-heading\">&#8220;No es solo recreaci\u00f3n, tambi\u00e9n es salud&#8221;<\/h2>\n\n\n\n<p>Durante el acto, Zdero destac\u00f3 el cumplimiento de un compromiso asumido con la instituci\u00f3n: &#8220;Este es un espacio muy importante, no solo para la recreaci\u00f3n, sino tambi\u00e9n para la salud y la contenci\u00f3n de nuestros adultos mayores&#8221;, afirm\u00f3.<\/p>\n\n\n\n<figure class=\"wp-block-image\"><img decoding=\"async\" src=\"https:\/\/www.libertaddigital.com.ar\/content\/bucket\/7\/68957w790h527c.jpg.webp\" alt=\"\"\/><\/figure>\n\n\n\n<p><a href=\"https:\/\/www.libertaddigital.com.ar\/61446-zdero-inauguro-una-pileta-climatizada-para-jubilados-en-san-martin-mejora-la-salud-y-la-calidad-de-vida#\"><\/a><a href=\"https:\/\/www.libertaddigital.com.ar\/61446-zdero-inauguro-una-pileta-climatizada-para-jubilados-en-san-martin-mejora-la-salud-y-la-calidad-de-vida#\"><\/a><\/p>\n\n\n\n<p>El mandatario remarc\u00f3 adem\u00e1s que la obra fue posible gracias al trabajo conjunto entre el Gobierno provincial,&nbsp;Loter\u00eda Chaque\u00f1a&nbsp;&nbsp;y la comisi\u00f3n directiva del centro. &#8220;Son fondos que vuelven a la comunidad y que tienen un impacto directo en la calidad de vida&#8221;, subray\u00f3.<\/p>\n\n\n\n<p>Por su parte, el presidente del centro,&nbsp;<strong>Jorge Medina<\/strong>, celebr\u00f3 la concreci\u00f3n del proyecto y destac\u00f3 su impacto regional. &#8220;Es un sue\u00f1o cumplido.&nbsp;<strong>No exist\u00eda en todo el departamento un espacio as\u00ed,<\/strong>&nbsp;por lo que ser\u00e1 fundamental no solo para San Mart\u00edn, sino tambi\u00e9n para localidades cercanas&#8221;, sostuvo.<\/p>\n\n\n\n<p>Adem\u00e1s, remarc\u00f3 que la pileta permitir\u00e1&nbsp;<strong>realizar tratamientos terap\u00e9uticos durante todo el a\u00f1o<\/strong>, algo clave para muchos adultos mayores.<\/p>\n\n\n\n<p>El titular de&nbsp;Loter\u00eda Chaque\u00f1a&nbsp;,&nbsp;<strong>Lucas Apud<\/strong>, explic\u00f3 que la obra se financi\u00f3 con recursos provenientes del juego legal. &#8220;Estos fondos vuelven a la comunidad en acciones concretas como esta, respondiendo a una demanda hist\u00f3rica&#8221;, se\u00f1al\u00f3. La intervenci\u00f3n incluy\u00f3 la instalaci\u00f3n del sistema de climatizaci\u00f3n, mientras que la instituci\u00f3n colabor\u00f3 con el cerramiento y obras complementarias.<\/p>\n","protected":false},"excerpt":{"rendered":"<p>La intervenci\u00f3n beneficiar\u00e1 a\u00a0m\u00e1s de 500 socios\u00a0y a adultos mayores de toda la regi\u00f3n, consolidando al lugar como un punto clave para actividades recreativas, terap\u00e9uticas&hellip; <\/p>\n","protected":false},"author":2,"featured_media":39618,"comment_status":"open","ping_status":"open","sticky":false,"template":"","format":"standard","meta":{"footnotes":""},"categories":[9,5],"tags":[],"class_list":["post-39617","post","type-post","status-publish","format-standard","has-post-thumbnail","hentry","category-destacadas","category-politica"],"_links":{"self":[{"href":"https:\/\/lametro989.com\/index.php?rest_route=\/wp\/v2\/posts\/39617","targetHints":{"allow":["GET"]}}],"collection":[{"href":"https:\/\/lametro989.com\/index.php?rest_route=\/wp\/v2\/posts"}],"about":[{"href":"https:\/\/lametro989.com\/index.php?rest_route=\/wp\/v2\/types\/post"}],"author":[{"embeddable":true,"href":"https:\/\/lametro989.com\/index.php?rest_route=\/wp\/v2\/users\/2"}],"replies":[{"embeddable":true,"href":"https:\/\/lametro989.com\/index.php?rest_route=%2Fwp%2Fv2%2Fcomments&post=39617"}],"version-history":[{"count":1,"href":"https:\/\/lametro989.com\/index.php?rest_route=\/wp\/v2\/posts\/39617\/revisions"}],"predecessor-version":[{"id":39619,"href":"https:\/\/lametro989.com\/index.php?rest_route=\/wp\/v2\/posts\/39617\/revisions\/39619"}],"wp:featuredmedia":[{"embeddable":true,"href":"https:\/\/lametro989.com\/index.php?rest_route=\/wp\/v2\/media\/39618"}],"wp:attachment":[{"href":"https:\/\/lametro989.com\/index.php?rest_route=%2Fwp%2Fv2%2Fmedia&parent=39617"}],"wp:term":[{"taxonomy":"category","embeddable":true,"href":"https:\/\/lametro989.com\/index.php?rest_route=%2Fwp%2Fv2%2Fcategories&post=39617"},{"taxonomy":"post_tag","embeddable":true,"href":"https:\/\/lametro989.com\/index.php?rest_route=%2Fwp%2Fv2%2Ftags&post=39617"}],"curies":[{"name":"wp","href":"https:\/\/api.w.org\/{rel}","templated":true}]}}