{"id":39623,"date":"2026-04-28T07:45:50","date_gmt":"2026-04-28T10:45:50","guid":{"rendered":"https:\/\/lametro989.com\/?p=39623"},"modified":"2026-04-28T07:45:50","modified_gmt":"2026-04-28T10:45:50","slug":"el-consumo-masivo-no-para-de-caer-se-hundio-un-51-en-marzo-y-sufrio-la-mayor-contraccion-en-14-meses","status":"publish","type":"post","link":"https:\/\/lametro989.com\/?p=39623","title":{"rendered":"El consumo masivo no para de caer: se hundi\u00f3 un 5,1% en marzo y sufri\u00f3 la mayor contracci\u00f3n en 14 meses"},"content":{"rendered":"\n<p>Las ventas volvieron a ceder en marzo y est\u00e1 lejos de recuperarse frente al nivel de fines de 2023. Las ventas cayeron 5,1% en marzo y est\u00e1 lejos de recuperarse frente al nivel de 2023: est\u00e1 a 22 puntos de diciembre y a 11 p.p. de enero de ese a\u00f1o, seg\u00fan la medici\u00f3n de Scentia.<\/p>\n\n\n\n<figure class=\"wp-block-image size-full\"><img loading=\"lazy\" decoding=\"async\" width=\"700\" height=\"467\" src=\"https:\/\/lametro989.com\/wp-content\/uploads\/2026\/04\/image-299.png\" alt=\"\" class=\"wp-image-39624\" srcset=\"https:\/\/lametro989.com\/wp-content\/uploads\/2026\/04\/image-299.png 700w, https:\/\/lametro989.com\/wp-content\/uploads\/2026\/04\/image-299-300x200.png 300w\" sizes=\"auto, (max-width: 700px) 100vw, 700px\" \/><\/figure>\n\n\n\n<p>El consumo masivo contin\u00faa sin remontar y en marzo perdi\u00f3 un 5,1% frente al mismo mes de 2025, lo que representa la peor ca\u00edda en 14 meses, mientras que en el primer trimestre acumul\u00f3 un rojo de 3,1%, seg\u00fan la medici\u00f3n de Scentia. En el balance mensual, de todos modos, se observ\u00f3 un repunte de 6,1%, traccionado por el aumento de ventas en supermercados, mayoristas y autoservicios.<\/p>\n\n\n\n<p>En el \u00faltimo a\u00f1o, el consumo masivo cay\u00f3 en mayor medida dentro de los canales de mayoristas (-8,8%), supermercados (-7%) y autoservicios independientes (-5,1%). Aunque en el trimestre, los tres canales recortan la baja a 4,5%, 5,4% y 4,4%, respectivamente. Hacia adentro de la categor\u00eda de supermercados, los rubros que m\u00e1s cayeron fueron perecederos (-10,6%), bebidas sin alcohol (-10,4%) y bebidas con alcohol (-8,5%). Alimentaci\u00f3n, por su parte, baj\u00f3 5,3%.<\/p>\n\n\n\n<p>En los autoservicios independientes, en tanto, perecederos se derrumbaron 14,4% y bebidas sin alcohol un 9,8%. Alimentos tuvo una variaci\u00f3n levemente positiva, en torno al 1%.<\/p>\n\n\n\n<p>En el otro extremo, el \u00fanico de los canales que viene subiendo mes a mes es el e-commerce (+34,3%) -por los cambios de patrones de consumo-, aunque representa una peque\u00f1a porci\u00f3n de las ventas y no logra compensar las ca\u00eddas de los dem\u00e1s canales.<\/p>\n\n\n\n<p>Entre supermercados y autoservicios, en conjunto, la baja del consumo fue a\u00fan m\u00e1s fuerte: perdi\u00f3 6,1% en marzo.<\/p>\n\n\n\n<p>El consumo masivo en marzo se ubic\u00f3 en el 89%, teniendo como base enero 2023 y se ubic\u00f3 22 puntos porcentuales (p.p.) por debajo de diciembre de ese a\u00f1o, cuando asumi\u00f3 Javier Milei.<\/p>\n\n\n\n<p>\u201cEl precio promedio ponderado del consumo masivo, en su medici\u00f3n interanual, arroja una variaci\u00f3n de 20,4%, bastante por debajo del IPC cuyo valor, en el mismo periodo de comparaci\u00f3n, fue de 32,6%\u201d, destacan de la consultora liderada por Osvaldo del R\u00edo.<\/p>\n\n\n\n<p>La ca\u00edda del consumo se enmarca en una p\u00e9rdida del poder adquisitivo. Los salarios registrados -que incluyen tanto al sector p\u00fablico como al privado- acumularon una baja real de 4,33% entre septiembre y febrero, seg\u00fan el c\u00e1lculo de \u00c1mbito en base a los datos oficiales del INDEC, un factor determinante de la magra performance del consumo. Desde la asunci\u00f3n de Javier Milei como presidente la p\u00e9rdida es de 8,87%; los p\u00fablicos fueron los m\u00e1s perjudicados con una ca\u00edda del 18,35%, mientras que los privados retrocedieron un 3,54%.<\/p>\n","protected":false},"excerpt":{"rendered":"<p>Las ventas volvieron a ceder en marzo y est\u00e1 lejos de recuperarse frente al nivel de fines de 2023. Las ventas cayeron 5,1% en marzo&hellip; <\/p>\n","protected":false},"author":2,"featured_media":39624,"comment_status":"open","ping_status":"open","sticky":false,"template":"","format":"standard","meta":{"footnotes":""},"categories":[13],"tags":[],"class_list":["post-39623","post","type-post","status-publish","format-standard","has-post-thumbnail","hentry","category-nacionales"],"_links":{"self":[{"href":"https:\/\/lametro989.com\/index.php?rest_route=\/wp\/v2\/posts\/39623","targetHints":{"allow":["GET"]}}],"collection":[{"href":"https:\/\/lametro989.com\/index.php?rest_route=\/wp\/v2\/posts"}],"about":[{"href":"https:\/\/lametro989.com\/index.php?rest_route=\/wp\/v2\/types\/post"}],"author":[{"embeddable":true,"href":"https:\/\/lametro989.com\/index.php?rest_route=\/wp\/v2\/users\/2"}],"replies":[{"embeddable":true,"href":"https:\/\/lametro989.com\/index.php?rest_route=%2Fwp%2Fv2%2Fcomments&post=39623"}],"version-history":[{"count":1,"href":"https:\/\/lametro989.com\/index.php?rest_route=\/wp\/v2\/posts\/39623\/revisions"}],"predecessor-version":[{"id":39625,"href":"https:\/\/lametro989.com\/index.php?rest_route=\/wp\/v2\/posts\/39623\/revisions\/39625"}],"wp:featuredmedia":[{"embeddable":true,"href":"https:\/\/lametro989.com\/index.php?rest_route=\/wp\/v2\/media\/39624"}],"wp:attachment":[{"href":"https:\/\/lametro989.com\/index.php?rest_route=%2Fwp%2Fv2%2Fmedia&parent=39623"}],"wp:term":[{"taxonomy":"category","embeddable":true,"href":"https:\/\/lametro989.com\/index.php?rest_route=%2Fwp%2Fv2%2Fcategories&post=39623"},{"taxonomy":"post_tag","embeddable":true,"href":"https:\/\/lametro989.com\/index.php?rest_route=%2Fwp%2Fv2%2Ftags&post=39623"}],"curies":[{"name":"wp","href":"https:\/\/api.w.org\/{rel}","templated":true}]}}