{"id":39629,"date":"2026-04-28T07:59:18","date_gmt":"2026-04-28T10:59:18","guid":{"rendered":"https:\/\/lametro989.com\/?p=39629"},"modified":"2026-04-28T07:59:18","modified_gmt":"2026-04-28T10:59:18","slug":"hablo-el-medico-que-le-hizo-el-aborto-a-la-nena-de-13-anos-en-la-clinica-donde-encontraron-ocho-fetos","status":"publish","type":"post","link":"https:\/\/lametro989.com\/?p=39629","title":{"rendered":"Habl\u00f3 el m\u00e9dico que le hizo el aborto a la nena de 13 a\u00f1os en la cl\u00ednica donde encontraron ocho fetos"},"content":{"rendered":"\n<p>Dami\u00e1n Levy es obstetra y ginec\u00f3logo y preside la fundaci\u00f3n que coste\u00f3 los gastos de la chica y su mam\u00e1 desde Santiago del Estero. Asegur\u00f3 que lo conmocion\u00f3 la repercusi\u00f3n del caso.<\/p>\n\n\n\n<figure class=\"wp-block-image size-large\"><img loading=\"lazy\" decoding=\"async\" width=\"1024\" height=\"573\" src=\"https:\/\/lametro989.com\/wp-content\/uploads\/2026\/04\/image-301-1024x573.png\" alt=\"\" class=\"wp-image-39630\" srcset=\"https:\/\/lametro989.com\/wp-content\/uploads\/2026\/04\/image-301-1024x573.png 1024w, https:\/\/lametro989.com\/wp-content\/uploads\/2026\/04\/image-301-300x168.png 300w, https:\/\/lametro989.com\/wp-content\/uploads\/2026\/04\/image-301-768x430.png 768w, https:\/\/lametro989.com\/wp-content\/uploads\/2026\/04\/image-301.png 1440w\" sizes=\"auto, (max-width: 1024px) 100vw, 1024px\" \/><\/figure>\n\n\n\n<p><strong>Dami\u00e1n Levy<\/strong>&nbsp;es m\u00e9dico (MN 126052) y presidente de la<strong>&nbsp;Fundaci\u00f3n Cigesar<\/strong>, especializada en salud sexual y \u201c(no) reproductiva\u201d, como indica en su p\u00e1gina web. Dami\u00e1n es el obstetra y ginec\u00f3logo que el viernes de la semana pasada<a href=\"https:\/\/tn.com.ar\/policiales\/2026\/04\/27\/el-comunicado-de-la-clinica-de-villa-ballester-sobre-el-hallazgo-de-ocho-fetos-y-el-abuso-de-una-nena\/\" target=\"_blank\" rel=\"noreferrer noopener\"><strong>&nbsp;le practic\u00f3 un aborto legal a una nena de 13 a\u00f1os que ven\u00eda de Santiago del Estero con un embarazo de ocho meses.<\/strong><\/a>&nbsp;Lo hizo en la cl\u00ednica Santa Mar\u00eda, en Villa Ballester, en donde en un allanamiento policial se encontraron<strong>&nbsp;ocho fetos.<\/strong><\/p>\n\n\n\n<p>Levy habl\u00f3 con&nbsp;<strong>TN<\/strong>&nbsp;a trav\u00e9s de un intercambio de mensajes por WhatsApp para clarificar qu\u00e9 pas\u00f3 el viernes y c\u00f3mo entr\u00f3 en contacto con esta nena y su madre.<\/p>\n\n\n\n<p>\u201cMe siento consternado e impactado por la situaci\u00f3n, pero con la firme convicci\u00f3n de\u00a0<strong>haber realizado lo correcto en el marco legal vigente.<\/strong>\u00a0Acompa\u00f1ando a la madre y a la ni\u00f1a en esta situaci\u00f3n, haci\u00e9ndolo con la calidad y el respeto que se necesita&#8221;, asegur\u00f3. Seg\u00fan cont\u00f3 Levy, hace algunas semanas, la Fundaci\u00f3n Cigesar estaba haciendo una campa\u00f1a de salud sexual y reproductiva en Santiago del Estero cuando recibieron la consulta de la nena y la mam\u00e1 para hacer una interrupci\u00f3n legal del embarazo por una violaci\u00f3n. La madre explic\u00f3 que<strong>&nbsp;no pod\u00edan acceder a este servicio en la provincia, pese a ser legal y que ten\u00eda la denuncia por violaci\u00f3n.<\/strong><\/p>\n\n\n\n<p>Seg\u00fan la ley<strong>&nbsp;27.610&nbsp;<\/strong>de Acceso a la Interrupci\u00f3n Voluntaria del Embarazo, el aborto se puede hacer de manera legal y sin cuestionamientos hasta la semana 14 inclusive. Pero esto tiene excepciones para hacerlo desde la semana 15.&nbsp;<strong>Una de las excepciones es la violaci\u00f3n.<\/strong><\/p>\n\n\n\n<p>\u201cFrente a una situaci\u00f3n de extrema vulnerabilidad y riesgo para su salud, acompa\u00f1amos a la ni\u00f1a y a su mam\u00e1 con&nbsp;<strong>asesoramiento y atenci\u00f3n digna, segura y legal\u201d,<\/strong>&nbsp;explic\u00f3 el m\u00e9dico. As\u00ed, madre e hija fueron trasladadas desde Santiago del Estero hasta la cl\u00ednica y luego de regreso a su casa.<\/p>\n\n\n\n<p>\u201cEn todas partes del mundo hay organizaciones que de forma solidaria apoyan de distintas formas a personas que tienen necesidades de atenci\u00f3n de salud y no pueden atenderlas por su condici\u00f3n de vulnerabilidad social\u201d, sum\u00f3.<\/p>\n\n\n\n<figure class=\"wp-block-image\"><img decoding=\"async\" src=\"https:\/\/tn.com.ar\/resizer\/v2\/el-personal-de-delitos-complejos-encontro-ocho-fetos-en-bolsas-de-consorcio-foto-policia-de-la-provincia-de-buenos-aires-7OBZG4OKRZHKLDDHMTNHMB4JDQ.jpg?auth=e89538bf33b5bf99c0fb4bc031650c53b199b68a43d0b99e1a922e0a2839cff3&amp;width=767\" alt=\"El personal de Delitos Complejos encontr\u00f3 ocho fetos en bolsas de consorcio. (Foto: Polic\u00eda de la Provincia de Buenos Aires.)\"\/><figcaption class=\"wp-element-caption\">El personal de Delitos Complejos encontr\u00f3 ocho fetos en bolsas de consorcio. (Foto: Polic\u00eda de la Provincia de Buenos Aires.)<\/figcaption><\/figure>\n\n\n\n<p>Levy confirm\u00f3 que el procedimiento se hizo en la cl\u00ednica Santa Mar\u00eda, con la que su fundaci\u00f3n tiene un convenio y trabajan regularmente. \u201cLa pr\u00e1ctica la realizamos con un equipo&nbsp;<strong>altamente capacitado\u201d<\/strong>, asegur\u00f3.<\/p>\n\n\n\n<p>Seg\u00fan confirmaron fuentes de la investigaci\u00f3n a&nbsp;<strong>TN,<\/strong>&nbsp;en esta cl\u00ednica de Villa Ballester se hacen frecuentemente este tipo de abortos y los fetos que encontraron, entre los que estaba el de la nena,&nbsp;<strong>correspond\u00edan a procedimientos legales.<\/strong>&nbsp;As\u00ed tambi\u00e9n lo corrobor\u00f3 en una inspecci\u00f3n el Ministerio de Salud de la provincia de Buenos Aires este lunes.<\/p>\n\n\n\n<p>Los restos se despacharon como residuos patol\u00f3gicos y estaban esperando su traslado por parte de la empresa que se ocupa de mover este tipo de descartes.<\/p>\n\n\n\n<p>Ahora, la Justicia est\u00e1 determinando&nbsp;<strong>qu\u00e9 feto corresponde a la nena<\/strong>&nbsp;para poder analizarlo y tener el ADN del violador. Hay dos hombres denunciados que contin\u00faan pr\u00f3fugos.<\/p>\n\n\n\n<p>Sobre el accionar de la Fundaci\u00f3n, Levy asegur\u00f3 que est\u00e1 tranquilo, pero que le impact\u00f3 la magnitud que tom\u00f3 el caso: \u201cComo equipo de CIGESAR estamos consternados por lo ocurrido. Actuamos con calidad y legalidad atendiendo a una ni\u00f1a y su mam\u00e1.<strong>&nbsp;Tenemos la convicci\u00f3n de trabajar por la salud y el bienestar de las personas&nbsp;<\/strong>con el respeto y la \u00e9tica profesional que corresponde\u201d.<\/p>\n\n\n\n<p>Tanto la nena como su mam\u00e1 ya volvieron a Santiago del Estero y contin\u00faa la causa que investiga la violaci\u00f3n.<\/p>\n","protected":false},"excerpt":{"rendered":"<p>Dami\u00e1n Levy es obstetra y ginec\u00f3logo y preside la fundaci\u00f3n que coste\u00f3 los gastos de la chica y su mam\u00e1 desde Santiago del Estero. Asegur\u00f3&hellip; <\/p>\n","protected":false},"author":2,"featured_media":39630,"comment_status":"open","ping_status":"open","sticky":false,"template":"","format":"standard","meta":{"footnotes":""},"categories":[9,13],"tags":[],"class_list":["post-39629","post","type-post","status-publish","format-standard","has-post-thumbnail","hentry","category-destacadas","category-nacionales"],"_links":{"self":[{"href":"https:\/\/lametro989.com\/index.php?rest_route=\/wp\/v2\/posts\/39629","targetHints":{"allow":["GET"]}}],"collection":[{"href":"https:\/\/lametro989.com\/index.php?rest_route=\/wp\/v2\/posts"}],"about":[{"href":"https:\/\/lametro989.com\/index.php?rest_route=\/wp\/v2\/types\/post"}],"author":[{"embeddable":true,"href":"https:\/\/lametro989.com\/index.php?rest_route=\/wp\/v2\/users\/2"}],"replies":[{"embeddable":true,"href":"https:\/\/lametro989.com\/index.php?rest_route=%2Fwp%2Fv2%2Fcomments&post=39629"}],"version-history":[{"count":1,"href":"https:\/\/lametro989.com\/index.php?rest_route=\/wp\/v2\/posts\/39629\/revisions"}],"predecessor-version":[{"id":39631,"href":"https:\/\/lametro989.com\/index.php?rest_route=\/wp\/v2\/posts\/39629\/revisions\/39631"}],"wp:featuredmedia":[{"embeddable":true,"href":"https:\/\/lametro989.com\/index.php?rest_route=\/wp\/v2\/media\/39630"}],"wp:attachment":[{"href":"https:\/\/lametro989.com\/index.php?rest_route=%2Fwp%2Fv2%2Fmedia&parent=39629"}],"wp:term":[{"taxonomy":"category","embeddable":true,"href":"https:\/\/lametro989.com\/index.php?rest_route=%2Fwp%2Fv2%2Fcategories&post=39629"},{"taxonomy":"post_tag","embeddable":true,"href":"https:\/\/lametro989.com\/index.php?rest_route=%2Fwp%2Fv2%2Ftags&post=39629"}],"curies":[{"name":"wp","href":"https:\/\/api.w.org\/{rel}","templated":true}]}}