{"id":39632,"date":"2026-04-28T08:03:57","date_gmt":"2026-04-28T11:03:57","guid":{"rendered":"https:\/\/lametro989.com\/?p=39632"},"modified":"2026-04-28T08:03:57","modified_gmt":"2026-04-28T11:03:57","slug":"en-moron-provincia-de-bs-as-condenaron-a-un-hombre-a-20-anos-de-carcel-por-abuso-con-acceso-carnal-sin-contacto-fisico","status":"publish","type":"post","link":"https:\/\/lametro989.com\/?p=39632","title":{"rendered":"En Mor\u00f3n provincia de Bs As : Condenaron a un hombre a 20 a\u00f1os de c\u00e1rcel por abuso con acceso carnal sin contacto f\u00edsico"},"content":{"rendered":"\n<p>El Tribunal de Mor\u00f3n sent\u00f3 un precedente sobre el grooming al sentenciar a un preso que someti\u00f3 a una ni\u00f1a de 12 a\u00f1os a trav\u00e9s de redes sociales.<\/p>\n\n\n\n<figure class=\"wp-block-image size-full\"><img loading=\"lazy\" decoding=\"async\" width=\"610\" height=\"457\" src=\"https:\/\/lametro989.com\/wp-content\/uploads\/2026\/04\/image-302.png\" alt=\"\" class=\"wp-image-39633\" srcset=\"https:\/\/lametro989.com\/wp-content\/uploads\/2026\/04\/image-302.png 610w, https:\/\/lametro989.com\/wp-content\/uploads\/2026\/04\/image-302-300x225.png 300w\" sizes=\"auto, (max-width: 610px) 100vw, 610px\" \/><\/figure>\n\n\n\n<p id=\"p-1777371657412-56572\">La Justicia argentina dict\u00f3 una sentencia sin precedentes al condenar a&nbsp;<strong>20 a\u00f1os de prisi\u00f3n a un hombre por abuso sexual contra una ni\u00f1a de 12 a\u00f1os.&nbsp;<\/strong>El fallo es considerado disruptivo ya que el agresor nunca mantuvo contacto f\u00edsico con la v\u00edctima, a quien capt\u00f3 y someti\u00f3 digitalmente.<\/p>\n\n\n\n<p id=\"p-1777372193782-69458\">El fallo, dictado por el Tribunal en lo Criminal N\u00b0 4 de Mor\u00f3n, marc\u00f3 un antes y un despu\u00e9s en la interpretaci\u00f3n de los delitos sexuales en la era digital. El acusado,&nbsp;<strong>Orlando Trist\u00e1n Novillo<\/strong>, ya estaba preso en un penal bonaerense cuando someti\u00f3 a la v\u00edctima, una nena que ten\u00eda&nbsp;<strong>12 a\u00f1os&nbsp;<\/strong>al momento de los hechos.<\/p>\n\n\n\n<p id=\"p-1777371771814-14873\">Durante m\u00e1s de tres a\u00f1os, la mantuvo bajo un dominio psicol\u00f3gico feroz, utilizando redes sociales, mensajer\u00eda instant\u00e1nea y videollamadas para&nbsp;<strong>manipularla, amenazarla y obligarla a realizar actos sexuales&nbsp;<\/strong>sobre su propio cuerpo.<\/p>\n\n\n\n<figure class=\"wp-block-image\"><img decoding=\"async\" src=\"https:\/\/media.minutouno.com\/p\/15eb728a28b34911a11a1a687ad2b472\/adjuntos\/150\/imagenes\/043\/332\/0043332520\/610x0\/813x355:833x375\/el-fallo-fue-dictado-el-tribunal-lo-criminal-n-4-moron.jpg\" alt=\"El fallo fue dictado por el Tribunal en lo Criminal N\u00b0 4 de Mor\u00f3n.\" title=\"El fallo fue dictado por el Tribunal en lo Criminal N\u00b0 4 de Mor\u00f3n.\"\/><\/figure>\n\n\n\n<p id=\"p-1777372836577-4001\">El fallo fue dictado por el Tribunal en lo Criminal N\u00b0 4 de Mor\u00f3n.<\/p>\n\n\n\n<h2 class=\"wp-block-heading\" id=\"p-1777371925336-55810\">El modus operandi desde la c\u00e1rcel<\/h2>\n\n\n\n<p id=\"p-1777371925336-72739\">Novillo realizaba las maniobras de captaci\u00f3n desde su celda en la Unidad Carcelaria N\u00b0 21 de Campana, utilizando un tel\u00e9fono celular para contactar a la ni\u00f1a. En enero de 2020,&nbsp;<strong>el hombre se hizo pasar por un joven a trav\u00e9s de la red social Instagram para ganar su confianza.<\/strong><\/p>\n\n\n\n<p id=\"p-1777371925336-24253\">Con la excusa de una supuesta campa\u00f1a de modelaje, el agresor le solicit\u00f3 inicialmente fotograf\u00edas en ropa interior y luego im\u00e1genes sin prendas. Una vez que obtuvo el material, inici\u00f3 una etapa de extorsi\u00f3n constante para obligarla a realizar acciones de \u00edndole sexual.<\/p>\n\n\n\n<p id=\"p-1777371925336-38267\">Luego amenaz\u00f3 a la chica con difundir las im\u00e1genes o asesinar a su familia. El condenado tambi\u00e9n le exigi\u00f3 datos de tarjetas de cr\u00e9dito y dep\u00f3sitos de dinero. Estas transacciones se realizaban a trav\u00e9s de sistemas de cobro como Pago F\u00e1cil y billeteras digitales.<\/p>\n\n\n\n<p id=\"p-1777372075341-78294\">El fiscal del caso, Carlos Oviedo, revel\u00f3 que el hecho se descubri\u00f3 gracias a una docente de danzas que escuch\u00f3 a la nena y alert\u00f3 a su madre. \u201cEs importante que todo comenz\u00f3 gracias a la decisi\u00f3n y valent\u00eda de una docente que no la juzg\u00f3 y la orient\u00f3\u201d, destac\u00f3 el funcionario.<\/p>\n\n\n\n<figure class=\"wp-block-image\"><img decoding=\"async\" src=\"https:\/\/media.minutouno.com\/p\/111277ba3d1ebb584c472f73ef862891\/adjuntos\/150\/imagenes\/043\/332\/0043332521\/610x0\/1194x310:1214x330\/realizaron-un-allanamiento-el-penal-donde-esta-alojado-el-condenado-foto-captura-tn.jpg\" alt=\"Realizaron un allanamiento en el penal donde est\u00e1 alojado el condenado. Foto: captura TN.\" title=\"Realizaron un allanamiento en el penal donde est\u00e1 alojado el condenado. Foto: captura TN.\"\/><\/figure>\n\n\n\n<p id=\"p-1777373471605-1306\">Realizaron un allanamiento en el penal donde est\u00e1 alojado el condenado. Foto: captura TN.<\/p>\n\n\n\n<h2 class=\"wp-block-heading\" id=\"p-1777371943703-81506\">Un fallo que marca un camino en la Justicia argentina<\/h2>\n\n\n\n<p id=\"p-1777371943703-37792\">El TOC 4 de Mor\u00f3n consider\u00f3 probado que la v\u00edctima estuvo \u201ccautiva\u201d en un verdadero&nbsp;<strong>cautiverio psicol\u00f3gico y digital<\/strong>&nbsp;durante m\u00e1s de tres a\u00f1os. En el celular del agresor, los peritos hallaron al menos&nbsp;<strong>719 archivos con contenido de abuso sexual infantil<\/strong>.<\/p>\n\n\n\n<p id=\"p-1777371943703-99726\">Novillo fue condenado por&nbsp;<strong>abuso sexual con acceso carnal, producci\u00f3n y tenencia de im\u00e1genes de abuso infantil, promoci\u00f3n de la corrupci\u00f3n de menores, extorsi\u00f3n y defraudaci\u00f3n mediante tarjetas de cr\u00e9dito<\/strong>.<\/p>\n\n\n\n<p id=\"p-1777372096994-7031\">El informe psicol\u00f3gico oficial concluy\u00f3 que la adolescente ten\u00eda&nbsp;<strong>s\u00edntomas de trauma severo, baja autoestima y perturbaciones en el sue\u00f1o<\/strong>.<\/p>\n\n\n\n<p id=\"p-1777372193782-69458\">El fiscal Oviedo insisti\u00f3 en la importancia de la denuncia y el acompa\u00f1amiento: \u201cLas instituciones educativas tienen protocolos y deben intervenir.<strong>&nbsp;Si la familia no act\u00faa, los directivos est\u00e1n obligados a denunciar<\/strong>\u201d.<\/p>\n","protected":false},"excerpt":{"rendered":"<p>El Tribunal de Mor\u00f3n sent\u00f3 un precedente sobre el grooming al sentenciar a un preso que someti\u00f3 a una ni\u00f1a de 12 a\u00f1os a trav\u00e9s&hellip; <\/p>\n","protected":false},"author":2,"featured_media":39633,"comment_status":"open","ping_status":"open","sticky":false,"template":"","format":"standard","meta":{"footnotes":""},"categories":[9,5],"tags":[],"class_list":["post-39632","post","type-post","status-publish","format-standard","has-post-thumbnail","hentry","category-destacadas","category-politica"],"_links":{"self":[{"href":"https:\/\/lametro989.com\/index.php?rest_route=\/wp\/v2\/posts\/39632","targetHints":{"allow":["GET"]}}],"collection":[{"href":"https:\/\/lametro989.com\/index.php?rest_route=\/wp\/v2\/posts"}],"about":[{"href":"https:\/\/lametro989.com\/index.php?rest_route=\/wp\/v2\/types\/post"}],"author":[{"embeddable":true,"href":"https:\/\/lametro989.com\/index.php?rest_route=\/wp\/v2\/users\/2"}],"replies":[{"embeddable":true,"href":"https:\/\/lametro989.com\/index.php?rest_route=%2Fwp%2Fv2%2Fcomments&post=39632"}],"version-history":[{"count":1,"href":"https:\/\/lametro989.com\/index.php?rest_route=\/wp\/v2\/posts\/39632\/revisions"}],"predecessor-version":[{"id":39634,"href":"https:\/\/lametro989.com\/index.php?rest_route=\/wp\/v2\/posts\/39632\/revisions\/39634"}],"wp:featuredmedia":[{"embeddable":true,"href":"https:\/\/lametro989.com\/index.php?rest_route=\/wp\/v2\/media\/39633"}],"wp:attachment":[{"href":"https:\/\/lametro989.com\/index.php?rest_route=%2Fwp%2Fv2%2Fmedia&parent=39632"}],"wp:term":[{"taxonomy":"category","embeddable":true,"href":"https:\/\/lametro989.com\/index.php?rest_route=%2Fwp%2Fv2%2Fcategories&post=39632"},{"taxonomy":"post_tag","embeddable":true,"href":"https:\/\/lametro989.com\/index.php?rest_route=%2Fwp%2Fv2%2Ftags&post=39632"}],"curies":[{"name":"wp","href":"https:\/\/api.w.org\/{rel}","templated":true}]}}