{"id":39635,"date":"2026-04-28T08:10:42","date_gmt":"2026-04-28T11:10:42","guid":{"rendered":"https:\/\/lametro989.com\/?p=39635"},"modified":"2026-04-28T08:10:42","modified_gmt":"2026-04-28T11:10:42","slug":"el-estadio-mas-caro-del-mundial-2026-los-5-datos-que-seguramente-no-sabias-del-sofi-stadium","status":"publish","type":"post","link":"https:\/\/lametro989.com\/?p=39635","title":{"rendered":"El estadio m\u00e1s caro del Mundial 2026: los 5 datos que seguramente no sab\u00edas del SoFi Stadium"},"content":{"rendered":"\n<p><strong>Este escenario ser\u00e1 testigo de varios juegos clave durante la Copa del Mundo y arrastra una inversi\u00f3n que lo posiciona como el m\u00e1s caro del planeta.<\/strong><\/p>\n\n\n\n<figure class=\"wp-block-image size-full\"><img loading=\"lazy\" decoding=\"async\" width=\"655\" height=\"368\" src=\"https:\/\/lametro989.com\/wp-content\/uploads\/2026\/04\/image-303.png\" alt=\"\" class=\"wp-image-39636\" srcset=\"https:\/\/lametro989.com\/wp-content\/uploads\/2026\/04\/image-303.png 655w, https:\/\/lametro989.com\/wp-content\/uploads\/2026\/04\/image-303-300x169.png 300w\" sizes=\"auto, (max-width: 655px) 100vw, 655px\" \/><\/figure>\n\n\n\n<p>El\u00a0<strong><a href=\"https:\/\/www.ambito.com\/deportes\/mundial-2026-youtube-cuales-son-los-partidos-que-se-transmitiran-gratis-n6270630\" target=\"_blank\" rel=\"noreferrer noopener\">f\u00fatbol<\/a><\/strong>\u00a0tendr\u00e1 en Estados Unidos algunos de los escenarios m\u00e1s imponentes del\u00a0<strong>Mundial 2026<\/strong>. Entre las sedes elegidas aparece un estadio que concentra la atenci\u00f3n por la<strong>\u00a0inmensa inversi\u00f3n<\/strong>\u00a0que se realiz\u00f3 para su construcci\u00f3n, adem\u00e1s de los lujosos detalles que lo rodean, transform\u00e1ndolo en uno de los<strong>\u00a0recintos m\u00e1s sorprendentes del pa\u00eds\u00a0<\/strong>y del mundo. Durante el torneo, ser\u00e1 testigo de grandes juegos que seguramente dar\u00e1n que hablar una vez que ruede la pelota, pero tambi\u00e9n tendr\u00e1 algo m\u00e1s que la pasi\u00f3n deportiva. Los fan\u00e1ticos vivir\u00e1n una experiencia distinta, ya que fue<strong>\u00a0modificado exclusivamente para la Copa del Mundo.<\/strong> Millones en inversi\u00f3n: lo que ten\u00e9s que saber del SoFi Stadium<\/p>\n\n\n\n<p id=\"p-1777312420010-97565\">El&nbsp;<strong>SoFi Stadium&nbsp;<\/strong>ser\u00e1 una de las sedes m\u00e1s importantes del Mundial 2026 y, durante la competencia, se llamar\u00e1&nbsp;<strong>Los Angeles Stadium<\/strong>. La modificaci\u00f3n responde a las normas de la FIFA, que no permiten el uso de marcas comerciales en los nombres oficiales de los recintos durante sus torneos.<\/p>\n\n\n\n<p>El estadio se encuentra en Inglewood, dentro del \u00e1rea de Los \u00c1ngeles, y forma parte de&nbsp;<strong>Hollywood Park<\/strong>, un complejo de m\u00e1s de 120 hect\u00e1reas que integra espacios de entretenimiento, comercios, restaurantes y zonas de circulaci\u00f3n para eventos masivos. Esa ubicaci\u00f3n lo convierte en un punto clave, cerca del&nbsp;<strong>aeropuerto internacional de Los \u00c1ngeles&nbsp;<\/strong>y dentro de una de las \u00e1reas urbanas m\u00e1s activas de California.<\/p>\n\n\n\n<figure class=\"wp-block-embed is-type-video is-provider-youtube wp-block-embed-youtube wp-embed-aspect-16-9 wp-has-aspect-ratio\"><div class=\"wp-block-embed__wrapper\">\n<iframe loading=\"lazy\" title=\"(4K) Full tour of So Fi Stadium - Rams, Chargers Home Field - Los Angeles - Amazing Venue !\" width=\"790\" height=\"444\" src=\"https:\/\/www.youtube.com\/embed\/JMxLq3RG3LM?feature=oembed\" frameborder=\"0\" allow=\"accelerometer; autoplay; clipboard-write; encrypted-media; gyroscope; picture-in-picture; web-share\" referrerpolicy=\"strict-origin-when-cross-origin\" allowfullscreen><\/iframe>\n<\/div><\/figure>\n\n\n\n<h3 class=\"wp-block-heading\" id=\"p-1777312420010-90224\">El estadio m\u00e1s caro del mundo<\/h3>\n\n\n\n<p id=\"p-1777312420010-41941\">El SoFi Stadium es considerado el estadio m\u00e1s caro del mundo, con una&nbsp;<strong>inversi\u00f3n superior a los 5 mil millones de d\u00f3lares<\/strong>. El proyecto fue impulsado por&nbsp;<strong>Stan Kroenke<\/strong>, propietario de&nbsp;<strong>Los Angeles Rams<\/strong>, y qued\u00f3 oficialmente inaugurado en septiembre de 2020, en plena etapa de expansi\u00f3n de los grandes recintos deportivos en Estados Unidos.<\/p>\n\n\n\n<p id=\"p-1777312420010-9799\">Su construcci\u00f3n no estuvo pensada para un solo equipo ni para un uso limitado. El estadio es sede compartida de&nbsp;<strong>Los Angeles Rams&nbsp;<\/strong>y&nbsp;<strong>Los Angeles Chargers<\/strong>, dos franquicias de la&nbsp;<strong>NFL<\/strong>, lo que le permite mantener actividad constante durante la temporada de f\u00fatbol americano y tambi\u00e9n recibir eventos de gran escala fuera del calendario deportivo. El costo de la obra se explica por su dimensi\u00f3n, su techo cubierto, la tecnolog\u00eda incorporada y el desarrollo urbano que lo rodea.<\/p>\n\n\n\n<figure class=\"wp-block-image\"><img decoding=\"async\" src=\"https:\/\/media.ambito.com\/p\/cb6b2f83b509afd2ced5ebc0adf9489d\/adjuntos\/239\/imagenes\/043\/331\/0043331406\/rams-sofi-stadium-los-angeles-harry-howgetty-images.jpg?2026-04-27-15-00-53\" alt=\"El recinto deportivo es la casa de los Rams y los Chargers, dos equipos ic\u00f3nicos de Los \u00c1ngeles en la NFL.\" title=\"El recinto deportivo es la casa de los Rams y los Chargers, dos equipos ic\u00f3nicos de Los \u00c1ngeles en la NFL.\"\/><\/figure>\n\n\n\n<p id=\"p-1777312956202-41158\">El recinto deportivo es la casa de los Rams y los Chargers, dos equipos ic\u00f3nicos de Los \u00c1ngeles en la NFL.<\/p>\n\n\n\n<p>Harry How\/Getty Images<\/p>\n\n\n\n<h3 class=\"wp-block-heading\" id=\"p-1777312420010-89273\">Capacidad e infraestructura<\/h3>\n\n\n\n<p id=\"p-1777312420010-26715\">Para el Mundial 2026, el estadio tendr\u00e1 una<strong>&nbsp;capacidad aproximada de 70.000 espectadores<\/strong>, aunque su estructura permite ampliarse hasta cerca de&nbsp;<strong>100.000 personas en determinados eventos<\/strong>. Adem\u00e1s, cuenta con&nbsp;<strong>m\u00e1s de 260 suites de lujo y unos 13.000 asientos premium<\/strong>, una configuraci\u00f3n habitual en los grandes recintos deportivos de Estados Unidos.<\/p>\n\n\n\n<p id=\"p-1777312420010-27926\">Uno de sus elementos m\u00e1s llamativos es la&nbsp;<strong>pantalla ovalada suspendida sobre el camp<\/strong>o, con una superficie cercana a los 6.500 metros cuadrados y ubicada a unos 37 metros de altura. Su dise\u00f1o permite que el p\u00fablico tenga acceso a im\u00e1genes y repeticiones desde distintos sectores del estadio.<\/p>\n\n\n\n<p id=\"p-1777312420010-50789\"><strong>El techo transl\u00facido<\/strong>&nbsp;cubre una superficie cercana a los<strong>&nbsp;93.000 metros cuadrados&nbsp;<\/strong>y permite el ingreso parcial de luz natural. Como esa entrada de luz no es total, el estadio utiliza sistemas de iluminaci\u00f3n artificial para favorecer el crecimiento del c\u00e9sped, un punto clave de cara al Mundial 2026,&nbsp;<strong>porque la cancha habitual ser\u00e1 reemplazada por una superficie natural.<\/strong><\/p>\n\n\n\n<p id=\"p-1777312420010-6099\">El complejo tambi\u00e9n cuenta con una plaza exterior de una hect\u00e1rea, el&nbsp;<strong>YouTube Theatre<\/strong>&nbsp;con capacidad para 6.000 personas y un lago artificial de casi 2,5 hect\u00e1reas. Estos espacios forman parte de la infraestructura que rodea al estadio y explican por qu\u00e9 el recinto fue dise\u00f1ado como un centro de eventos, no solo como una sede deportiva.<\/p>\n\n\n\n<h3 class=\"wp-block-heading\" id=\"p-1777312420010-25168\">Las modificaciones para el Mundial 2026<\/h3>\n\n\n\n<p id=\"p-1777312420010-5987\">El SoFi Stadium&nbsp;<strong>fue dise\u00f1ado originalmente para f\u00fatbol americano<\/strong>, por lo que debi\u00f3 realizar modificaciones para cumplir con las medidas exigidas por la FIFA. Una de las intervenciones m\u00e1s importantes fue la remoci\u00f3n de cerca de 400 asientos en las esquinas, necesaria para ampliar el espacio disponible para el campo de juego.<\/p>\n\n\n\n<p id=\"p-1777312420010-15368\">Adem\u00e1s,&nbsp;<strong>el terreno ser\u00e1 elevado&nbsp;<\/strong>unos 76 cent\u00edmetros para instalar una cancha con las dimensiones reglamentarias del f\u00fatbol. Sobre esa nueva base se colocar\u00e1 c\u00e9sped natural, en reemplazo de la superficie sint\u00e9tica utilizada habitualmente por los equipos de la NFL.<\/p>\n\n\n\n<p id=\"p-1777312420010-63658\">La adaptaci\u00f3n tambi\u00e9n<strong>&nbsp;incluye cambios<\/strong>&nbsp;en sectores desmontables de la estructura inferior del estadio. Estas obras permiten ajustar el recinto a un campo m\u00e1s grande que el de f\u00fatbol americano, sin modificar de manera permanente toda la configuraci\u00f3n del lugar.<\/p>\n\n\n\n<p id=\"p-1777312420010-55330\">El uso de c\u00e9sped natural&nbsp;<strong>exige trabajos adicionales de mantenimiento.<\/strong>&nbsp;Por eso, el estadio utiliza sistemas de iluminaci\u00f3n artificial para compensar la luz limitada que ingresa por el techo transl\u00facido, que deja pasar alrededor del 65% de la luz solar natural.<\/p>\n\n\n\n<figure class=\"wp-block-image\"><img decoding=\"async\" src=\"https:\/\/media.ambito.com\/p\/449c9795514d9bec92087cd350b7ce40\/adjuntos\/239\/imagenes\/043\/331\/0043331368\/sofi-stadium-los-angeles-luke-halesgetty-images.jpg?2026-04-27-14-58-53\" alt=\"Estados Unidos debutar\u00e1 aqu\u00ed en el Mundial 2026.\" title=\"Estados Unidos debutar\u00e1 aqu\u00ed en el Mundial 2026.\"\/><\/figure>\n\n\n\n<p id=\"p-1777313027307-99487\">Estados Unidos debutar\u00e1 aqu\u00ed en el Mundial 2026.<\/p>\n\n\n\n<h3 class=\"wp-block-heading\" id=\"p-1777312420010-45126\">Qu\u00e9 partidos se jugar\u00e1n en el SoFi Stadium<\/h3>\n\n\n\n<p id=\"p-1777312420010-20632\">El estadio tendr\u00e1&nbsp;<strong>ocho partidos durante el Mundial 2026<\/strong>, con cinco encuentros de fase de grupos y tres cruces de eliminaci\u00f3n directa. La sede recibir\u00e1 dos partidos de Estados Unidos en la primera ronda y tambi\u00e9n tendr\u00e1 actividad en 16avos de final y cuartos de final.<\/p>\n\n\n\n<ul id=\"p-1777312420010-41097\" class=\"wp-block-list\">\n<li><strong>Estados Unidos vs. Paraguay.<\/strong>\u00a012 de junio de 2026 (Grupo D)<\/li>\n\n\n\n<li><strong>Ir\u00e1n vs. Nueva Zelanda<\/strong>. 15 de junio de 2026 (Grupo G)<\/li>\n\n\n\n<li><strong>Suiza vs. Bosnia y Herzegovina.\u00a0<\/strong>18 de junio de 2026 (Grupo B)<\/li>\n\n\n\n<li><strong>B\u00e9lgica vs. Ir\u00e1n.<\/strong>\u00a021 de junio de 2026 (Grupo G)<\/li>\n\n\n\n<li><strong>Turqu\u00eda vs. Estados Unidos<\/strong>. 25 de junio de 2026 (Grupo D)<\/li>\n\n\n\n<li><strong>16avos de final.<\/strong>\u00a028 de junio de 2026<\/li>\n\n\n\n<li><strong>16avos de final.<\/strong>\u00a02 de julio de 2026<\/li>\n\n\n\n<li><strong>Cuartos de final.<\/strong>\u00a010 de julio de 2026<\/li>\n<\/ul>\n\n\n\n<h3 class=\"wp-block-heading\" id=\"p-1777312420010-36899\">Todo lo que ten\u00e9s que saber del Fan Festival<\/h3>\n\n\n\n<p id=\"p-1777312420010-86623\">El FIFA Fan Festival de Los \u00c1ngeles&nbsp;<strong>se realizar\u00e1 en el Memorial Coliseum<\/strong>, ubicado en Exposition Park, entre el&nbsp;<strong>11 y el 14 de junio.<\/strong>&nbsp;El evento funcionar\u00e1 como uno de los puntos centrales para seguir el Mundial fuera del estadio, con transmisiones en vivo de partidos, m\u00fasica, experiencias interactivas, programaci\u00f3n cultural y una propuesta gastron\u00f3mica inspirada en la ciudad.<\/p>\n\n\n\n<p id=\"p-1777312420010-94537\">Es uno de los recintos deportivos m\u00e1s hist\u00f3ricos de Estados Unidos. Fue sede de dos Juegos Ol\u00edmpicos, dos Super Bowls, una Serie Mundial de b\u00e9isbol, una misa papal y visitas de tres presidentes del pa\u00eds, por lo que suma un&nbsp;<strong>peso simb\u00f3lico importante<\/strong>&nbsp;dentro de la agenda del Mundial 2026 en Los \u00c1ngeles.<\/p>\n\n\n\n<p id=\"p-1777312420010-88994\">La elecci\u00f3n de ese espacio permite ampliar la experiencia del torneo m\u00e1s all\u00e1 del SoFi Stadium. Mientras el estadio concentrar\u00e1 los partidos oficiales, el Fan Festival<strong>&nbsp;funcionar\u00e1 como un lugar de encuentro&nbsp;<\/strong>para quienes busquen vivir el ambiente de la Copa del Mundo en la ciudad durante los primeros d\u00edas de la competencia.<\/p>\n","protected":false},"excerpt":{"rendered":"<p>Este escenario ser\u00e1 testigo de varios juegos clave durante la Copa del Mundo y arrastra una inversi\u00f3n que lo posiciona como el m\u00e1s caro del&hellip; <\/p>\n","protected":false},"author":2,"featured_media":39636,"comment_status":"open","ping_status":"open","sticky":false,"template":"","format":"standard","meta":{"footnotes":""},"categories":[10],"tags":[],"class_list":["post-39635","post","type-post","status-publish","format-standard","has-post-thumbnail","hentry","category-deportes"],"_links":{"self":[{"href":"https:\/\/lametro989.com\/index.php?rest_route=\/wp\/v2\/posts\/39635","targetHints":{"allow":["GET"]}}],"collection":[{"href":"https:\/\/lametro989.com\/index.php?rest_route=\/wp\/v2\/posts"}],"about":[{"href":"https:\/\/lametro989.com\/index.php?rest_route=\/wp\/v2\/types\/post"}],"author":[{"embeddable":true,"href":"https:\/\/lametro989.com\/index.php?rest_route=\/wp\/v2\/users\/2"}],"replies":[{"embeddable":true,"href":"https:\/\/lametro989.com\/index.php?rest_route=%2Fwp%2Fv2%2Fcomments&post=39635"}],"version-history":[{"count":1,"href":"https:\/\/lametro989.com\/index.php?rest_route=\/wp\/v2\/posts\/39635\/revisions"}],"predecessor-version":[{"id":39637,"href":"https:\/\/lametro989.com\/index.php?rest_route=\/wp\/v2\/posts\/39635\/revisions\/39637"}],"wp:featuredmedia":[{"embeddable":true,"href":"https:\/\/lametro989.com\/index.php?rest_route=\/wp\/v2\/media\/39636"}],"wp:attachment":[{"href":"https:\/\/lametro989.com\/index.php?rest_route=%2Fwp%2Fv2%2Fmedia&parent=39635"}],"wp:term":[{"taxonomy":"category","embeddable":true,"href":"https:\/\/lametro989.com\/index.php?rest_route=%2Fwp%2Fv2%2Fcategories&post=39635"},{"taxonomy":"post_tag","embeddable":true,"href":"https:\/\/lametro989.com\/index.php?rest_route=%2Fwp%2Fv2%2Ftags&post=39635"}],"curies":[{"name":"wp","href":"https:\/\/api.w.org\/{rel}","templated":true}]}}