{"id":39642,"date":"2026-04-29T07:20:17","date_gmt":"2026-04-29T10:20:17","guid":{"rendered":"https:\/\/lametro989.com\/?p=39642"},"modified":"2026-04-29T07:20:17","modified_gmt":"2026-04-29T10:20:17","slug":"luis-caputo-en-expoefi-2026-el-riesgo-kuka-hoy-es-cero","status":"publish","type":"post","link":"https:\/\/lametro989.com\/?p=39642","title":{"rendered":"Luis Caputo en ExpoEFI 2026: &#8220;El riesgo kuka hoy es cero&#8221;"},"content":{"rendered":"\n<p>El funcionario descart\u00f3 cualquier posibilidad de un retorno del\u00a0<strong>kirchnerismo<\/strong>\u00a0al poder y enfatiz\u00f3 que la\u00a0<strong>Argentina<\/strong>\u00a0atraviesa un\u00a0<strong>&#8220;cambio hist\u00f3rico&#8221;<\/strong>\u00a0irreversible.<\/p>\n\n\n\n<figure class=\"wp-block-image size-full\"><img loading=\"lazy\" decoding=\"async\" width=\"850\" height=\"567\" src=\"https:\/\/lametro989.com\/wp-content\/uploads\/2026\/04\/image-305.png\" alt=\"\" class=\"wp-image-39643\" srcset=\"https:\/\/lametro989.com\/wp-content\/uploads\/2026\/04\/image-305.png 850w, https:\/\/lametro989.com\/wp-content\/uploads\/2026\/04\/image-305-300x200.png 300w, https:\/\/lametro989.com\/wp-content\/uploads\/2026\/04\/image-305-768x512.png 768w\" sizes=\"auto, (max-width: 850px) 100vw, 850px\" \/><\/figure>\n\n\n\n<p>Durante la apertura de la edici\u00f3n&nbsp;<strong>2026<\/strong>&nbsp;de la&nbsp;<strong>ExpoEFI<\/strong>&nbsp;(Econom\u00eda + Finanzas + Inversiones) en el&nbsp;<strong>Centro de Convenciones de Buenos Aires<\/strong>, el ministro de Econom\u00eda,&nbsp;<strong>Luis Caputo<\/strong>, lanz\u00f3 fuertes declaraciones sobre el escenario pol\u00edtico y econ\u00f3mico del pa\u00eds.<\/p>\n\n\n\n<p>El titular del Palacio de Hacienda fue tajante al afirmar que el denominado&nbsp;<strong>&#8220;riesgo kuka&#8221; es inexistente en la actualidad<\/strong>. Seg\u00fan Caputo, esta percepci\u00f3n se basa en sus di\u00e1logos con gobernadores peronistas, quienes, seg\u00fan sus palabras,&nbsp;&#8220;hoy no quieren ni ver a los kirchneristas&#8221;. El ministro critic\u00f3 lo que considera una subestimaci\u00f3n hacia la sociedad por parte de quienes intentan instalar la idea de un posible regreso al pasado, calificando dicha posibilidad como carente de credibilidad.<\/p>\n\n\n\n<p><strong>&nbsp;Caputo enumer\u00f3 las consecuencias que, a su criterio, implicar\u00eda volver a la gesti\u00f3n anterior:&nbsp;<\/strong><\/p>\n\n\n\n<ul class=\"wp-block-list\">\n<li>Enfrentar nuevamente una\u00a0<strong>inflaci\u00f3n del 1,5% diario<\/strong>.<\/li>\n\n\n\n<li>Sufrir episodios de\u00a0<strong>desabastecimiento<\/strong>\u00a0y la persistencia de &#8220;gerentes de la pobreza&#8221;.<\/li>\n\n\n\n<li>Convivir con una\u00a0<strong>brecha cambiaria del 200%<\/strong>\u00a0y niveles de pobreza superiores al 50%.<\/li>\n\n\n\n<li>El regreso de los piquetes constantes en la v\u00eda p\u00fablica.<\/li>\n<\/ul>\n\n\n\n<h2 class=\"wp-block-heading\"><strong>Proyecciones de crecimiento y mensaje a inversores<\/strong>&nbsp;<\/h2>\n\n\n\n<p>M\u00e1s all\u00e1 de la confrontaci\u00f3n pol\u00edtica, el ministro ratific\u00f3 el rumbo econ\u00f3mico bas\u00e1ndose en las proyecciones del&nbsp;<strong>Fondo Monetario Internacional (FMI)<\/strong>. Seg\u00fan estas estimaciones, la Argentina podr\u00eda alcanzar un&nbsp;<strong>crecimiento cercano al 20%<\/strong>&nbsp;en el per\u00edodo comprendido entre 2023 y 2027. Caputo vaticin\u00f3 que el pa\u00eds se convertir\u00e1 en un&nbsp;&#8220;ejemplo para el mundo&#8221;&nbsp;y que la econom\u00eda argentina ser\u00e1 la que m\u00e1s crezca en los pr\u00f3ximos 30 a\u00f1os.<\/p>\n\n\n\n<p>Finalmente, inst\u00f3 a los empresarios a cambiar su perspectiva sobre el riesgo pa\u00eds. Asegur\u00f3 que hoy el verdadero peligro no es la inestabilidad pol\u00edtica, sino el&nbsp;<strong>&#8220;downside&#8221; de perderse la oportunidad de invertir<\/strong>&nbsp;en una naci\u00f3n con alto potencial de desarrollo. En este marco de optimismo oficial,&nbsp;el Gobierno tambi\u00e9n proyecta ingresos por&nbsp;<strong>U$S 2.000 millones<\/strong>&nbsp;para este a\u00f1o mediante el avance en privatizaciones y concesiones.<\/p>\n","protected":false},"excerpt":{"rendered":"<p>El funcionario descart\u00f3 cualquier posibilidad de un retorno del\u00a0kirchnerismo\u00a0al poder y enfatiz\u00f3 que la\u00a0Argentina\u00a0atraviesa un\u00a0&#8220;cambio hist\u00f3rico&#8221;\u00a0irreversible. Durante la apertura de la edici\u00f3n&nbsp;2026&nbsp;de la&nbsp;ExpoEFI&nbsp;(Econom\u00eda + Finanzas&hellip; <\/p>\n","protected":false},"author":2,"featured_media":39643,"comment_status":"open","ping_status":"open","sticky":false,"template":"","format":"standard","meta":{"footnotes":""},"categories":[9,5],"tags":[],"class_list":["post-39642","post","type-post","status-publish","format-standard","has-post-thumbnail","hentry","category-destacadas","category-politica"],"_links":{"self":[{"href":"https:\/\/lametro989.com\/index.php?rest_route=\/wp\/v2\/posts\/39642","targetHints":{"allow":["GET"]}}],"collection":[{"href":"https:\/\/lametro989.com\/index.php?rest_route=\/wp\/v2\/posts"}],"about":[{"href":"https:\/\/lametro989.com\/index.php?rest_route=\/wp\/v2\/types\/post"}],"author":[{"embeddable":true,"href":"https:\/\/lametro989.com\/index.php?rest_route=\/wp\/v2\/users\/2"}],"replies":[{"embeddable":true,"href":"https:\/\/lametro989.com\/index.php?rest_route=%2Fwp%2Fv2%2Fcomments&post=39642"}],"version-history":[{"count":1,"href":"https:\/\/lametro989.com\/index.php?rest_route=\/wp\/v2\/posts\/39642\/revisions"}],"predecessor-version":[{"id":39644,"href":"https:\/\/lametro989.com\/index.php?rest_route=\/wp\/v2\/posts\/39642\/revisions\/39644"}],"wp:featuredmedia":[{"embeddable":true,"href":"https:\/\/lametro989.com\/index.php?rest_route=\/wp\/v2\/media\/39643"}],"wp:attachment":[{"href":"https:\/\/lametro989.com\/index.php?rest_route=%2Fwp%2Fv2%2Fmedia&parent=39642"}],"wp:term":[{"taxonomy":"category","embeddable":true,"href":"https:\/\/lametro989.com\/index.php?rest_route=%2Fwp%2Fv2%2Fcategories&post=39642"},{"taxonomy":"post_tag","embeddable":true,"href":"https:\/\/lametro989.com\/index.php?rest_route=%2Fwp%2Fv2%2Ftags&post=39642"}],"curies":[{"name":"wp","href":"https:\/\/api.w.org\/{rel}","templated":true}]}}