{"id":39645,"date":"2026-04-29T07:23:48","date_gmt":"2026-04-29T10:23:48","guid":{"rendered":"https:\/\/lametro989.com\/?p=39645"},"modified":"2026-04-29T07:23:48","modified_gmt":"2026-04-29T10:23:48","slug":"federico-sturzenegger-impulsa-una-ley-para-habilitar-empresas-gestionadas-solo-por-inteligencia-artificial","status":"publish","type":"post","link":"https:\/\/lametro989.com\/?p=39645","title":{"rendered":"Federico Sturzenegger impulsa una ley para habilitar empresas gestionadas solo por inteligencia artificial"},"content":{"rendered":"\n<p>El paquete de reformas incluye eliminar normas &#8220;obsoletas&#8221; y cambios en la propiedad privada. Tambi\u00e9n busca modificar la Ley de Sociedades.<\/p>\n\n\n\n<figure class=\"wp-block-image size-full\"><img loading=\"lazy\" decoding=\"async\" width=\"610\" height=\"456\" src=\"https:\/\/lametro989.com\/wp-content\/uploads\/2026\/04\/image-306.png\" alt=\"\" class=\"wp-image-39646\" srcset=\"https:\/\/lametro989.com\/wp-content\/uploads\/2026\/04\/image-306.png 610w, https:\/\/lametro989.com\/wp-content\/uploads\/2026\/04\/image-306-300x224.png 300w\" sizes=\"auto, (max-width: 610px) 100vw, 610px\" \/><\/figure>\n\n\n\n<p id=\"p-1777417584799-20764\">El ministro de Desregulaci\u00f3n y Transformaci\u00f3n,&nbsp;<a href=\"https:\/\/www.minutouno.com\/politica\/federico-sturzenegger-justifica-los-despidos-el-smn-y-llama-echar-al-85-los-trabajadores-n6271068\" target=\"_blank\" rel=\"noreferrer noopener\"><strong>Federico Sturzenegger<\/strong><\/a>, anunci\u00f3 un paquete de proyectos de ley que el Gobierno enviar\u00e1 al Congreso, que incluye cambios en la Ley de Sociedades para habilitar empresas basadas en inteligencia artificial sin intervenci\u00f3n humana.<\/p>\n\n\n\n<p id=\"p-1777417584799-61703\">Durante su exposici\u00f3n en Expo EFI, el funcionario detall\u00f3 que se trata de seis iniciativas que forman parte de lo que el presidente Javier Milei define como una agenda de fuerte transformaci\u00f3n legislativa. Entre ellas, destac\u00f3 la modificaci\u00f3n de la Ley de Sociedades, orientada a modernizar y digitalizar el sistema, incorporando figuras jur\u00eddicas para compa\u00f1\u00edas operadas por inteligencia artificial. Seg\u00fan explic\u00f3, la propuesta apunta a posicionar a la Argentina frente a un eventual escenario donde gran parte de la econom\u00eda global est\u00e9 impulsada por sistemas automatizados y&nbsp;<strong>sostuvo que el pa\u00eds podr\u00eda convertirse en sede de millones de agentes de IA que generen producci\u00f3n y tributen localmente.<\/strong><\/p>\n\n\n\n<p id=\"p-1777417584799-46360\">Como ejemplo, mencion\u00f3 el caso de Irlanda y el impacto que tuvo la radicaci\u00f3n de activos vinculados a Apple en su econom\u00eda. En ese marco, plante\u00f3 que una estrategia similar permitir\u00eda ampliar la base productiva nacional en los pr\u00f3ximos a\u00f1os.<\/p>\n\n\n\n<p id=\"p-1777417584799-92587\">De acuerdo a lo consignado por la periodista Solange Rial en&nbsp;<em>\u00c1mbito.com<\/em>,&nbsp;<strong>el paquete tambi\u00e9n contempla iniciativas sobre inviolabilidad de la propiedad privada, con posibles modificaciones en reg\u00edmenes de protecci\u00f3n, desalojos y uso de armas de fuego.<\/strong><\/p>\n\n\n\n<p id=\"p-1777417584799-50361\">Federico Sturzenegger dijo que el objetivo es avanzar en una reforma<strong>&nbsp;&#8220;transformadora y de largo alcance&#8221;,<\/strong>&nbsp;con el foco puesto en atraer inversiones y adaptar el marco legal a los cambios tecnol\u00f3gicos.<\/p>\n\n\n\n<h2 class=\"wp-block-heading\" id=\"p-1777417790091-41489\">Federico Sturzenegger justifica los despidos en el SMN y llama a echar al 85% de los trabajadores<\/h2>\n\n\n\n<p id=\"p-1777245346555-40969\">En un intento de justificar el ajuste y los despidos, el ministro de Desregulaci\u00f3n y Transformaci\u00f3n del Estado,&nbsp;<strong>Federico Sturzenegger<\/strong>, sacudi\u00f3 las redes sociales con su argumento de lo que describe como una &#8220;historia incre\u00edble&#8221; de ineficiencia tecnol\u00f3gica en&nbsp;<a href=\"https:\/\/www.minutouno.com\/sociedad\/paro-el-servicio-meteorologico-nacional-que-resolvio-ate-la-presion-del-gobierno-n6270343\" target=\"_blank\" rel=\"noreferrer noopener\">el&nbsp;<strong>Servicio Meteorol\u00f3gico Nacional (SMN)<\/strong><\/a><strong>.<\/strong><\/p>\n\n\n\n<p id=\"p-1777245346555-89503\">Seg\u00fan el funcionario, el organismo opera bajo un esquema detenido en el tiempo, priorizando procesos manuales por sobre la automatizaci\u00f3n que hoy es est\u00e1ndar global.<\/p>\n\n\n\n<p id=\"p-1777245464904-67819\">\u201cSiempre est\u00e1 la pregunta sobre el eventual destino del personal que ya no tendr\u00eda lugar en un SMN moderno. Es una preocupaci\u00f3n que siempre hay que tener. Pero los millones de d\u00f3lares anuales que requieren hoy esos sueldos es dinero que pagan otras familias, reduciendo su poder de compra y por ende su capacidad de gastar y sostener otros empleos en otros lugares\u201d, se\u00f1al\u00f3.<\/p>\n\n\n\n<p id=\"p-1777245346555-79053\">De acuerdo con la versi\u00f3n oficial, la estructura actual del SMN revela una desproporci\u00f3n entre el personal de apoyo y el cuerpo profesional. Sturzenegger afirma que hay unas 1.000 personas en total, con solo 20 meteor\u00f3logos, en aproximadamente 100 estaciones meteorol\u00f3gicas, muchas con m\u00e1s de 50 a\u00f1os de antig\u00fcedad.<\/p>\n\n\n\n<p id=\"p-1777245346555-25494\">Lo que m\u00e1s resalta en el relato es el m\u00e9todo de recolecci\u00f3n de datos. En plena era de sat\u00e9lites y Big Data, el SMN todav\u00eda depender\u00eda de&nbsp;<strong>operadores que anotan mediciones en planillas de papel<\/strong>. Luego, esa informaci\u00f3n se vuelca en un sistema operativo&nbsp;<strong>DOS<\/strong>&nbsp;(tecnolog\u00eda de los a\u00f1os 80) para ser enviada a los meteor\u00f3logos.<\/p>\n\n\n\n<p id=\"p-1777420536484-45586\"><strong>Los argumentos de Federico Sturzenegger contra el Servicio Meteorol\u00f3gico Nacional:<\/strong><\/p>\n\n\n\n<p id=\"p-1777245346555-33081\">Sturzenegger argumenta que este modelo no solo es obsoleto, sino extremadamente costoso.&nbsp;&#8220;Los sueldos de esas 7 personas [por estaci\u00f3n] permiten pagar una estaci\u00f3n moderna (la mejor disponible a nivel mundial) que transmite esos datos en tiempo real y sin necesidad de personal alguno&#8221;, se\u00f1al\u00f3.<\/p>\n\n\n\n<p id=\"p-1777417584799-61703\"><strong>El ministro sostiene que el organismo podr\u00eda funcionar con mayor precisi\u00f3n y un presupuesto significativamente menor, operando con unas 150 personas en lugar de las 1.000 actuales, si se aplicara una modernizaci\u00f3n dr\u00e1stica.<\/strong> \u201cQuiz\u00e1s llama la atenci\u00f3n tanta gente de apoyo a 20 meteor\u00f3logos, pero resulta que los datos \u2013en la \u00e9poca de los sat\u00e9lites y las comunicaciones\u2013 se recogen manualmente\u201d, ironiz\u00f3.<\/p>\n\n\n\n<p id=\"p-1777245346555-75677\">La cr\u00edtica no se queda solo en lo presupuestario. El ministro vincula la falta de modernizaci\u00f3n con una mayor vulnerabilidad ante desastres clim\u00e1ticos, citando tragedias pasadas en&nbsp;<strong>La Plata<\/strong>&nbsp;o&nbsp;<strong>Bah\u00eda Blanca<\/strong>.<\/p>\n\n\n\n<p id=\"p-1777417584799-61703\">Sturzenegger tambi\u00e9n apunt\u00f3 contra administraciones previas del \u00e1rea de Defensa por<strong>&nbsp;no haber encarado una modernizaci\u00f3n similar con anterioridad.&nbsp;<\/strong>\u201c\u00bfQu\u00e9 hicieron todos los ministros de Defensa anteriores?\u201d, cuestion\u00f3, y elogi\u00f3 la gesti\u00f3n actual encabezada por Luis Petri.<\/p>\n","protected":false},"excerpt":{"rendered":"<p>El paquete de reformas incluye eliminar normas &#8220;obsoletas&#8221; y cambios en la propiedad privada. Tambi\u00e9n busca modificar la Ley de Sociedades. El ministro de Desregulaci\u00f3n&hellip; <\/p>\n","protected":false},"author":2,"featured_media":39646,"comment_status":"open","ping_status":"open","sticky":false,"template":"","format":"standard","meta":{"footnotes":""},"categories":[5],"tags":[],"class_list":["post-39645","post","type-post","status-publish","format-standard","has-post-thumbnail","hentry","category-politica"],"_links":{"self":[{"href":"https:\/\/lametro989.com\/index.php?rest_route=\/wp\/v2\/posts\/39645","targetHints":{"allow":["GET"]}}],"collection":[{"href":"https:\/\/lametro989.com\/index.php?rest_route=\/wp\/v2\/posts"}],"about":[{"href":"https:\/\/lametro989.com\/index.php?rest_route=\/wp\/v2\/types\/post"}],"author":[{"embeddable":true,"href":"https:\/\/lametro989.com\/index.php?rest_route=\/wp\/v2\/users\/2"}],"replies":[{"embeddable":true,"href":"https:\/\/lametro989.com\/index.php?rest_route=%2Fwp%2Fv2%2Fcomments&post=39645"}],"version-history":[{"count":1,"href":"https:\/\/lametro989.com\/index.php?rest_route=\/wp\/v2\/posts\/39645\/revisions"}],"predecessor-version":[{"id":39647,"href":"https:\/\/lametro989.com\/index.php?rest_route=\/wp\/v2\/posts\/39645\/revisions\/39647"}],"wp:featuredmedia":[{"embeddable":true,"href":"https:\/\/lametro989.com\/index.php?rest_route=\/wp\/v2\/media\/39646"}],"wp:attachment":[{"href":"https:\/\/lametro989.com\/index.php?rest_route=%2Fwp%2Fv2%2Fmedia&parent=39645"}],"wp:term":[{"taxonomy":"category","embeddable":true,"href":"https:\/\/lametro989.com\/index.php?rest_route=%2Fwp%2Fv2%2Fcategories&post=39645"},{"taxonomy":"post_tag","embeddable":true,"href":"https:\/\/lametro989.com\/index.php?rest_route=%2Fwp%2Fv2%2Ftags&post=39645"}],"curies":[{"name":"wp","href":"https:\/\/api.w.org\/{rel}","templated":true}]}}