{"id":39648,"date":"2026-04-29T07:25:35","date_gmt":"2026-04-29T10:25:35","guid":{"rendered":"https:\/\/lametro989.com\/?p=39648"},"modified":"2026-04-29T07:25:35","modified_gmt":"2026-04-29T10:25:35","slug":"la-furia-de-javier-milei-cuando-un-libertario-pregunto-por-la-suba-de-la-inflacion-no-es-el-lugar","status":"publish","type":"post","link":"https:\/\/lametro989.com\/?p=39648","title":{"rendered":"La furia de Javier Milei cuando un libertario pregunt\u00f3 por la suba de la inflaci\u00f3n: &#8220;No es el lugar&#8230;&#8221;"},"content":{"rendered":"\n<p>En un evento libertario en el Palacio Libertad, el Presidente se irrit\u00f3 por la genunia consulta de un seguidor.<\/p>\n\n\n\n<figure class=\"wp-block-image size-full\"><img loading=\"lazy\" decoding=\"async\" width=\"610\" height=\"457\" src=\"https:\/\/lametro989.com\/wp-content\/uploads\/2026\/04\/image-307.png\" alt=\"\" class=\"wp-image-39649\" srcset=\"https:\/\/lametro989.com\/wp-content\/uploads\/2026\/04\/image-307.png 610w, https:\/\/lametro989.com\/wp-content\/uploads\/2026\/04\/image-307-300x225.png 300w\" sizes=\"auto, (max-width: 610px) 100vw, 610px\" \/><\/figure>\n\n\n\n<p id=\"p-1777419597136-76540\">En un marco at\u00edpico para la agenda pol\u00edtica actual, el presidente&nbsp;<strong><a href=\"https:\/\/www.minutouno.com\/politica\/con-un-discurso-repetido-javier-milei-nego-la-crisis-del-salario-y-el-empleo-lo-peor-ya-paso-n6271514\" target=\"_blank\" rel=\"noreferrer noopener\">Javier Milei<\/a><\/strong>&nbsp;encabez\u00f3 este martes una jornada acad\u00e9mica en el&nbsp;<strong>Palacio Libertad<\/strong>&nbsp;centrada en la figura y el legado de John Maynard Keynes, y en la que casi pierde los estribos ante la pregunta de un libertario sobre la suba de la&nbsp;<strong>inflaci\u00f3n<\/strong>.<\/p>\n\n\n\n<p id=\"p-1777419623255-74082\">El mandatario comparti\u00f3 el estrado con el diputado nacional\u00a0<strong>Adri\u00e1n Ravier<\/strong>\u00a0y el economista\u00a0<strong>Juan Carlos de Pablo<\/strong>, en un debate que oscil\u00f3 entre la teor\u00eda econ\u00f3mica y la cr\u00edtica a la intervenci\u00f3n estatal. La jornada fue presentada como un espacio de reflexi\u00f3n te\u00f3rica, donde Milei volvi\u00f3 a exponer sus fundamentos contra el modelo keynesiano, secundado por Ravier y De Pablo. Sin embargo, el clima de intelectualidad se rompi\u00f3 abruptamente cuando la actualidad econ\u00f3mica se filtr\u00f3 en el recinto.<\/p>\n\n\n\n<p id=\"p-1777419597136-24967\">A pesar de ser un evento rodeado mayoritariamente por seguidores y figuras afines a las ideas libertarias, el Presidente protagoniz\u00f3 un cruce inc\u00f3modo con uno de los presentes. Un joven identificado con el movimiento libertario consult\u00f3 al mandatario sobre las preocupaciones actuales respecto al&nbsp;<strong>aumento de la inflaci\u00f3n<\/strong>.<\/p>\n\n\n\n<p id=\"p-1777419597136-67357\">La reacci\u00f3n de Milei fue inmediata y denot\u00f3 una profunda molestia por el cambio de eje de la charla.&nbsp;<strong>&#8220;No es el lugar, maestro, no es el momento ni el lugar&#8221;<\/strong>, repiti\u00f3 el Presidente en varias ocasiones, cortando en seco la intervenci\u00f3n del seguidor.<\/p>\n\n\n\n<p id=\"p-1777419623255-74082\">Visiblemente irritado, el jefe de Estado inst\u00f3 a mantener la discusi\u00f3n dentro de los carriles acad\u00e9micos previstos para la tarde, evitando dar precisiones sobre los \u00edndices de precios en ese contexto. Javier Milei volvi\u00f3 a defender su programa econ\u00f3mico<\/p>\n\n\n\n<p id=\"p-1777431151885-23012\">A lo largo de la charla, Javier Milei volvi\u00f3 a defender su programa econ\u00f3mico y apunt\u00f3 contra &#8220;el entramado corrupto en Argentina&#8221;.<\/p>\n\n\n\n<p id=\"p-1777419623255-74082\">En su intervenci\u00f3n ante funcionarios del Gobierno y militantes de La Libertad Avanza, el mandatario justific\u00f3 los m\u00faltiples frentes de conflicto abiertos por su administraci\u00f3n desde el inicio de la gesti\u00f3n.&nbsp;<strong>&#8220;Meterse con los empresarios corruptos, los medios corruptos y los periodistas corruptos, es decir, con todo el entramado de corrupci\u00f3n en Argentina, no es gratis&#8221;<\/strong>, asegur\u00f3.<\/p>\n","protected":false},"excerpt":{"rendered":"<p>En un evento libertario en el Palacio Libertad, el Presidente se irrit\u00f3 por la genunia consulta de un seguidor. En un marco at\u00edpico para la&hellip; <\/p>\n","protected":false},"author":2,"featured_media":39649,"comment_status":"open","ping_status":"open","sticky":false,"template":"","format":"standard","meta":{"footnotes":""},"categories":[5],"tags":[],"class_list":["post-39648","post","type-post","status-publish","format-standard","has-post-thumbnail","hentry","category-politica"],"_links":{"self":[{"href":"https:\/\/lametro989.com\/index.php?rest_route=\/wp\/v2\/posts\/39648","targetHints":{"allow":["GET"]}}],"collection":[{"href":"https:\/\/lametro989.com\/index.php?rest_route=\/wp\/v2\/posts"}],"about":[{"href":"https:\/\/lametro989.com\/index.php?rest_route=\/wp\/v2\/types\/post"}],"author":[{"embeddable":true,"href":"https:\/\/lametro989.com\/index.php?rest_route=\/wp\/v2\/users\/2"}],"replies":[{"embeddable":true,"href":"https:\/\/lametro989.com\/index.php?rest_route=%2Fwp%2Fv2%2Fcomments&post=39648"}],"version-history":[{"count":1,"href":"https:\/\/lametro989.com\/index.php?rest_route=\/wp\/v2\/posts\/39648\/revisions"}],"predecessor-version":[{"id":39650,"href":"https:\/\/lametro989.com\/index.php?rest_route=\/wp\/v2\/posts\/39648\/revisions\/39650"}],"wp:featuredmedia":[{"embeddable":true,"href":"https:\/\/lametro989.com\/index.php?rest_route=\/wp\/v2\/media\/39649"}],"wp:attachment":[{"href":"https:\/\/lametro989.com\/index.php?rest_route=%2Fwp%2Fv2%2Fmedia&parent=39648"}],"wp:term":[{"taxonomy":"category","embeddable":true,"href":"https:\/\/lametro989.com\/index.php?rest_route=%2Fwp%2Fv2%2Fcategories&post=39648"},{"taxonomy":"post_tag","embeddable":true,"href":"https:\/\/lametro989.com\/index.php?rest_route=%2Fwp%2Fv2%2Ftags&post=39648"}],"curies":[{"name":"wp","href":"https:\/\/api.w.org\/{rel}","templated":true}]}}