{"id":39657,"date":"2026-04-29T07:41:23","date_gmt":"2026-04-29T10:41:23","guid":{"rendered":"https:\/\/lametro989.com\/?p=39657"},"modified":"2026-04-29T07:41:23","modified_gmt":"2026-04-29T10:41:23","slug":"detuvieron-a-un-hincha-de-boca-en-brasil-lo-acusan-de-hacer-gestos-racistas-durante-el-partido-ante-cruzeiro","status":"publish","type":"post","link":"https:\/\/lametro989.com\/?p=39657","title":{"rendered":"Detuvieron a un hincha de Boca en Brasil: lo acusan de hacer gestos racistas durante el partido ante Cruzeiro"},"content":{"rendered":"\n<p>El simpatizante del Xeneize fue retirado de la tribuna visitante por la Polic\u00eda Militar y es acusado de realizar actos discriminatorios en el estadio. <\/p>\n\n\n\n<figure class=\"wp-block-image size-full\"><img loading=\"lazy\" decoding=\"async\" width=\"350\" height=\"196\" src=\"https:\/\/lametro989.com\/wp-content\/uploads\/2026\/04\/image-310.png\" alt=\"\" class=\"wp-image-39658\" srcset=\"https:\/\/lametro989.com\/wp-content\/uploads\/2026\/04\/image-310.png 350w, https:\/\/lametro989.com\/wp-content\/uploads\/2026\/04\/image-310-300x168.png 300w\" sizes=\"auto, (max-width: 350px) 100vw, 350px\" \/><\/figure>\n\n\n\n<p> Este martes, en el marco del partido entre\u00a0<a href=\"https:\/\/tn.com.ar\/deportes\/futbol\/2026\/04\/28\/boca-vs-cruzeiro-por-la-copa-libertadores-formaciones-hora-y-como-ver-por-tv\/\" target=\"_blank\" rel=\"noreferrer noopener\"><strong>Boca y Cruzeiro<\/strong>\u00a0por la Copa\u00a0<strong>Libertadores<\/strong><\/a>, un hincha del Xeneize<strong>\u00a0termin\u00f3 preso tras ser acusado de realizar gestos e insultos discriminatorios contra los simpatizantes brasile\u00f1os<\/strong>\u00a0en el Estadio Mineir\u00e3o.<\/p>\n\n\n\n<p>Seg\u00fan informaron fuentes policiales de Belo Horizonte,<strong>\u00a0el hombre fue captado por las c\u00e1maras del estadio y denunciado por testigos mientras<\/strong>\u00a0<strong>imitaba gestos de mono<\/strong>\u00a0hacia la tribuna local. En un operativo r\u00e1pido, efectivos de la Polic\u00eda Militar ingresaron al sector de la visita y se llevaron al implicado ante la mirada del resto de los hinchas.<\/p>\n\n\n\n<p>Tambi\u00e9n circul\u00f3 un video filmado por un simpatizante de Boca en el que un fan\u00e1tico de Cruzeiro provocaba a la tribuna visitante con un billete argentino. El personal de seguridad no castig\u00f3 a ning\u00fan brasile\u00f1o por esos gestos.<\/p>\n\n\n\n<h2 class=\"wp-block-heading\">Leyes severas y posibles sanciones<\/h2>\n\n\n\n<p>En Brasil, la ley contra la injuria racial fue equiparada recientemente al delito de racismo, lo que lo vuelve&nbsp;<strong>imprescriptible y no excarcelable<\/strong>&nbsp;de forma inmediata. El detenido fue trasladado a una unidad de justicia dentro del estadio para prestar declaraci\u00f3n y podr\u00eda enfrentar una pena de prisi\u00f3n efectiva, adem\u00e1s de la prohibici\u00f3n de ingreso a estadios en territorio brasile\u00f1o.<\/p>\n\n\n\n<p>Por su parte, la&nbsp;<strong>CONMEBOL<\/strong>&nbsp;mantiene una pol\u00edtica de \u201ctolerancia cero\u201d ante estos hechos. Boca podr\u00eda recibir una fuerte multa econ\u00f3mica, que podr\u00eda rondar los 100.000 d\u00f3lares.<\/p>\n","protected":false},"excerpt":{"rendered":"<p>El simpatizante del Xeneize fue retirado de la tribuna visitante por la Polic\u00eda Militar y es acusado de realizar actos discriminatorios en el estadio. Este&hellip; <\/p>\n","protected":false},"author":2,"featured_media":39658,"comment_status":"open","ping_status":"open","sticky":false,"template":"","format":"standard","meta":{"footnotes":""},"categories":[10,9],"tags":[],"class_list":["post-39657","post","type-post","status-publish","format-standard","has-post-thumbnail","hentry","category-deportes","category-destacadas"],"_links":{"self":[{"href":"https:\/\/lametro989.com\/index.php?rest_route=\/wp\/v2\/posts\/39657","targetHints":{"allow":["GET"]}}],"collection":[{"href":"https:\/\/lametro989.com\/index.php?rest_route=\/wp\/v2\/posts"}],"about":[{"href":"https:\/\/lametro989.com\/index.php?rest_route=\/wp\/v2\/types\/post"}],"author":[{"embeddable":true,"href":"https:\/\/lametro989.com\/index.php?rest_route=\/wp\/v2\/users\/2"}],"replies":[{"embeddable":true,"href":"https:\/\/lametro989.com\/index.php?rest_route=%2Fwp%2Fv2%2Fcomments&post=39657"}],"version-history":[{"count":1,"href":"https:\/\/lametro989.com\/index.php?rest_route=\/wp\/v2\/posts\/39657\/revisions"}],"predecessor-version":[{"id":39659,"href":"https:\/\/lametro989.com\/index.php?rest_route=\/wp\/v2\/posts\/39657\/revisions\/39659"}],"wp:featuredmedia":[{"embeddable":true,"href":"https:\/\/lametro989.com\/index.php?rest_route=\/wp\/v2\/media\/39658"}],"wp:attachment":[{"href":"https:\/\/lametro989.com\/index.php?rest_route=%2Fwp%2Fv2%2Fmedia&parent=39657"}],"wp:term":[{"taxonomy":"category","embeddable":true,"href":"https:\/\/lametro989.com\/index.php?rest_route=%2Fwp%2Fv2%2Fcategories&post=39657"},{"taxonomy":"post_tag","embeddable":true,"href":"https:\/\/lametro989.com\/index.php?rest_route=%2Fwp%2Fv2%2Ftags&post=39657"}],"curies":[{"name":"wp","href":"https:\/\/api.w.org\/{rel}","templated":true}]}}