{"id":39660,"date":"2026-04-29T07:56:19","date_gmt":"2026-04-29T10:56:19","guid":{"rendered":"https:\/\/lametro989.com\/?p=39660"},"modified":"2026-04-29T07:56:19","modified_gmt":"2026-04-29T10:56:19","slug":"tiene-cuatro-anos-es-furor-con-sus-videos-sobre-futbol-y-cumplio-su-sueno-de-conocer-a-lionel-scaloni","status":"publish","type":"post","link":"https:\/\/lametro989.com\/?p=39660","title":{"rendered":"Tiene cuatro a\u00f1os, es furor con sus videos sobre f\u00fatbol y cumpli\u00f3 su sue\u00f1o de conocer a Lionel Scaloni"},"content":{"rendered":"\n<p>Salvador Go\u00f1i cumpli\u00f3 el sue\u00f1o de reunirse con el entrenador de la Selecci\u00f3n argentina y cont\u00f3 todos los detalles en un tierno video.  <\/p>\n\n\n\n<figure class=\"wp-block-image size-full\"><img loading=\"lazy\" decoding=\"async\" width=\"450\" height=\"252\" src=\"https:\/\/lametro989.com\/wp-content\/uploads\/2026\/04\/image-311.png\" alt=\"\" class=\"wp-image-39661\" srcset=\"https:\/\/lametro989.com\/wp-content\/uploads\/2026\/04\/image-311.png 450w, https:\/\/lametro989.com\/wp-content\/uploads\/2026\/04\/image-311-300x168.png 300w\" sizes=\"auto, (max-width: 450px) 100vw, 450px\" \/><\/figure>\n\n\n\n<p>La euforia por el Mundial cada vez es m\u00e1s grande, al igual que la expectativa de los hinchas. A menos de dos meses para el arranque de la competencia,\u00a0<a href=\"https:\/\/tn.com.ar\/deportes\/futbol\/2026\/04\/11\/alivio-para-lionel-scaloni-dos-jugadores-de-la-seleccion-argentina-preparan-su-regreso-en-sus-clubes\/\" target=\"_blank\" rel=\"noreferrer noopener\"><strong>Lionel Scaloni\u00a0<\/strong><\/a>tuvo un gesto que lo enaltece y\u00a0<strong>le cumpli\u00f3 el sue\u00f1o a un peque\u00f1o fan\u00e1tico: conoci\u00f3 a Salvador Go\u00f1i,<\/strong>\u00a0un nene de cuatro a\u00f1os que<a href=\"https:\/\/tn.com.ar\/sociedad\/2026\/04\/03\/tiene-4-anos-les-habla-a-messi-y-a-scaloni-como-si-los-conociera-y-se-volvio-un-fenomeno-en-las-redes\/\" target=\"_blank\" rel=\"noreferrer noopener\">\u00a0se volvi\u00f3 viral por sus videos hablando de f\u00fatbol.<\/a><\/p>\n\n\n\n<p>A trav\u00e9s de las redes sociales de su pap\u00e1, Salvi enterneci\u00f3 a sus seguidores con divertidos videos de su vida cotidiana, muy ligada al f\u00fatbol. En sus videos se lo puede ver yendo a la cancha de Estudiantes, alentando a la Selecci\u00f3n argentina e incluso practicando el deporte. Hace algunos meses,&nbsp;<strong>Go\u00f1i grab\u00f3 un video con la ilusi\u00f3n de que Scaloni lo pudiera ver.&nbsp;<\/strong>En las im\u00e1genes hizo ejercicios f\u00edsicos, entren\u00f3 con la pelota y repiti\u00f3 rutinas como si formara parte de una concentraci\u00f3n del seleccionado nacional.<\/p>\n\n\n\n<p>Con total seriedad, pero sin perder la ternura propia de su edad, Salvi mostr\u00f3 su dedicaci\u00f3n diaria y su amor por el f\u00fatbol.&nbsp;<strong>\u201cEntreno todos los d\u00edas\u201d, dijo en un claro mensaje para Scaloni.<\/strong><\/p>\n\n\n\n<p>Ya con el sue\u00f1o cumplido, Salvi grab\u00f3 un video contando sobre este incre\u00edble momento. \u201cNo lo pod\u00eda contar esto. Scaloni levant\u00f3 el tel\u00e9fono\u201d, dijo con su caracter\u00edstico carisma. \u201c<strong>Conocimos a Scaloni. \u00a1Fue una locura! Encima, yo no sab\u00eda que iba a conocerlo. Nunca me voy a olvidar de ese momento tan lindo<\/strong>\u201c.<\/p>\n\n\n\n<p>El peque\u00f1o grab\u00f3 una publicidad y Scaloni irrumpi\u00f3 de sorpresa. \u201c<strong>Yo estaba pateando y apareci\u00f3 Scaloni. Me dijo \u2018pateame a mi, pateame a mi\u2019. Y yo me qued\u00e9 duro de felicidad. Despu\u00e9s me dio un abrazo<\/strong>&nbsp;y me dijo \u2018segu\u00ed entrenando, que vas a llegar a la Selecci\u00f3n y jugar los Mundiales\u2019\u201d, cont\u00f3. Adem\u00e1s, el entrenador argentino le firm\u00f3 una pelota.<\/p>\n\n\n\n<p>En las im\u00e1genes se pudo ver la intimidad de este tierno encuentro y los seguidores de Salvi quedaron maravillados.<\/p>\n\n\n\n<p>Y cerr\u00f3: \u201cGracias, Scaloni, por este momento, no me voy a olvidar en la vida. Te amo mucho, mucho. \u00a1Vamos Argentina!\u201d<\/p>\n","protected":false},"excerpt":{"rendered":"<p>Salvador Go\u00f1i cumpli\u00f3 el sue\u00f1o de reunirse con el entrenador de la Selecci\u00f3n argentina y cont\u00f3 todos los detalles en un tierno video. La euforia&hellip; <\/p>\n","protected":false},"author":2,"featured_media":39661,"comment_status":"open","ping_status":"open","sticky":false,"template":"","format":"standard","meta":{"footnotes":""},"categories":[13],"tags":[],"class_list":["post-39660","post","type-post","status-publish","format-standard","has-post-thumbnail","hentry","category-nacionales"],"_links":{"self":[{"href":"https:\/\/lametro989.com\/index.php?rest_route=\/wp\/v2\/posts\/39660","targetHints":{"allow":["GET"]}}],"collection":[{"href":"https:\/\/lametro989.com\/index.php?rest_route=\/wp\/v2\/posts"}],"about":[{"href":"https:\/\/lametro989.com\/index.php?rest_route=\/wp\/v2\/types\/post"}],"author":[{"embeddable":true,"href":"https:\/\/lametro989.com\/index.php?rest_route=\/wp\/v2\/users\/2"}],"replies":[{"embeddable":true,"href":"https:\/\/lametro989.com\/index.php?rest_route=%2Fwp%2Fv2%2Fcomments&post=39660"}],"version-history":[{"count":1,"href":"https:\/\/lametro989.com\/index.php?rest_route=\/wp\/v2\/posts\/39660\/revisions"}],"predecessor-version":[{"id":39662,"href":"https:\/\/lametro989.com\/index.php?rest_route=\/wp\/v2\/posts\/39660\/revisions\/39662"}],"wp:featuredmedia":[{"embeddable":true,"href":"https:\/\/lametro989.com\/index.php?rest_route=\/wp\/v2\/media\/39661"}],"wp:attachment":[{"href":"https:\/\/lametro989.com\/index.php?rest_route=%2Fwp%2Fv2%2Fmedia&parent=39660"}],"wp:term":[{"taxonomy":"category","embeddable":true,"href":"https:\/\/lametro989.com\/index.php?rest_route=%2Fwp%2Fv2%2Fcategories&post=39660"},{"taxonomy":"post_tag","embeddable":true,"href":"https:\/\/lametro989.com\/index.php?rest_route=%2Fwp%2Fv2%2Ftags&post=39660"}],"curies":[{"name":"wp","href":"https:\/\/api.w.org\/{rel}","templated":true}]}}