{"id":39663,"date":"2026-04-29T07:59:25","date_gmt":"2026-04-29T10:59:25","guid":{"rendered":"https:\/\/lametro989.com\/?p=39663"},"modified":"2026-04-29T08:00:12","modified_gmt":"2026-04-29T11:00:12","slug":"hospital-perrando-del-dolor-abdominal-al-parto-la-investigacion-del-abuso-a-una-nina-de-12-anos","status":"publish","type":"post","link":"https:\/\/lametro989.com\/?p=39663","title":{"rendered":"Hospital Perrando: Del dolor abdominal al parto: la investigaci\u00f3n del abuso a una ni\u00f1a de 12 a\u00f1os"},"content":{"rendered":"\n<p>La menor lleg\u00f3 al hospital con dolor abdominal y, tras los estudios, los m\u00e9dicos determinaron que cursaba un &#8220;embarazo avanzado&#8221;. Adem\u00e1s, se\u00f1alaron que hubo una situaci\u00f3n de &#8220;tensi\u00f3n&#8221; al informarle a la madre que la ni\u00f1a necesitaba una ces\u00e1rea.<\/p>\n\n\n\n<figure class=\"wp-block-image size-full\"><img loading=\"lazy\" decoding=\"async\" width=\"850\" height=\"551\" src=\"https:\/\/lametro989.com\/wp-content\/uploads\/2026\/04\/image-312.png\" alt=\"\" class=\"wp-image-39664\" srcset=\"https:\/\/lametro989.com\/wp-content\/uploads\/2026\/04\/image-312.png 850w, https:\/\/lametro989.com\/wp-content\/uploads\/2026\/04\/image-312-300x194.png 300w, https:\/\/lametro989.com\/wp-content\/uploads\/2026\/04\/image-312-768x498.png 768w\" sizes=\"auto, (max-width: 850px) 100vw, 850px\" \/><\/figure>\n\n\n\n<p>Un caso gener\u00f3 alarma en el Hospital Perrando cuando una ni\u00f1a de 12 a\u00f1os dio a luz. La menor hab\u00eda ingresado acompa\u00f1ada por su madre, quien luego fue detenida acusada de encubrir un abuso sexual. La Justicia inici\u00f3 una investigaci\u00f3n para determinar su responsabilidad en el delito de &#8220;supuesto encubrimiento agravado&#8221;.<\/p>\n\n\n\n<p>De acuerdo a fuentes policiales, todo comenz\u00f3 el domingo pasado, cuando la ni\u00f1a lleg\u00f3 al hospital por un dolor abdominal. Tras ser examinada, los m\u00e9dicos constataron que cursaba un &#8220;embarazo avanzado&#8221;, seg\u00fan explic\u00f3 la directora Andrea Mayol.<ins><\/ins><\/p>\n\n\n\n<p>Ante esta situaci\u00f3n, el personal activ\u00f3 el protocolo por posibles casos de abuso. El Equipo Fiscal N\u00b06 tom\u00f3 intervenci\u00f3n y dispuso la detenci\u00f3n de la madre, de 30 a\u00f1os.<\/p>\n\n\n\n<figure class=\"wp-block-image\"><img decoding=\"async\" src=\"https:\/\/www.diariotag.com\/content\/bucket\/5\/307225w790h485c.jpg.webp\" alt=\"\"\/><figcaption class=\"wp-element-caption\">Detuvieron a una madre que habr\u00eda ocultado un abuso a su hija de 12 a\u00f1os<\/figcaption><\/figure>\n\n\n\n<p>Seg\u00fan indic\u00f3 la titular del hospital, &#8220;hubo una situaci\u00f3n de tensi\u00f3n y negativa&#8221; por parte de la mujer al comunicarle que la ni\u00f1a estaba embarazada.<\/p>\n\n\n\n<h2 class=\"wp-block-heading\">ESTUDIOS M\u00c9DICOS<\/h2>\n\n\n\n<p>Los primeros estudios incluyeron un monitoreo que detect\u00f3 signos de &#8220;sufrimiento fetal&#8221;, por lo que se decidi\u00f3 realizar una ces\u00e1rea.<\/p>\n\n\n\n<p>Sobre el reci\u00e9n nacido, la m\u00e9dica se\u00f1al\u00f3 que ten\u00eda un peso adecuado, aunque permanece bajo resguardo en neonatolog\u00eda &#8220;hasta que se defina la parte legal y el resguardo tutelar&#8221;.<\/p>\n\n\n\n<p>Adem\u00e1s, se dio intervenci\u00f3n a la l\u00ednea 102, encargada de &#8220;asegurar&#8221; la protecci\u00f3n de ambos menores.&nbsp;<strong>&#8220;Hicimos la denuncia policial ya que, por protocolo, se considera v\u00edctima de presunto abuso a toda ni\u00f1a embarazada menor a 14 a\u00f1os, por lo que activamos la alerta&#8221;.<\/strong><\/p>\n\n\n\n<p>Tambi\u00e9n precis\u00f3 que la menor &#8220;al momento de ingresar al hospital se encontraba en un estado aparentemente sano. Se le realizaron los laboratorios que deber\u00edan verse en el control prenatal, y ahora est\u00e1n trabajando la parte de contenci\u00f3n, acompa\u00f1amiento y dem\u00e1s por parte del equipo de obstetricia como del servicio de adolescencia&#8221;.<\/p>\n\n\n\n<p>Por \u00faltimo, remarc\u00f3 que &#8220;no es frecuente que ingresen embarazos a tan temprana edad, es el m\u00ednimo porcentaje y en general est\u00e1n vinculados a situaciones de abuso&#8221;.<ins><\/ins><\/p>\n\n\n\n<p><\/p>\n","protected":false},"excerpt":{"rendered":"<p>La menor lleg\u00f3 al hospital con dolor abdominal y, tras los estudios, los m\u00e9dicos determinaron que cursaba un &#8220;embarazo avanzado&#8221;. Adem\u00e1s, se\u00f1alaron que hubo una&hellip; <\/p>\n","protected":false},"author":2,"featured_media":39664,"comment_status":"open","ping_status":"open","sticky":false,"template":"","format":"standard","meta":{"footnotes":""},"categories":[9,2],"tags":[],"class_list":["post-39663","post","type-post","status-publish","format-standard","has-post-thumbnail","hentry","category-destacadas","category-provinciales"],"_links":{"self":[{"href":"https:\/\/lametro989.com\/index.php?rest_route=\/wp\/v2\/posts\/39663","targetHints":{"allow":["GET"]}}],"collection":[{"href":"https:\/\/lametro989.com\/index.php?rest_route=\/wp\/v2\/posts"}],"about":[{"href":"https:\/\/lametro989.com\/index.php?rest_route=\/wp\/v2\/types\/post"}],"author":[{"embeddable":true,"href":"https:\/\/lametro989.com\/index.php?rest_route=\/wp\/v2\/users\/2"}],"replies":[{"embeddable":true,"href":"https:\/\/lametro989.com\/index.php?rest_route=%2Fwp%2Fv2%2Fcomments&post=39663"}],"version-history":[{"count":1,"href":"https:\/\/lametro989.com\/index.php?rest_route=\/wp\/v2\/posts\/39663\/revisions"}],"predecessor-version":[{"id":39665,"href":"https:\/\/lametro989.com\/index.php?rest_route=\/wp\/v2\/posts\/39663\/revisions\/39665"}],"wp:featuredmedia":[{"embeddable":true,"href":"https:\/\/lametro989.com\/index.php?rest_route=\/wp\/v2\/media\/39664"}],"wp:attachment":[{"href":"https:\/\/lametro989.com\/index.php?rest_route=%2Fwp%2Fv2%2Fmedia&parent=39663"}],"wp:term":[{"taxonomy":"category","embeddable":true,"href":"https:\/\/lametro989.com\/index.php?rest_route=%2Fwp%2Fv2%2Fcategories&post=39663"},{"taxonomy":"post_tag","embeddable":true,"href":"https:\/\/lametro989.com\/index.php?rest_route=%2Fwp%2Fv2%2Ftags&post=39663"}],"curies":[{"name":"wp","href":"https:\/\/api.w.org\/{rel}","templated":true}]}}